{"id":21602,"date":"2023-12-06T20:20:23","date_gmt":"2023-12-07T02:20:23","guid":{"rendered":"https:\/\/noticiasveracruz.com\/?p=21602"},"modified":"2023-12-06T20:20:23","modified_gmt":"2023-12-07T02:20:23","slug":"sesiono-el-consejo-de-seguridad-publica-municipal-y-comite-de-participacion-ciudadana-y-el-consejo-de-proteccion-civil","status":"publish","type":"post","link":"https:\/\/noticiasveracruz.com\/index.php\/2023\/12\/06\/sesiono-el-consejo-de-seguridad-publica-municipal-y-comite-de-participacion-ciudadana-y-el-consejo-de-proteccion-civil\/","title":{"rendered":"Sesion\u00f3 el Consejo de Seguridad P\u00fablica Municipal y Comit\u00e9 de Participaci\u00f3n Ciudadana y el Consejo de Protecci\u00f3n Civil"},"content":{"rendered":"<p><span style=\"font-size: 14pt;\">Tuxpan, Ver., 6 diciembre 2023.- Esta tarde sesionaron el Consejo de Seguridad P\u00fablica Municipal y Comit\u00e9 de Participaci\u00f3n Ciudadana, y el Consejo de Protecci\u00f3n Civil, donde se presentaron los informes finales de cada uno de ellos.<\/span><\/p>\n<p><span style=\"font-size: 14pt;\">En los balances se informaron los resultados de las diversas acciones en materia de Seguridad P\u00fablica y Protecci\u00f3n Civil, en los que tambi\u00e9n participa la sociedad civil de manera coordinada con los tres niveles de gobierno.<\/span><\/p>\n<p><span style=\"font-size: 14pt;\">Las dos sesiones estuvieron encabezadas por el alcalde Jos\u00e9 Manuel Pozos Castro; vicealmirante C.G. DEM. Juan Carlos Vera Salinas, comandante de la 5\u00aa Zona Naval; Cap. de Nav\u00edo Andr\u00e9s Cano, jefe de Estado Mayor Accidental de la Brigaingo; Cap. segundo de Infanter\u00eda Jorge Omar Monter Pacheco, en representaci\u00f3n del 39\u00ba Batall\u00f3n de Infanter\u00eda; oficial Alonso Aguilar Ram\u00edrez, en representaci\u00f3n de la 171\u00aa Compa\u00f1\u00eda de la Guardia Nacional.<\/span><\/p>\n<p><span style=\"font-size: 14pt;\">Polic\u00eda Emmanuel Rosales Huerta, delegado de la Regi\u00f3n ll Tuxpan, Fuerza Civil; regidor Amado Guti\u00e9rrez Lima, comisionado en Polic\u00eda y Prevenci\u00f3n del Delito; Cap. de Fragata I.M.P. Guillermo Al\u00e1n V\u00e1zquez Guti\u00e9rrez, secretario de Seguridad P\u00fablica Municipal; Tte. de Nav\u00edo I.M.P. Raymundo Torres Cruz, director de Polic\u00eda Municipal; Lic. Jos\u00e9 Armando Huesca Ovando, secretario del H. Ayuntamiento.<\/span><\/p>\n<p><span style=\"font-size: 14pt;\">As\u00ed mismo, la Lic. Pamela Morales Huesca, presidenta del DIF Tuxpan; los ediles Mar\u00eda del Pilar Mart\u00ednez Matesanz, Maryanela Monroy Flores, Anah\u00ed Aguilar L\u00f3pez, Juan G\u00f3mez Garc\u00eda, Lucero Res\u00e9ndis Ambrocio, Luis Demetrio L\u00f3pez Mar\u00edn y Axel Bernal Herrera; el Lic. Aldo Hern\u00e1ndez Betancourt, director de Tr\u00e1nsito y Vialidad Municipal.<\/span><\/p>\n<p><span style=\"font-size: 14pt;\">El Lic. Jos\u00e9 Ren\u00e9 T\u00e9llez Medina, director de Protecci\u00f3n Civil y Bomberos; el Cap. Luis S\u00e1nchez Acosta, integrante del Consejo de Seguridad P\u00fablica Municipal; Ing. Ra\u00fal Pati\u00f1o Blanco, presidente de CANACO ServyTur; Salvador Cruz Bautista, presidente de CANIRAC.<\/span><\/p>\n<p><img loading=\"lazy\" decoding=\"async\" class=\"alignnone size-medium wp-image-21604\" src=\"http:\/\/noticiasveracruz.com\/wp-content\/uploads\/2023\/12\/WhatsApp-Image-2023-12-06-at-19.15.20-2-300x200.jpeg\" alt=\"\" width=\"300\" height=\"200\" srcset=\"https:\/\/noticiasveracruz.com\/wp-content\/uploads\/2023\/12\/WhatsApp-Image-2023-12-06-at-19.15.20-2-300x200.jpeg 300w, https:\/\/noticiasveracruz.com\/wp-content\/uploads\/2023\/12\/WhatsApp-Image-2023-12-06-at-19.15.20-2-1024x682.jpeg 1024w, https:\/\/noticiasveracruz.com\/wp-content\/uploads\/2023\/12\/WhatsApp-Image-2023-12-06-at-19.15.20-2-768x512.jpeg 768w, https:\/\/noticiasveracruz.com\/wp-content\/uploads\/2023\/12\/WhatsApp-Image-2023-12-06-at-19.15.20-2.jpeg 1280w\" sizes=\"auto, (max-width: 300px) 100vw, 300px\" \/><\/p>\n<p><span style=\"font-size: 14pt;\">CONSEJO DE SEGURIDAD P\u00daBLICA MUNICIPAL Y COMIT\u00c9 DE PARTICIPACI\u00d3N CIUDADANA<\/span><\/p>\n<p><span style=\"font-size: 14pt;\">En esta sesi\u00f3n se analiz\u00f3 el diagn\u00f3stico delictivo del municipio, estad\u00edsticas operativas y resultados del trabajo de la Secretar\u00eda de Seguridad P\u00fablica Municipal, correspondientes a los meses de mayo a noviembre de 2023.<\/span><\/p>\n<p><span style=\"font-size: 14pt;\">El alcalde Jos\u00e9 Manuel Pozos Castro reconoci\u00f3 a quienes conforman este Consejo y Comit\u00e9: \u201cA lo largo de este 2023, dejaron constancia de su compromiso con el bienestar de los ciudadanos\u201d.<\/span><\/p>\n<p><span style=\"font-size: 14pt;\">Se\u00f1al\u00f3 que el trabajo coordinado ha sido fundamental para salvaguardar la integridad y los derechos de las personas, as\u00ed como preservar las libertades, el orden y la paz p\u00fablicos.<\/span><\/p>\n<p><span style=\"font-size: 14pt;\">De igual manera dijo que la labor del Comit\u00e9 de Participaci\u00f3n Ciudadana ha sido enriquecedora en el seguimiento, evaluaci\u00f3n y supervisi\u00f3n de acciones, planes y programas de prevenci\u00f3n.<\/span><\/p>\n<p><span style=\"font-size: 14pt;\">El mandatario dio las gracias a la Secretar\u00eda de Marina, SEDENA, Guardia Nacional, Seguridad P\u00fablica del Estado y a todas las instituciones que coadyuvan en la seguridad ciudadana.<\/span><\/p>\n<p><span style=\"font-size: 14pt;\">Las autoridades agradecieron la confianza de la ciudadan\u00eda en las autoridades por reportar los diversos tipos de delito.<\/span><\/p>\n<p><img loading=\"lazy\" decoding=\"async\" class=\"alignnone size-medium wp-image-21605\" src=\"http:\/\/noticiasveracruz.com\/wp-content\/uploads\/2023\/12\/WhatsApp-Image-2023-12-06-at-19.15.20-300x199.jpeg\" alt=\"\" width=\"300\" height=\"199\" srcset=\"https:\/\/noticiasveracruz.com\/wp-content\/uploads\/2023\/12\/WhatsApp-Image-2023-12-06-at-19.15.20-300x199.jpeg 300w, https:\/\/noticiasveracruz.com\/wp-content\/uploads\/2023\/12\/WhatsApp-Image-2023-12-06-at-19.15.20-1024x681.jpeg 1024w, https:\/\/noticiasveracruz.com\/wp-content\/uploads\/2023\/12\/WhatsApp-Image-2023-12-06-at-19.15.20-768x511.jpeg 768w, https:\/\/noticiasveracruz.com\/wp-content\/uploads\/2023\/12\/WhatsApp-Image-2023-12-06-at-19.15.20.jpeg 1280w\" sizes=\"auto, (max-width: 300px) 100vw, 300px\" \/><\/p>\n<p><span style=\"font-size: 14pt;\">CONSEJO DE PROTECCI\u00d3N CIVIL<\/span><\/p>\n<p><span style=\"font-size: 14pt;\">En esta sesi\u00f3n se present\u00f3 el informe detallado de Protecci\u00f3n Civil en materia de prevenci\u00f3n, capacitaci\u00f3n, combate de incendios y atenci\u00f3n de emergencias.<\/span><\/p>\n<p><span style=\"font-size: 14pt;\">A la reuni\u00f3n se integraron el Capit\u00e1n de Nav\u00edo H\u00e9ctor Jacobo Hern\u00e1ndez, Capit\u00e1n de Puerto y el Ing. Francisco Anzura Antonio, en representaci\u00f3n de la Central Termoel\u00e9ctrica Tuxpan<\/span><\/p>\n<p><span style=\"font-size: 14pt;\">\u201cUna de las tareas de mayor responsabilidad en el servicio p\u00fablico, es la protecci\u00f3n civil, porque no solo se salvaguarda a las personas, sino tambi\u00e9n sus bienes y el entorno\u201d, dijo el alcalde Jos\u00e9 Manuel Pozos Castro en su mensaje.<\/span><\/p>\n<p><span style=\"font-size: 14pt;\">Destac\u00f3 que durante este a\u00f1o se ha mantenido una estrecha coordinaci\u00f3n entre los 3 niveles de gobierno, lo que permiti\u00f3 atender de manera oportuna diversas emergencias en el municipio, como grandes incendios.<\/span><\/p>\n<p><span style=\"font-size: 14pt;\">Agradeci\u00f3 la participaci\u00f3n de todos los integrantes de este Consejo en acciones firmes en favor de la cultura de la prevenci\u00f3n y la gesti\u00f3n integral de riesgos:<\/span><\/p>\n<p><span style=\"font-size: 14pt;\">\u201cMi reconocimiento a todo el personal de Protecci\u00f3n Civil y Bomberos por su alto sentido de responsabilidad y compromiso con la ciudadan\u00eda\u201d.<\/span><\/p>\n<p><span style=\"font-size: 14pt;\">La Unidad de Protecci\u00f3n Civil Municipal report\u00f3 que en este segundo a\u00f1o de la administraci\u00f3n 2022-2025 atendi\u00f3 121 quemas de basura, 27 incendios, 254 incendios de pastizales, 22 incendios de viviendas, 12 incendios de negocios, 32 reportes de perros agresivos, 21 rescate de perros y gatos, 47 reubicaciones de v\u00edboras, resguardos de 17 iguanas y 15 cocodrilos.<\/span><\/p>\n<p><span style=\"font-size: 14pt;\">De la misma manera, 117 reportes de abejas o avispas, 8 volcaduras de pipas, 14 rescates de personas en r\u00edo y playa, 7 cuerpos rescatados por sumersi\u00f3n en playa, r\u00edos y albercas, y 354 inspecciones.<\/span><\/p>\n","protected":false},"excerpt":{"rendered":"<p>Tuxpan, Ver., 6 diciembre 2023.- Esta tarde sesionaron el Consejo de Seguridad P\u00fablica Municipal y Comit\u00e9 de Participaci\u00f3n Ciudadana, y<\/p>\n","protected":false},"author":4,"featured_media":21603,"comment_status":"closed","ping_status":"closed","sticky":false,"template":"","format":"standard","meta":{"colormag_page_container_layout":"default_layout","colormag_page_sidebar_layout":"default_layout","_jetpack_memberships_contains_paid_content":false,"footnotes":"","jetpack_publicize_message":"","jetpack_publicize_feature_enabled":true,"jetpack_social_post_already_shared":true,"jetpack_social_options":{"image_generator_settings":{"template":"highway","default_image_id":0,"font":"","enabled":false},"version":2}},"categories":[356],"tags":[],"class_list":["post-21602","post","type-post","status-publish","format-standard","has-post-thumbnail","hentry","category-veracruz"],"jetpack_publicize_connections":[],"jetpack_featured_media_url":"https:\/\/noticiasveracruz.com\/wp-content\/uploads\/2023\/12\/WhatsApp-Image-2023-12-06-at-19.15.20-1.jpeg","jetpack_sharing_enabled":true,"publishpress_future_action":{"enabled":false,"date":"2026-05-07 06:55:57","action":"change-status","newStatus":"draft","terms":[],"taxonomy":"category","extraData":[]},"publishpress_future_workflow_manual_trigger":{"enabledWorkflows":[]},"_links":{"self":[{"href":"https:\/\/noticiasveracruz.com\/index.php\/wp-json\/wp\/v2\/posts\/21602","targetHints":{"allow":["GET"]}}],"collection":[{"href":"https:\/\/noticiasveracruz.com\/index.php\/wp-json\/wp\/v2\/posts"}],"about":[{"href":"https:\/\/noticiasveracruz.com\/index.php\/wp-json\/wp\/v2\/types\/post"}],"author":[{"embeddable":true,"href":"https:\/\/noticiasveracruz.com\/index.php\/wp-json\/wp\/v2\/users\/4"}],"replies":[{"embeddable":true,"href":"https:\/\/noticiasveracruz.com\/index.php\/wp-json\/wp\/v2\/comments?post=21602"}],"version-history":[{"count":0,"href":"https:\/\/noticiasveracruz.com\/index.php\/wp-json\/wp\/v2\/posts\/21602\/revisions"}],"wp:featuredmedia":[{"embeddable":true,"href":"https:\/\/noticiasveracruz.com\/index.php\/wp-json\/wp\/v2\/media\/21603"}],"wp:attachment":[{"href":"https:\/\/noticiasveracruz.com\/index.php\/wp-json\/wp\/v2\/media?parent=21602"}],"wp:term":[{"taxonomy":"category","embeddable":true,"href":"https:\/\/noticiasveracruz.com\/index.php\/wp-json\/wp\/v2\/categories?post=21602"},{"taxonomy":"post_tag","embeddable":true,"href":"https:\/\/noticiasveracruz.com\/index.php\/wp-json\/wp\/v2\/tags?post=21602"}],"curies":[{"name":"wp","href":"https:\/\/api.w.org\/{rel}","templated":true}]}}