{"id":21595,"date":"2023-12-06T17:05:30","date_gmt":"2023-12-06T23:05:30","guid":{"rendered":"https:\/\/noticiasveracruz.com\/?p=21595"},"modified":"2023-12-06T17:05:30","modified_gmt":"2023-12-06T23:05:30","slug":"inicia-el-torneo-juvenil-sub-20","status":"publish","type":"post","link":"https:\/\/noticiasveracruz.com\/index.php\/2023\/12\/06\/inicia-el-torneo-juvenil-sub-20\/","title":{"rendered":"INICIA EL TORNEO JUVENIL SUB-20"},"content":{"rendered":"<p><span style=\"font-size: 14pt;\">ESTE JUEVES 7 DE DICIEMBRE, A LAS 10:00 DE LA MA\u00d1ANA, INICIA EL TORNEO JUVENIL SUB-20, EN EL ESTADIO \u201cPEPE BACHE\u201d. SE CONTAR\u00c1 CON LA PRESENCIA DE SCOUTS DE LAS GRANDES LIGAS<\/span><\/p>\n<p><img loading=\"lazy\" decoding=\"async\" class=\"alignnone size-medium wp-image-21597\" src=\"http:\/\/noticiasveracruz.com\/wp-content\/uploads\/2023\/12\/WhatsApp-Image-2023-12-06-at-14.04.46-300x300.jpeg\" alt=\"\" width=\"300\" height=\"300\" srcset=\"https:\/\/noticiasveracruz.com\/wp-content\/uploads\/2023\/12\/WhatsApp-Image-2023-12-06-at-14.04.46-300x300.jpeg 300w, https:\/\/noticiasveracruz.com\/wp-content\/uploads\/2023\/12\/WhatsApp-Image-2023-12-06-at-14.04.46-1024x1024.jpeg 1024w, https:\/\/noticiasveracruz.com\/wp-content\/uploads\/2023\/12\/WhatsApp-Image-2023-12-06-at-14.04.46-150x150.jpeg 150w, https:\/\/noticiasveracruz.com\/wp-content\/uploads\/2023\/12\/WhatsApp-Image-2023-12-06-at-14.04.46-768x768.jpeg 768w, https:\/\/noticiasveracruz.com\/wp-content\/uploads\/2023\/12\/WhatsApp-Image-2023-12-06-at-14.04.46.jpeg 1080w\" sizes=\"auto, (max-width: 300px) 100vw, 300px\" \/><\/p>\n<p><span style=\"font-size: 14pt;\">Con la presencia de visores de equipos profesionales como Dodgers de Los \u00c1ngeles, Medias Rojas de Boston y equipos de la Liga Mexicana como Sultanes del Monterrey y Pericos de Puebla, y j\u00f3venes de Hidalgo, Tamaulipas y Veracruz, se llevar\u00e1 a cabo el Torneo de B\u00e9isbol sub-20 en Tuxpan.<\/span><\/p>\n<p><span style=\"font-size: 14pt;\">Asiste y apoya a los j\u00f3venes de la Academia MVP Tuxpan en este torneo.<\/span><\/p>\n","protected":false},"excerpt":{"rendered":"<p>ESTE JUEVES 7 DE DICIEMBRE, A LAS 10:00 DE LA MA\u00d1ANA, INICIA EL TORNEO JUVENIL SUB-20, EN EL ESTADIO \u201cPEPE<\/p>\n","protected":false},"author":4,"featured_media":21596,"comment_status":"closed","ping_status":"closed","sticky":false,"template":"","format":"standard","meta":{"colormag_page_container_layout":"default_layout","colormag_page_sidebar_layout":"default_layout","_jetpack_memberships_contains_paid_content":false,"footnotes":"","jetpack_publicize_message":"","jetpack_publicize_feature_enabled":true,"jetpack_social_post_already_shared":true,"jetpack_social_options":{"image_generator_settings":{"template":"highway","default_image_id":0,"font":"","enabled":false},"version":2}},"categories":[356],"tags":[],"class_list":["post-21595","post","type-post","status-publish","format-standard","has-post-thumbnail","hentry","category-veracruz"],"jetpack_publicize_connections":[],"jetpack_featured_media_url":"https:\/\/noticiasveracruz.com\/wp-content\/uploads\/2023\/12\/baseball1.jpg","jetpack_sharing_enabled":true,"publishpress_future_action":{"enabled":false,"date":"2026-05-07 04:24:20","action":"change-status","newStatus":"draft","terms":[],"taxonomy":"category","extraData":[]},"publishpress_future_workflow_manual_trigger":{"enabledWorkflows":[]},"_links":{"self":[{"href":"https:\/\/noticiasveracruz.com\/index.php\/wp-json\/wp\/v2\/posts\/21595","targetHints":{"allow":["GET"]}}],"collection":[{"href":"https:\/\/noticiasveracruz.com\/index.php\/wp-json\/wp\/v2\/posts"}],"about":[{"href":"https:\/\/noticiasveracruz.com\/index.php\/wp-json\/wp\/v2\/types\/post"}],"author":[{"embeddable":true,"href":"https:\/\/noticiasveracruz.com\/index.php\/wp-json\/wp\/v2\/users\/4"}],"replies":[{"embeddable":true,"href":"https:\/\/noticiasveracruz.com\/index.php\/wp-json\/wp\/v2\/comments?post=21595"}],"version-history":[{"count":0,"href":"https:\/\/noticiasveracruz.com\/index.php\/wp-json\/wp\/v2\/posts\/21595\/revisions"}],"wp:featuredmedia":[{"embeddable":true,"href":"https:\/\/noticiasveracruz.com\/index.php\/wp-json\/wp\/v2\/media\/21596"}],"wp:attachment":[{"href":"https:\/\/noticiasveracruz.com\/index.php\/wp-json\/wp\/v2\/media?parent=21595"}],"wp:term":[{"taxonomy":"category","embeddable":true,"href":"https:\/\/noticiasveracruz.com\/index.php\/wp-json\/wp\/v2\/categories?post=21595"},{"taxonomy":"post_tag","embeddable":true,"href":"https:\/\/noticiasveracruz.com\/index.php\/wp-json\/wp\/v2\/tags?post=21595"}],"curies":[{"name":"wp","href":"https:\/\/api.w.org\/{rel}","templated":true}]}}