{"id":21591,"date":"2023-12-06T16:41:31","date_gmt":"2023-12-06T22:41:31","guid":{"rendered":"https:\/\/noticiasveracruz.com\/?p=21591"},"modified":"2023-12-06T16:41:31","modified_gmt":"2023-12-06T22:41:31","slug":"amplio-programa-de-eventos-y-actividades-con-motivo-de-la-celebracion-del-dia-del-nino-perdido","status":"publish","type":"post","link":"https:\/\/noticiasveracruz.com\/index.php\/2023\/12\/06\/amplio-programa-de-eventos-y-actividades-con-motivo-de-la-celebracion-del-dia-del-nino-perdido\/","title":{"rendered":"Amplio programa de eventos y actividades con motivo de la Celebraci\u00f3n del D\u00eda del Ni\u00f1o Perdido"},"content":{"rendered":"<p><span style=\"font-size: 14pt;\">\u2022 El recorrido de carritos comienza a las 6:00 p.m., en el Parque Reforma<\/span><\/p>\n<p><span style=\"font-size: 14pt;\">Tuxpan, Ver., 6 diciembre 2023.- El gobierno de Tuxpan y el DIF Municipal tienen preparado un programa art\u00edstico y cultural para celebrar el D\u00eda del Ni\u00f1o Perdido, este jueves 7 de diciembre.<\/span><br \/>\n<span style=\"font-size: 14pt;\">Las actividades comienzan a las 6:00 p.m. con el recorrido de carritos por la Av. Ju\u00e1rez, que inicia en el Parque Reforma hasta llegar a Presidencia Municipal.<\/span><\/p>\n<p><img loading=\"lazy\" decoding=\"async\" class=\"alignnone size-medium wp-image-21593\" src=\"http:\/\/noticiasveracruz.com\/wp-content\/uploads\/2023\/12\/WhatsApp-Image-2023-12-06-at-13.00.01-263x300.jpeg\" alt=\"\" width=\"263\" height=\"300\" srcset=\"https:\/\/noticiasveracruz.com\/wp-content\/uploads\/2023\/12\/WhatsApp-Image-2023-12-06-at-13.00.01-263x300.jpeg 263w, https:\/\/noticiasveracruz.com\/wp-content\/uploads\/2023\/12\/WhatsApp-Image-2023-12-06-at-13.00.01.jpeg 513w\" sizes=\"auto, (max-width: 263px) 100vw, 263px\" \/><\/p>\n<p><span style=\"font-size: 14pt;\">A las 7:00 p.m. se realizar\u00e1 el encendido de velitas en el Callej\u00f3n del Ni\u00f1o Perdido, y de manera simult\u00e1nea en el centro de la ciudad, colonias y comunidades del municipio.<\/span><\/p>\n<p><span style=\"font-size: 14pt;\">En la Plaza C\u00edvica, dentro del programa art\u00edstico que iniciar\u00e1 a las 7:15 p.m., las familias podr\u00e1n disfrutar de las presentaciones de Leones Marching Band, de la escuela secundaria general \u201cEmiliano Zapata\u201d, la Academia de Danza del CEA, y la narraci\u00f3n de la rese\u00f1a \u201c\u00bfc\u00f3mo surge la tradici\u00f3n del D\u00eda del Ni\u00f1o Perdido?\u201d.<\/span><\/p>\n<p><span style=\"font-size: 14pt;\">Adem\u00e1s, se llevar\u00e1 a cabo el tradicional Concurso de Carritos del D\u00eda del Ni\u00f1o Perdido, en el que los ganadores recibir\u00e1n premios en efectivo.<\/span><\/p>\n<p><span style=\"font-size: 14pt;\">Mantengamos vivas nuestras tradiciones y hagamos nuevamente que Tuxpan ilumine al mundo.<\/span><\/p>\n","protected":false},"excerpt":{"rendered":"<p>\u2022 El recorrido de carritos comienza a las 6:00 p.m., en el Parque Reforma Tuxpan, Ver., 6 diciembre 2023.- El<\/p>\n","protected":false},"author":4,"featured_media":21592,"comment_status":"closed","ping_status":"closed","sticky":false,"template":"","format":"standard","meta":{"colormag_page_container_layout":"default_layout","colormag_page_sidebar_layout":"default_layout","_jetpack_memberships_contains_paid_content":false,"footnotes":"","jetpack_publicize_message":"","jetpack_publicize_feature_enabled":true,"jetpack_social_post_already_shared":true,"jetpack_social_options":{"image_generator_settings":{"template":"highway","default_image_id":0,"font":"","enabled":false},"version":2}},"categories":[356],"tags":[],"class_list":["post-21591","post","type-post","status-publish","format-standard","has-post-thumbnail","hentry","category-veracruz"],"jetpack_publicize_connections":[],"jetpack_featured_media_url":"https:\/\/noticiasveracruz.com\/wp-content\/uploads\/2023\/12\/f1280x720-54107_185782_5050.jpeg","jetpack_sharing_enabled":true,"publishpress_future_action":{"enabled":false,"date":"2026-05-07 03:39:08","action":"change-status","newStatus":"draft","terms":[],"taxonomy":"category","extraData":[]},"publishpress_future_workflow_manual_trigger":{"enabledWorkflows":[]},"_links":{"self":[{"href":"https:\/\/noticiasveracruz.com\/index.php\/wp-json\/wp\/v2\/posts\/21591","targetHints":{"allow":["GET"]}}],"collection":[{"href":"https:\/\/noticiasveracruz.com\/index.php\/wp-json\/wp\/v2\/posts"}],"about":[{"href":"https:\/\/noticiasveracruz.com\/index.php\/wp-json\/wp\/v2\/types\/post"}],"author":[{"embeddable":true,"href":"https:\/\/noticiasveracruz.com\/index.php\/wp-json\/wp\/v2\/users\/4"}],"replies":[{"embeddable":true,"href":"https:\/\/noticiasveracruz.com\/index.php\/wp-json\/wp\/v2\/comments?post=21591"}],"version-history":[{"count":0,"href":"https:\/\/noticiasveracruz.com\/index.php\/wp-json\/wp\/v2\/posts\/21591\/revisions"}],"wp:featuredmedia":[{"embeddable":true,"href":"https:\/\/noticiasveracruz.com\/index.php\/wp-json\/wp\/v2\/media\/21592"}],"wp:attachment":[{"href":"https:\/\/noticiasveracruz.com\/index.php\/wp-json\/wp\/v2\/media?parent=21591"}],"wp:term":[{"taxonomy":"category","embeddable":true,"href":"https:\/\/noticiasveracruz.com\/index.php\/wp-json\/wp\/v2\/categories?post=21591"},{"taxonomy":"post_tag","embeddable":true,"href":"https:\/\/noticiasveracruz.com\/index.php\/wp-json\/wp\/v2\/tags?post=21591"}],"curies":[{"name":"wp","href":"https:\/\/api.w.org\/{rel}","templated":true}]}}