{"id":21573,"date":"2023-12-06T08:42:35","date_gmt":"2023-12-06T14:42:35","guid":{"rendered":"https:\/\/noticiasveracruz.com\/?p=21573"},"modified":"2023-12-06T08:42:35","modified_gmt":"2023-12-06T14:42:35","slug":"prueba-pisa-no-considera-condiciones-reales-de-labor-docente-sep","status":"publish","type":"post","link":"https:\/\/noticiasveracruz.com\/index.php\/2023\/12\/06\/prueba-pisa-no-considera-condiciones-reales-de-labor-docente-sep\/","title":{"rendered":"Prueba PISA no considera condiciones reales de labor docente: SEP"},"content":{"rendered":"<p><span style=\"font-size: 14pt;\">La Secretar\u00eda de Educaci\u00f3n P\u00fablica (SEP) asegur\u00f3 que los resultados del Programa para la Evaluaci\u00f3n Internacional de Estudiantes (PISA), publicados hoy por la Organizaci\u00f3n para la Cooperaci\u00f3n y el Desarrollo Econ\u00f3micos (OCDE), son pruebas internacionales estandarizadas que \u00abno consideran las condiciones reales en las que se desarrolla el trabajo docente\u201d.<\/span><\/p>\n<p class=\"western\"><span style=\"font-size: 14pt;\">En un posicionamiento, luego de conocerse que M\u00e9xico descendi\u00f3 en los puntajes obtenidos en matem\u00e1ticas, lectura y ciencia, indic\u00f3 que tampoco considera los procesos situados de la ense\u00f1anza y los aprendizajes en las aulas de los distintos pa\u00edses.<\/span><\/p>\n<p class=\"western\"><span style=\"font-size: 14pt;\">Asegur\u00f3 que el gobierno de la Cuarta Transformaci\u00f3n trabaja por el fortalecimiento de la escuela p\u00fablica, para \u00abbrindar una formaci\u00f3n con enfoque humanista, cient\u00edfico, con equidad e inclusi\u00f3n que favorezca el bienestar de ni\u00f1as, ni\u00f1os, adolescentes y j\u00f3venes\u201d.<\/span><\/p>\n<p class=\"western\"><span style=\"font-size: 14pt;\">Buscamos que los estudiantes, indic\u00f3 la SEP, \u00abaprendan para transformar la realidad y sean mejores ciudadanos, m\u00e1s participativos, con respeto por las libertades, la cultura de paz, la solidaridad, la independencia, la justicia y amor a la patria\u00bb.<\/span><\/p>\n<p class=\"western\"><span style=\"font-size: 14pt;\">La evaluaci\u00f3n, aplicada en abril y mayo de 2022, ocurri\u00f3 en la etapa final de la emergencia sanitaria por Covid-19, que en materia educativo implic\u00f3 para la actual administraci\u00f3n el dise\u00f1o de estrategias de atenci\u00f3n para privilegiar la seguridad y el inter\u00e9s superior de los estudiantes, \u00aby una vez que se super\u00f3 la contingencia se realizaron esfuerzos para asegurar el regreso a las aulas de ni\u00f1as, ni\u00f1os, adolescentes y j\u00f3venes, y lo conseguimos: se recuper\u00f3 el 100 por ciento de la matricula\u00bb.<\/span><\/p>\n<p class=\"western\"><span style=\"font-size: 14pt;\">La dependencia enfatiz\u00f3 que los resultados que da a conocer PISA \u00abno demuestran cambios significativos respecto a las ediciones anteriores de esta evaluaci\u00f3n. Nuestros estudiantes presentan retos en las tres \u00e1reas evaluadas: matem\u00e1ticas, espa\u00f1ol y ciencias, lo que confirma que era necesario un cambio en el modelo educativo, situaci\u00f3n que se agrav\u00f3 por la emergencia sanitaria\u00bb.<\/span><\/p>\n<p class=\"western\"><span style=\"font-size: 14pt;\">Los resultados se\u00f1alan que M\u00e9xico present\u00f3 un descenso menor en matem\u00e1ticas y lectura que el promedio de los pa\u00edses que integran la OCDE. \u00abEn el contexto en que fue realizada esta evaluaci\u00f3n, los esfuerzos realizados por las y los adolescentes y docentes reflejan la adaptabilidad de nuestro sistema educativo frente a circunstancias inusuales\u201d. Por ello, demand\u00f3 hacer un an\u00e1lisis considerando el contexto de los resultados de estas pruebas, como las condiciones socioecon\u00f3micas y culturales de cada pa\u00eds, a fin de \u00abevitar interpretaciones reduccionistas\u00bb.<\/span><\/p>\n<p class=\"western\"><span style=\"font-size: 14pt;\">La SEP destac\u00f3 que se emprendi\u00f3 un \u00abprofundo proceso de transformaci\u00f3n en su sistema educativo, con la implementaci\u00f3n del Plan de Estudio 2022 y la Nueva Escuela Mexicana. Esto implica un cambio hacia enfoques pedag\u00f3gicos innovadores, interdisciplinarios, como el aprendizaje por proyectos, incorporando todas las \u00e1reas del conocimiento, incluyendo el desarrollo de habilidades socioemocionales\u00bb.<\/span><\/p>\n<p class=\"western\"><span style=\"font-size: 14pt;\">Consider\u00f3 crucial dedicar tiempo y empe\u00f1o a la consolidaci\u00f3n de estos cambios y \u00abaplicar un modelo de evaluaci\u00f3n formativa de car\u00e1cter continuo, colectivo, incluyente y comunitario para concretar procesos de autorreflexi\u00f3n que identifiquen logros, obst\u00e1culos, retos y acciones para mejorar\u00bb.<\/span><\/p>\n","protected":false},"excerpt":{"rendered":"<p>La Secretar\u00eda de Educaci\u00f3n P\u00fablica (SEP) asegur\u00f3 que los resultados del Programa para la Evaluaci\u00f3n Internacional de Estudiantes (PISA), publicados<\/p>\n","protected":false},"author":4,"featured_media":21574,"comment_status":"closed","ping_status":"closed","sticky":false,"template":"","format":"standard","meta":{"colormag_page_container_layout":"default_layout","colormag_page_sidebar_layout":"default_layout","_jetpack_memberships_contains_paid_content":false,"footnotes":"","jetpack_publicize_message":"","jetpack_publicize_feature_enabled":true,"jetpack_social_post_already_shared":true,"jetpack_social_options":{"image_generator_settings":{"template":"highway","default_image_id":0,"font":"","enabled":false},"version":2}},"categories":[4],"tags":[],"class_list":["post-21573","post","type-post","status-publish","format-standard","has-post-thumbnail","hentry","category-nacional"],"jetpack_publicize_connections":[],"jetpack_featured_media_url":"https:\/\/noticiasveracruz.com\/wp-content\/uploads\/2023\/12\/11021627a6c9e2a.jpg","jetpack_sharing_enabled":true,"publishpress_future_action":{"enabled":false,"date":"2026-05-06 23:58:08","action":"change-status","newStatus":"draft","terms":[],"taxonomy":"category","extraData":[]},"publishpress_future_workflow_manual_trigger":{"enabledWorkflows":[]},"_links":{"self":[{"href":"https:\/\/noticiasveracruz.com\/index.php\/wp-json\/wp\/v2\/posts\/21573","targetHints":{"allow":["GET"]}}],"collection":[{"href":"https:\/\/noticiasveracruz.com\/index.php\/wp-json\/wp\/v2\/posts"}],"about":[{"href":"https:\/\/noticiasveracruz.com\/index.php\/wp-json\/wp\/v2\/types\/post"}],"author":[{"embeddable":true,"href":"https:\/\/noticiasveracruz.com\/index.php\/wp-json\/wp\/v2\/users\/4"}],"replies":[{"embeddable":true,"href":"https:\/\/noticiasveracruz.com\/index.php\/wp-json\/wp\/v2\/comments?post=21573"}],"version-history":[{"count":0,"href":"https:\/\/noticiasveracruz.com\/index.php\/wp-json\/wp\/v2\/posts\/21573\/revisions"}],"wp:featuredmedia":[{"embeddable":true,"href":"https:\/\/noticiasveracruz.com\/index.php\/wp-json\/wp\/v2\/media\/21574"}],"wp:attachment":[{"href":"https:\/\/noticiasveracruz.com\/index.php\/wp-json\/wp\/v2\/media?parent=21573"}],"wp:term":[{"taxonomy":"category","embeddable":true,"href":"https:\/\/noticiasveracruz.com\/index.php\/wp-json\/wp\/v2\/categories?post=21573"},{"taxonomy":"post_tag","embeddable":true,"href":"https:\/\/noticiasveracruz.com\/index.php\/wp-json\/wp\/v2\/tags?post=21573"}],"curies":[{"name":"wp","href":"https:\/\/api.w.org\/{rel}","templated":true}]}}