{"id":21570,"date":"2023-12-06T08:38:44","date_gmt":"2023-12-06T14:38:44","guid":{"rendered":"https:\/\/noticiasveracruz.com\/?p=21570"},"modified":"2023-12-06T08:38:44","modified_gmt":"2023-12-06T14:38:44","slug":"pegasus-no-se-adquirio-en-sexenio-de-epn-sentencia-osorio-chong","status":"publish","type":"post","link":"https:\/\/noticiasveracruz.com\/index.php\/2023\/12\/06\/pegasus-no-se-adquirio-en-sexenio-de-epn-sentencia-osorio-chong\/","title":{"rendered":"Pegasus no se adquiri\u00f3 en sexenio de EPN, sentencia Osorio Chong"},"content":{"rendered":"<p><span style=\"font-size: 14pt;\">El ex secretario de Gobernaci\u00f3n Miguel \u00c1ngel Osorio Chong insisti\u00f3 en que durante su gesti\u00f3n no se adquiri\u00f3 el sistema de espionaje Pegasus y que no recibi\u00f3 \u00f3rdenes del expresidente Enrique Pe\u00f1a Nieto ni gir\u00f3 instrucciones para espiar a periodistas e integrantes de la sociedad civil.<\/span><\/p>\n<div id=\"article-content-tts\" class=\"nota-contenido mb-5\">\n<div id=\"content_nitf\">\n<p class=\"western\"><span style=\"font-size: 14pt;\">El senador independiente resalt\u00f3 que en el Centro de Investigaci\u00f3n y Seguridad Nacional (CISEN) se ten\u00eda un sistema diferente y se utiliz\u00f3 para espiar a criminales, una vez que un juez hubiera aprobado la medida, con el fin de tener elementos para poderlos procesar.<\/span><\/p>\n<p class=\"western\"><span style=\"font-size: 14pt;\">Osorio Chong asegur\u00f3 haber pedido que se entregara al Instituto Nacional de Transparencia, Acceso a la Informaci\u00f3n y Protecci\u00f3n de Datos Personales (INAI) la informaci\u00f3n sobre el procedimiento seguido para las escuchas, que \u201csiempre ten\u00edan el amparo de un juez\u201d, insisti\u00f3.<\/span><\/p>\n<p class=\"western\"><span style=\"font-size: 14pt;\">Entrevistado en el Senado, el ex funcionario pidi\u00f3 que se presenten pruebas sobre los planteamientos p\u00fablicos de que \u00e9l adquiri\u00f3 el sistema Pegasus y espi\u00f3 a periodistas y miembros de la sociedad civil, tema que record\u00f3, ya ha rechazado en el pasado.<\/span><\/p>\n<\/div>\n<\/div>\n<div class=\"notas-relacionadas\"><\/div>\n<div class=\"nota-tags\"><\/div>\n","protected":false},"excerpt":{"rendered":"<p>El ex secretario de Gobernaci\u00f3n Miguel \u00c1ngel Osorio Chong insisti\u00f3 en que durante su gesti\u00f3n no se adquiri\u00f3 el sistema<\/p>\n","protected":false},"author":4,"featured_media":21571,"comment_status":"closed","ping_status":"closed","sticky":false,"template":"","format":"standard","meta":{"colormag_page_container_layout":"default_layout","colormag_page_sidebar_layout":"default_layout","_jetpack_memberships_contains_paid_content":false,"footnotes":"","jetpack_publicize_message":"","jetpack_publicize_feature_enabled":true,"jetpack_social_post_already_shared":true,"jetpack_social_options":{"image_generator_settings":{"template":"highway","default_image_id":0,"font":"","enabled":false},"version":2}},"categories":[4],"tags":[],"class_list":["post-21570","post","type-post","status-publish","format-standard","has-post-thumbnail","hentry","category-nacional"],"jetpack_publicize_connections":[],"jetpack_featured_media_url":"https:\/\/noticiasveracruz.com\/wp-content\/uploads\/2023\/12\/th.jpg","jetpack_sharing_enabled":true,"publishpress_future_action":{"enabled":false,"date":"2026-05-06 22:22:20","action":"change-status","newStatus":"draft","terms":[],"taxonomy":"category","extraData":[]},"publishpress_future_workflow_manual_trigger":{"enabledWorkflows":[]},"_links":{"self":[{"href":"https:\/\/noticiasveracruz.com\/index.php\/wp-json\/wp\/v2\/posts\/21570","targetHints":{"allow":["GET"]}}],"collection":[{"href":"https:\/\/noticiasveracruz.com\/index.php\/wp-json\/wp\/v2\/posts"}],"about":[{"href":"https:\/\/noticiasveracruz.com\/index.php\/wp-json\/wp\/v2\/types\/post"}],"author":[{"embeddable":true,"href":"https:\/\/noticiasveracruz.com\/index.php\/wp-json\/wp\/v2\/users\/4"}],"replies":[{"embeddable":true,"href":"https:\/\/noticiasveracruz.com\/index.php\/wp-json\/wp\/v2\/comments?post=21570"}],"version-history":[{"count":0,"href":"https:\/\/noticiasveracruz.com\/index.php\/wp-json\/wp\/v2\/posts\/21570\/revisions"}],"wp:featuredmedia":[{"embeddable":true,"href":"https:\/\/noticiasveracruz.com\/index.php\/wp-json\/wp\/v2\/media\/21571"}],"wp:attachment":[{"href":"https:\/\/noticiasveracruz.com\/index.php\/wp-json\/wp\/v2\/media?parent=21570"}],"wp:term":[{"taxonomy":"category","embeddable":true,"href":"https:\/\/noticiasveracruz.com\/index.php\/wp-json\/wp\/v2\/categories?post=21570"},{"taxonomy":"post_tag","embeddable":true,"href":"https:\/\/noticiasveracruz.com\/index.php\/wp-json\/wp\/v2\/tags?post=21570"}],"curies":[{"name":"wp","href":"https:\/\/api.w.org\/{rel}","templated":true}]}}