{"id":21563,"date":"2023-12-06T08:31:49","date_gmt":"2023-12-06T14:31:49","guid":{"rendered":"https:\/\/noticiasveracruz.com\/?p=21563"},"modified":"2023-12-06T08:31:49","modified_gmt":"2023-12-06T14:31:49","slug":"subio-confianza-del-consumidor-1-1-puntos-en-noviembre","status":"publish","type":"post","link":"https:\/\/noticiasveracruz.com\/index.php\/2023\/12\/06\/subio-confianza-del-consumidor-1-1-puntos-en-noviembre\/","title":{"rendered":"Subi\u00f3 confianza del consumidor 1.1 puntos en noviembre"},"content":{"rendered":"<p><span style=\"font-size: 14pt;\">Tras el tropiezo de octubre, la confianza de los consumidores mexicanos fue m\u00e1s fuerte de lo esperado en noviembre, saltando a su nivel m\u00e1s alto desde principios de 2019, debido a que el sentimiento con respecto a la situaci\u00f3n futura del hogar y del pa\u00eds, as\u00ed como el de sus bolsillos, aument\u00f3 m\u00e1s de uno por ciento, revel\u00f3 el Instituto Nacional de Estad\u00edstica y Geograf\u00eda (Inegi).<\/span><\/p>\n<p><span style=\"font-size: 14pt;\">El sentimiento del mexicano, medido a trav\u00e9s del Indicador de Confianza del Consumidor (Icc), se ubic\u00f3 en 47.3 puntos en noviembre, lo que represent\u00f3 un aumento mensual de 1.1 puntos, mientras que en su comparaci\u00f3n con el mismo mes de 2022 se aceler\u00f3 a 5.2 puntos de 4.6 puntos del mes previo.<\/span><\/p>\n<p><img loading=\"lazy\" decoding=\"async\" class=\"alignnone size-medium wp-image-21564\" src=\"http:\/\/noticiasveracruz.com\/wp-content\/uploads\/2023\/12\/C-300x178.webp\" alt=\"\" width=\"300\" height=\"178\" srcset=\"https:\/\/noticiasveracruz.com\/wp-content\/uploads\/2023\/12\/C-300x178.webp 300w, https:\/\/noticiasveracruz.com\/wp-content\/uploads\/2023\/12\/C-768x455.webp 768w, https:\/\/noticiasveracruz.com\/wp-content\/uploads\/2023\/12\/C.webp 1024w\" sizes=\"auto, (max-width: 300px) 100vw, 300px\" \/><\/p>\n<p><span style=\"font-size: 14pt;\">Los datos que arroj\u00f3 la Encuesta Nacional sobre la Confianza del Consumidor a 2 mil 336 viviendas urbanas a nivel nacional, que elaboran en conjunto el Inegi y el Banco de M\u00e9xico (BdeM), reflejaron que en el onceavo mes del a\u00f1o la confianza del consumidor en M\u00e9xico avanz\u00f3 de manera mensual, impulsado por el aumento de los cinco principales componentes que lo integran, principalmente por el alza en el sentimiento del futuro de la econom\u00eda del pa\u00eds (1.5 puntos); de la del hogar (1.0 puntos) y de la posibilidad en el momento actual de los integrantes del hogar, comparadas con las de hace un a\u00f1o, para realizar compras de muebles, televisor, lavadora, otros aparatos electrodom\u00e9sticos, etc\u00e9tera (1.6 puntos).<\/span><\/p>\n<p><span style=\"font-size: 14pt;\">El que mide la situaci\u00f3n econ\u00f3mica en el momento actual de los miembros del hogar comparada con la que ten\u00edan hace 12 meses avanz\u00f3 0.5 puntos, mientras que la situaci\u00f3n econ\u00f3mica del pa\u00eds hoy en d\u00eda, comparada con la de hace 12 meses subi\u00f3 0.4 unidades.<\/span><\/p>\n<p><span style=\"font-size: 14pt;\">En su comparaci\u00f3n anual, el optimismo de los consumidores en sus hogares y en el pa\u00eds repunt\u00f3 en promedio 4.7 puntos. Mientras que su poder de compra subi\u00f3 7.5 puntos de manera anual.<\/span><\/p>\n<p><span style=\"font-size: 14pt;\">Ante el aumento del empleo en el pa\u00eds y de que la inflaci\u00f3n paulatinamente va descendiendo, toda vez que ante el cierre de 2023, los consumidores mexicanos se sintieron con optimismo hacia el futuro.<\/span><\/p>\n","protected":false},"excerpt":{"rendered":"<p>Tras el tropiezo de octubre, la confianza de los consumidores mexicanos fue m\u00e1s fuerte de lo esperado en noviembre, saltando<\/p>\n","protected":false},"author":4,"featured_media":21565,"comment_status":"closed","ping_status":"closed","sticky":false,"template":"","format":"standard","meta":{"colormag_page_container_layout":"default_layout","colormag_page_sidebar_layout":"default_layout","_jetpack_memberships_contains_paid_content":false,"footnotes":"","jetpack_publicize_message":"","jetpack_publicize_feature_enabled":true,"jetpack_social_post_already_shared":true,"jetpack_social_options":{"image_generator_settings":{"template":"highway","default_image_id":0,"font":"","enabled":false},"version":2}},"categories":[1947],"tags":[],"class_list":["post-21563","post","type-post","status-publish","format-standard","has-post-thumbnail","hentry","category-economia"],"jetpack_publicize_connections":[],"jetpack_featured_media_url":"https:\/\/noticiasveracruz.com\/wp-content\/uploads\/2023\/12\/R.jpg","jetpack_sharing_enabled":true,"publishpress_future_action":{"enabled":false,"date":"2026-05-06 20:48:13","action":"change-status","newStatus":"draft","terms":[],"taxonomy":"category","extraData":[]},"publishpress_future_workflow_manual_trigger":{"enabledWorkflows":[]},"_links":{"self":[{"href":"https:\/\/noticiasveracruz.com\/index.php\/wp-json\/wp\/v2\/posts\/21563","targetHints":{"allow":["GET"]}}],"collection":[{"href":"https:\/\/noticiasveracruz.com\/index.php\/wp-json\/wp\/v2\/posts"}],"about":[{"href":"https:\/\/noticiasveracruz.com\/index.php\/wp-json\/wp\/v2\/types\/post"}],"author":[{"embeddable":true,"href":"https:\/\/noticiasveracruz.com\/index.php\/wp-json\/wp\/v2\/users\/4"}],"replies":[{"embeddable":true,"href":"https:\/\/noticiasveracruz.com\/index.php\/wp-json\/wp\/v2\/comments?post=21563"}],"version-history":[{"count":0,"href":"https:\/\/noticiasveracruz.com\/index.php\/wp-json\/wp\/v2\/posts\/21563\/revisions"}],"wp:featuredmedia":[{"embeddable":true,"href":"https:\/\/noticiasveracruz.com\/index.php\/wp-json\/wp\/v2\/media\/21565"}],"wp:attachment":[{"href":"https:\/\/noticiasveracruz.com\/index.php\/wp-json\/wp\/v2\/media?parent=21563"}],"wp:term":[{"taxonomy":"category","embeddable":true,"href":"https:\/\/noticiasveracruz.com\/index.php\/wp-json\/wp\/v2\/categories?post=21563"},{"taxonomy":"post_tag","embeddable":true,"href":"https:\/\/noticiasveracruz.com\/index.php\/wp-json\/wp\/v2\/tags?post=21563"}],"curies":[{"name":"wp","href":"https:\/\/api.w.org\/{rel}","templated":true}]}}