{"id":21560,"date":"2023-12-06T08:26:13","date_gmt":"2023-12-06T14:26:13","guid":{"rendered":"https:\/\/noticiasveracruz.com\/?p=21560"},"modified":"2023-12-06T08:26:13","modified_gmt":"2023-12-06T14:26:13","slug":"marchan-en-guanajuato-para-exigir-justicia-por-asesinato-de-5-estudiantes","status":"publish","type":"post","link":"https:\/\/noticiasveracruz.com\/index.php\/2023\/12\/06\/marchan-en-guanajuato-para-exigir-justicia-por-asesinato-de-5-estudiantes\/","title":{"rendered":"Marchan en Guanajuato para exigir justicia por asesinato de 5 estudiantes"},"content":{"rendered":"<p><span style=\"font-size: 14pt;\">Celaya, Gto.-\u00a0Estudiantes de la Universidad Latina de M\u00e9xico y alumnos de diversas instituciones de educaci\u00f3n superior realizaron una marcha para honrar y pedir justicia por el asesinato de cinco de sus compa\u00f1eros de la carrera de medicina.<\/span><\/p>\n<p class=\"western\"><span style=\"font-size: 14pt;\">Con batas, flores y globos blancos, as\u00ed como con pancartas; unos 500 universitarios solicitaron a la Fiscal\u00eda General del Estado (FGE) arrestar a los asesinos de los hermanos Fabi\u00e1n y Virgilio Orozco Mateos; de su primo, Pedro Mateos Puente, de Jos\u00e9 Eduardo Freire Ortega y de Brayan Amoles Gasta.<\/span><\/p>\n<p class=\"western\"><span style=\"font-size: 14pt;\">\u201cSi matan a sus futuros m\u00e9dicos, \u00bfqui\u00e9n los cuidar\u00e1?\u201d, \u201cles arrancaron los sue\u00f1os y la vida\u201d, \u201csomos el coraz\u00f3n de los que nos quedaron\u201d y \u201cfalta mi mejor amigo\u201d, eran algunas de las frases plasmadas en mantas y pancartas.<\/span><\/p>\n<p class=\"western\"><span style=\"font-size: 14pt;\">La marcha inici\u00f3 afuera del Hospital General del Instituto Mexicano del Seguro Social (IMSS) y termin\u00f3 en la zona centro, frente a la presidencia municipal de Celaya.<\/span><\/p>\n<p class=\"western\"><span style=\"font-size: 14pt;\">Afuera del palacio municipal los estudiantes leyeron un pliego petitorio dirigido al presidente de M\u00e9xico, Andr\u00e9s Manuel L\u00f3pez Obrador; al gobernador de Guanajuato, Diego Sinhue Rodr\u00edguez Vallejo; al alcalde de Celaya, Francisco Javier Mendoza M\u00e1rquez; y al fiscal General, Carlos Zamarripa Aguirre.<\/span><\/p>\n<p class=\"western\"><span style=\"font-size: 14pt;\">Exigieron a los tres \u00f3rdenes de gobierno \u201cacciones concretas, transparentes y reales\u201d al problema de la inseguridad, rapidez en el esclarecimiento del multihomicidio, castigo para los asesinos, as\u00ed como seguridad para estudiantes y ciudadanos.<\/span><\/p>\n<p class=\"western\"><span style=\"font-size: 14pt;\">Tambi\u00e9n hicieron un pase de lista y posteriormente fueron recibidos por el presidente municipal, Francisco Javier Mendoza M\u00e1rquez; y por el secretario del Ayuntamiento, Jorge Luis G\u00e1mez Campos.<\/span><\/p>\n<p class=\"western\"><span style=\"font-size: 14pt;\">\u201cEn la reuni\u00f3n nos encontr\u00e1bamos varios l\u00edderes estudiantiles de la mayor\u00eda de las universidades de Celaya, les expresamos este sentir, este disgusto por lo acontecido, no solo por nuestros compa\u00f1eros, sino por los que han fallecido por los temas de inseguridad\u201d, se\u00f1al\u00f3 el estudiante de Comercio Internacional, Mario Herrera.<\/span><\/p>\n<p class=\"western\"><span style=\"font-size: 14pt;\">Revel\u00f3 que las autoridades hicieron compromisos para mejorar la seguridad de los estudiantes y de la poblaci\u00f3n de Celaya.<\/span><\/p>\n<p class=\"western\"><span style=\"font-size: 14pt;\">El secretario de Seguridad, Jes\u00fas Ignacio Rivera Peralta, se reunir\u00e1 mensualmente con representantes de los estudiantes para mejorar la vigilancia en las universidades y en la ciudad, coment\u00f3.<\/span><\/p>\n<p class=\"western\"><span style=\"font-size: 14pt;\">Lament\u00f3 que en p\u00e1ginas de Facebook est\u00e1n criminalizando a las v\u00edctimas.<\/span><\/p>\n<p class=\"western\"><span style=\"font-size: 14pt;\">\u201cNo queremos que se pierda el enfoque de que nuestros compa\u00f1eros eran cinco doctores, que hab\u00edan estudiado una parte de su vida para poder ayudar a los dem\u00e1s, no eran personas que hicieran mal\u201d, pidi\u00f3 Mario Herrera.<\/span><\/p>\n<p class=\"western\"><span style=\"font-size: 14pt;\">Sobre el sexto cuerpo encontrado en la zona donde estaba los cinco universitarios, dijo que a\u00fan no se sabe si tiene relaci\u00f3n con el multihomicidio de sus compa\u00f1eros.<\/span><\/p>\n<p class=\"western\"><span style=\"font-size: 14pt;\">\u201cLos pap\u00e1s dicen que solo saben que son cinco personas, entonces sabemos que hay un sexto, pero no sabemos si es de este caso o en un caso aislado\u201d, ventil\u00f3.<\/span><\/p>\n<p class=\"western\"><span style=\"font-size: 14pt;\">La inseguridad no terminar\u00e1 con m\u00e1s elementos de polic\u00eda o con m\u00e1s c\u00e1maras de vigilancia, se tiene que reconstruir el tejido social, consider\u00f3.<\/span><\/p>\n<p class=\"western\"><span style=\"font-size: 14pt;\">\u201cPor la situaci\u00f3n del pa\u00eds nos sentimos vulnerables todos, podemos sufrir un altercado en Celaya o en cualquier parte del pa\u00eds\u201d, sostuvo.<\/span><\/p>\n<p class=\"western\"><span style=\"font-size: 14pt;\">El presiente panista de Celaya, Javier Mendoza M\u00e1rquez, anunci\u00f3 que dar\u00e1 seguimiento al pliego petitorio de los universitarios.<\/span><\/p>\n<p class=\"western\"><span style=\"font-size: 14pt;\">El gobierno local reforzar\u00e1 los protocolos de seguridad en la periferia del plantel, mejorar\u00e1 la iluminaci\u00f3n en la zona y realizar reuniones peri\u00f3dicas de seguimiento, prometi\u00f3.<\/span><\/p>\n<p class=\"western\"><span style=\"font-size: 14pt;\">\u201cLo sentimos mucho y compartimos su dolor que es nuestro dolor tambi\u00e9n, pero tengan la seguridad de que vamos a hacer equipo con ustedes para trabajar juntos en cada uno de los temas que sean necesario entrarle\u201d, extern\u00f3 el alcalde.<\/span><\/p>\n","protected":false},"excerpt":{"rendered":"<p>Celaya, Gto.-\u00a0Estudiantes de la Universidad Latina de M\u00e9xico y alumnos de diversas instituciones de educaci\u00f3n superior realizaron una marcha para<\/p>\n","protected":false},"author":4,"featured_media":21561,"comment_status":"closed","ping_status":"closed","sticky":false,"template":"","format":"standard","meta":{"colormag_page_container_layout":"default_layout","colormag_page_sidebar_layout":"default_layout","_jetpack_memberships_contains_paid_content":false,"footnotes":"","jetpack_publicize_message":"","jetpack_publicize_feature_enabled":true,"jetpack_social_post_already_shared":true,"jetpack_social_options":{"image_generator_settings":{"template":"highway","default_image_id":0,"font":"","enabled":false},"version":2}},"categories":[145],"tags":[],"class_list":["post-21560","post","type-post","status-publish","format-standard","has-post-thumbnail","hentry","category-estados"],"jetpack_publicize_connections":[],"jetpack_featured_media_url":"https:\/\/noticiasveracruz.com\/wp-content\/uploads\/2023\/12\/M.webp","jetpack_sharing_enabled":true,"publishpress_future_action":{"enabled":false,"date":"2026-05-06 20:04:20","action":"change-status","newStatus":"draft","terms":[],"taxonomy":"category","extraData":[]},"publishpress_future_workflow_manual_trigger":{"enabledWorkflows":[]},"_links":{"self":[{"href":"https:\/\/noticiasveracruz.com\/index.php\/wp-json\/wp\/v2\/posts\/21560","targetHints":{"allow":["GET"]}}],"collection":[{"href":"https:\/\/noticiasveracruz.com\/index.php\/wp-json\/wp\/v2\/posts"}],"about":[{"href":"https:\/\/noticiasveracruz.com\/index.php\/wp-json\/wp\/v2\/types\/post"}],"author":[{"embeddable":true,"href":"https:\/\/noticiasveracruz.com\/index.php\/wp-json\/wp\/v2\/users\/4"}],"replies":[{"embeddable":true,"href":"https:\/\/noticiasveracruz.com\/index.php\/wp-json\/wp\/v2\/comments?post=21560"}],"version-history":[{"count":0,"href":"https:\/\/noticiasveracruz.com\/index.php\/wp-json\/wp\/v2\/posts\/21560\/revisions"}],"wp:featuredmedia":[{"embeddable":true,"href":"https:\/\/noticiasveracruz.com\/index.php\/wp-json\/wp\/v2\/media\/21561"}],"wp:attachment":[{"href":"https:\/\/noticiasveracruz.com\/index.php\/wp-json\/wp\/v2\/media?parent=21560"}],"wp:term":[{"taxonomy":"category","embeddable":true,"href":"https:\/\/noticiasveracruz.com\/index.php\/wp-json\/wp\/v2\/categories?post=21560"},{"taxonomy":"post_tag","embeddable":true,"href":"https:\/\/noticiasveracruz.com\/index.php\/wp-json\/wp\/v2\/tags?post=21560"}],"curies":[{"name":"wp","href":"https:\/\/api.w.org\/{rel}","templated":true}]}}