{"id":21556,"date":"2023-12-06T08:23:49","date_gmt":"2023-12-06T14:23:49","guid":{"rendered":"https:\/\/noticiasveracruz.com\/?p=21556"},"modified":"2023-12-06T08:23:49","modified_gmt":"2023-12-06T14:23:49","slug":"diputados-de-oposicion-ausentes-en-comparecencias","status":"publish","type":"post","link":"https:\/\/noticiasveracruz.com\/index.php\/2023\/12\/06\/diputados-de-oposicion-ausentes-en-comparecencias\/","title":{"rendered":"Diputados de oposici\u00f3n, ausentes en comparecencias"},"content":{"rendered":"<p><span style=\"font-size: 14pt;\">Veracruz.- Ante la ausencia de diputadas y diputados de la oposici\u00f3n en las comparecencias de titulares del gabinete estatal, el presidente de la Junta de Coordinaci\u00f3n Pol\u00edtica, Juan Javier G\u00f3mez Cazar\u00edn, advirti\u00f3 que el pr\u00f3ximo a\u00f1o la bancada de Morena buscar\u00e1 modificar el formato de ese ejercicio de rendici\u00f3n de cuentas.<\/span><\/p>\n<p><span style=\"font-size: 14pt;\">Ante medios de comunicaci\u00f3n, el legislador desaprob\u00f3 la falta de responsabilidad de quienes, debiendo asistir para cumplir con su obligaci\u00f3n como representantes populares, cuando se presentan solo hacen cuando les conviene y lo hacen para sacar raja pol\u00edtica.<\/span><\/p>\n<p><img loading=\"lazy\" decoding=\"async\" class=\"alignnone size-medium wp-image-21558\" src=\"http:\/\/noticiasveracruz.com\/wp-content\/uploads\/2023\/12\/8a1-1-300x200.jpg\" alt=\"\" width=\"300\" height=\"200\" srcset=\"https:\/\/noticiasveracruz.com\/wp-content\/uploads\/2023\/12\/8a1-1-300x200.jpg 300w, https:\/\/noticiasveracruz.com\/wp-content\/uploads\/2023\/12\/8a1-1-1024x684.jpg 1024w, https:\/\/noticiasveracruz.com\/wp-content\/uploads\/2023\/12\/8a1-1-768x513.jpg 768w, https:\/\/noticiasveracruz.com\/wp-content\/uploads\/2023\/12\/8a1-1-1536x1025.jpg 1536w, https:\/\/noticiasveracruz.com\/wp-content\/uploads\/2023\/12\/8a1-1.jpg 1600w\" sizes=\"auto, (max-width: 300px) 100vw, 300px\" \/><\/p>\n<p><span style=\"font-size: 14pt;\">Dijo entender que, por alguna raz\u00f3n importante o urgente no puedan acudir una o dos ocasiones, \u201cpero si lo ven ahorita nom\u00e1s hubo uno de este lado de la oposici\u00f3n\u201d, expres\u00f3 al t\u00e9rmino de la comparecencia del Coordinador de Comunicaci\u00f3n Social del Gobierno del Estado.<\/span><\/p>\n<p><span style=\"font-size: 14pt;\">En cuanto a modificar en la legislaci\u00f3n respectiva lo relativo a las comparecencias, indic\u00f3 que esto ser\u00eda el a\u00f1o pr\u00f3ximo, de modo que todos los integrantes de la siguiente legislatura se vean obligados a asistir porque deben cumplir su trabajo a favor del pueblo y no buscar sus intereses personales o de grupo.<\/span><\/p>\n<p><span style=\"font-size: 14pt;\">Este martes 5 de diciembre, por la ma\u00f1ana, en la comparecencia mencionada estuvieron presentes 18 diputados de un total de 50, de los cuales Jaime Enrique de la Garza Mart\u00ednez fue el \u00fanico de la oposici\u00f3n.<\/span><\/p>\n<p><span style=\"font-size: 14pt;\">Ante tal ausencia y falta de compromiso, G\u00f3mez Cazar\u00edn se\u00f1al\u00f3 que los legisladores tuvieron la oportunidad de exponer sus inquietudes y quienes no lo hicieron no quisieron servirle al pueblo. \u201cTenemos que dar resultados y trabajar para el pueblo. Un diputado trabaja para el pueblo\u201d, expres\u00f3 el l\u00edder de la bancada de Morena.<\/span><\/p>\n","protected":false},"excerpt":{"rendered":"<p>Veracruz.- Ante la ausencia de diputadas y diputados de la oposici\u00f3n en las comparecencias de titulares del gabinete estatal, el<\/p>\n","protected":false},"author":4,"featured_media":21557,"comment_status":"closed","ping_status":"closed","sticky":false,"template":"","format":"standard","meta":{"colormag_page_container_layout":"default_layout","colormag_page_sidebar_layout":"default_layout","_jetpack_memberships_contains_paid_content":false,"footnotes":"","jetpack_publicize_message":"","jetpack_publicize_feature_enabled":true,"jetpack_social_post_already_shared":true,"jetpack_social_options":{"image_generator_settings":{"template":"highway","default_image_id":0,"font":"","enabled":false},"version":2}},"categories":[356],"tags":[],"class_list":["post-21556","post","type-post","status-publish","format-standard","has-post-thumbnail","hentry","category-veracruz"],"jetpack_publicize_connections":[],"jetpack_featured_media_url":"https:\/\/noticiasveracruz.com\/wp-content\/uploads\/2023\/12\/8a-2.jpg","jetpack_sharing_enabled":true,"publishpress_future_action":{"enabled":false,"date":"2026-05-06 19:15:41","action":"change-status","newStatus":"draft","terms":[],"taxonomy":"category","extraData":[]},"publishpress_future_workflow_manual_trigger":{"enabledWorkflows":[]},"_links":{"self":[{"href":"https:\/\/noticiasveracruz.com\/index.php\/wp-json\/wp\/v2\/posts\/21556","targetHints":{"allow":["GET"]}}],"collection":[{"href":"https:\/\/noticiasveracruz.com\/index.php\/wp-json\/wp\/v2\/posts"}],"about":[{"href":"https:\/\/noticiasveracruz.com\/index.php\/wp-json\/wp\/v2\/types\/post"}],"author":[{"embeddable":true,"href":"https:\/\/noticiasveracruz.com\/index.php\/wp-json\/wp\/v2\/users\/4"}],"replies":[{"embeddable":true,"href":"https:\/\/noticiasveracruz.com\/index.php\/wp-json\/wp\/v2\/comments?post=21556"}],"version-history":[{"count":0,"href":"https:\/\/noticiasveracruz.com\/index.php\/wp-json\/wp\/v2\/posts\/21556\/revisions"}],"wp:featuredmedia":[{"embeddable":true,"href":"https:\/\/noticiasveracruz.com\/index.php\/wp-json\/wp\/v2\/media\/21557"}],"wp:attachment":[{"href":"https:\/\/noticiasveracruz.com\/index.php\/wp-json\/wp\/v2\/media?parent=21556"}],"wp:term":[{"taxonomy":"category","embeddable":true,"href":"https:\/\/noticiasveracruz.com\/index.php\/wp-json\/wp\/v2\/categories?post=21556"},{"taxonomy":"post_tag","embeddable":true,"href":"https:\/\/noticiasveracruz.com\/index.php\/wp-json\/wp\/v2\/tags?post=21556"}],"curies":[{"name":"wp","href":"https:\/\/api.w.org\/{rel}","templated":true}]}}