{"id":21521,"date":"2023-12-05T22:37:25","date_gmt":"2023-12-06T04:37:25","guid":{"rendered":"https:\/\/noticiasveracruz.com\/?p=21521"},"modified":"2023-12-05T22:37:25","modified_gmt":"2023-12-06T04:37:25","slug":"se-llevo-a-cabo-el-encendido-del-arbol-de-navidad","status":"publish","type":"post","link":"https:\/\/noticiasveracruz.com\/index.php\/2023\/12\/05\/se-llevo-a-cabo-el-encendido-del-arbol-de-navidad\/","title":{"rendered":"Se llev\u00f3 a cabo el encendido del \u00c1rbol de Navidad"},"content":{"rendered":"<p><span style=\"font-size: 14pt;\">Tuxpan, Ver.- Entre emoci\u00f3n y sonrisas, familias tuxpe\u00f1as atestiguaron la noche del lunes el encendido del \u00e1rbol de Navidad y el nacimiento, instalados en la Plaza C\u00edvica municipal.<\/span><\/p>\n<p><img loading=\"lazy\" decoding=\"async\" class=\"alignnone size-medium wp-image-21526\" src=\"http:\/\/noticiasveracruz.com\/wp-content\/uploads\/2023\/12\/WhatsApp-Image-2023-12-05-at-21.43.41-300x200.jpeg\" alt=\"\" width=\"300\" height=\"200\" srcset=\"https:\/\/noticiasveracruz.com\/wp-content\/uploads\/2023\/12\/WhatsApp-Image-2023-12-05-at-21.43.41-300x200.jpeg 300w, https:\/\/noticiasveracruz.com\/wp-content\/uploads\/2023\/12\/WhatsApp-Image-2023-12-05-at-21.43.41-1024x682.jpeg 1024w, https:\/\/noticiasveracruz.com\/wp-content\/uploads\/2023\/12\/WhatsApp-Image-2023-12-05-at-21.43.41-768x512.jpeg 768w, https:\/\/noticiasveracruz.com\/wp-content\/uploads\/2023\/12\/WhatsApp-Image-2023-12-05-at-21.43.41.jpeg 1280w\" sizes=\"auto, (max-width: 300px) 100vw, 300px\" \/><\/p>\n<p><span style=\"font-size: 14pt;\">El encargado de encender la decoraci\u00f3n alusiva a la celebraci\u00f3n navide\u00f1a fue el alcalde Jos\u00e9 Manuel Pozos Castro, quien estuvo acompa\u00f1ado por su esposa Pamela Morales Huesca, presidenta del DIF Tuxpan; el secretario de Turismo y Cultura del Estado de Veracruz, Mtro. Iv\u00e1n Mart\u00ednez Olvera.<\/span><\/p>\n<p><img loading=\"lazy\" decoding=\"async\" class=\"alignnone size-medium wp-image-21528\" src=\"http:\/\/noticiasveracruz.com\/wp-content\/uploads\/2023\/12\/WhatsApp-Image-2023-12-05-at-21.43.42-300x199.jpeg\" alt=\"\" width=\"300\" height=\"199\" srcset=\"https:\/\/noticiasveracruz.com\/wp-content\/uploads\/2023\/12\/WhatsApp-Image-2023-12-05-at-21.43.42-300x199.jpeg 300w, https:\/\/noticiasveracruz.com\/wp-content\/uploads\/2023\/12\/WhatsApp-Image-2023-12-05-at-21.43.42-1024x681.jpeg 1024w, https:\/\/noticiasveracruz.com\/wp-content\/uploads\/2023\/12\/WhatsApp-Image-2023-12-05-at-21.43.42-768x511.jpeg 768w, https:\/\/noticiasveracruz.com\/wp-content\/uploads\/2023\/12\/WhatsApp-Image-2023-12-05-at-21.43.42.jpeg 1280w\" sizes=\"auto, (max-width: 300px) 100vw, 300px\" \/><\/p>\n<p><span style=\"font-size: 14pt;\">As\u00ed mismo, el almirante C.G. DEM Julio C\u00e9sar Pescina \u00c1vila, comandante de la Fuerza Naval del Golfo; el secretario de Educaci\u00f3n del Estado de Veracruz, V\u00edctor Vargas Barrientos; la s\u00edndica Mtra. Beatriz Pi\u00f1a Vergara, la regidora Lucero Res\u00e9ndis Ambrocio y el regidor Axel Bernal Herrera.<\/span><\/p>\n<p><img loading=\"lazy\" decoding=\"async\" class=\"alignnone size-medium wp-image-21527\" src=\"http:\/\/noticiasveracruz.com\/wp-content\/uploads\/2023\/12\/WhatsApp-Image-2023-12-05-at-21.43.42-1-300x199.jpeg\" alt=\"\" width=\"300\" height=\"199\" srcset=\"https:\/\/noticiasveracruz.com\/wp-content\/uploads\/2023\/12\/WhatsApp-Image-2023-12-05-at-21.43.42-1-300x199.jpeg 300w, https:\/\/noticiasveracruz.com\/wp-content\/uploads\/2023\/12\/WhatsApp-Image-2023-12-05-at-21.43.42-1-1024x681.jpeg 1024w, https:\/\/noticiasveracruz.com\/wp-content\/uploads\/2023\/12\/WhatsApp-Image-2023-12-05-at-21.43.42-1-768x511.jpeg 768w, https:\/\/noticiasveracruz.com\/wp-content\/uploads\/2023\/12\/WhatsApp-Image-2023-12-05-at-21.43.42-1.jpeg 1280w\" sizes=\"auto, (max-width: 300px) 100vw, 300px\" \/><\/p>\n<p><span style=\"font-size: 14pt;\">Luego de encender la decoraci\u00f3n, el alcalde mencion\u00f3 que con estos adornos se busca que la poblaci\u00f3n tuxpe\u00f1a y los visitantes que llegan al municipio en estas fechas disfruten de la ciudad en las fiestas decembrinas, y que en este lugar se fomente el amor y la uni\u00f3n.<\/span><\/p>\n<p><img loading=\"lazy\" decoding=\"async\" class=\"alignnone size-medium wp-image-21525\" src=\"http:\/\/noticiasveracruz.com\/wp-content\/uploads\/2023\/12\/WhatsApp-Image-2023-12-05-at-21.43.41-4-300x199.jpeg\" alt=\"\" width=\"300\" height=\"199\" srcset=\"https:\/\/noticiasveracruz.com\/wp-content\/uploads\/2023\/12\/WhatsApp-Image-2023-12-05-at-21.43.41-4-300x199.jpeg 300w, https:\/\/noticiasveracruz.com\/wp-content\/uploads\/2023\/12\/WhatsApp-Image-2023-12-05-at-21.43.41-4-1024x681.jpeg 1024w, https:\/\/noticiasveracruz.com\/wp-content\/uploads\/2023\/12\/WhatsApp-Image-2023-12-05-at-21.43.41-4-768x511.jpeg 768w, https:\/\/noticiasveracruz.com\/wp-content\/uploads\/2023\/12\/WhatsApp-Image-2023-12-05-at-21.43.41-4.jpeg 1280w\" sizes=\"auto, (max-width: 300px) 100vw, 300px\" \/><\/p>\n<p><span style=\"font-size: 14pt;\">Por ello, invit\u00f3 a las familias a celebrar con alegr\u00eda y armon\u00eda la navidad en un ambiente de paz.<\/span><\/p>\n<p><img loading=\"lazy\" decoding=\"async\" class=\"alignnone size-medium wp-image-21523\" src=\"http:\/\/noticiasveracruz.com\/wp-content\/uploads\/2023\/12\/WhatsApp-Image-2023-12-05-at-21.43.41-2-300x199.jpeg\" alt=\"\" width=\"300\" height=\"199\" srcset=\"https:\/\/noticiasveracruz.com\/wp-content\/uploads\/2023\/12\/WhatsApp-Image-2023-12-05-at-21.43.41-2-300x199.jpeg 300w, https:\/\/noticiasveracruz.com\/wp-content\/uploads\/2023\/12\/WhatsApp-Image-2023-12-05-at-21.43.41-2-1024x681.jpeg 1024w, https:\/\/noticiasveracruz.com\/wp-content\/uploads\/2023\/12\/WhatsApp-Image-2023-12-05-at-21.43.41-2-768x511.jpeg 768w, https:\/\/noticiasveracruz.com\/wp-content\/uploads\/2023\/12\/WhatsApp-Image-2023-12-05-at-21.43.41-2.jpeg 1280w\" sizes=\"auto, (max-width: 300px) 100vw, 300px\" \/><\/p>\n<p><span style=\"font-size: 14pt;\">Tambi\u00e9n se cont\u00f3 con la presencia de distinguidas personalidades del pueblo hermano de Cuba: el coronel Ren\u00e9 Gonz\u00e1lez Barrios, director del Centro \u201cFidel Castro Ruz\u201d y representante del gobierno de Cuba en M\u00e9xico, y el embajador de Cuba en M\u00e9xico, excelent\u00edsimo Sr. Marcos Rodr\u00edguez Costa.<\/span><\/p>\n<p><img loading=\"lazy\" decoding=\"async\" class=\"alignnone size-medium wp-image-21522\" src=\"http:\/\/noticiasveracruz.com\/wp-content\/uploads\/2023\/12\/WhatsApp-Image-2023-12-05-at-21.43.41-1-300x199.jpeg\" alt=\"\" width=\"300\" height=\"199\" srcset=\"https:\/\/noticiasveracruz.com\/wp-content\/uploads\/2023\/12\/WhatsApp-Image-2023-12-05-at-21.43.41-1-300x199.jpeg 300w, https:\/\/noticiasveracruz.com\/wp-content\/uploads\/2023\/12\/WhatsApp-Image-2023-12-05-at-21.43.41-1-1024x681.jpeg 1024w, https:\/\/noticiasveracruz.com\/wp-content\/uploads\/2023\/12\/WhatsApp-Image-2023-12-05-at-21.43.41-1-768x511.jpeg 768w, https:\/\/noticiasveracruz.com\/wp-content\/uploads\/2023\/12\/WhatsApp-Image-2023-12-05-at-21.43.41-1.jpeg 1280w\" sizes=\"auto, (max-width: 300px) 100vw, 300px\" \/><\/p>\n<p>&nbsp;<\/p>\n","protected":false},"excerpt":{"rendered":"<p>Tuxpan, Ver.- Entre emoci\u00f3n y sonrisas, familias tuxpe\u00f1as atestiguaron la noche del lunes el encendido del \u00e1rbol de Navidad y<\/p>\n","protected":false},"author":4,"featured_media":21524,"comment_status":"closed","ping_status":"closed","sticky":false,"template":"","format":"standard","meta":{"colormag_page_container_layout":"default_layout","colormag_page_sidebar_layout":"default_layout","_jetpack_memberships_contains_paid_content":false,"footnotes":"","jetpack_publicize_message":"","jetpack_publicize_feature_enabled":true,"jetpack_social_post_already_shared":true,"jetpack_social_options":{"image_generator_settings":{"template":"highway","default_image_id":0,"font":"","enabled":false},"version":2}},"categories":[356],"tags":[],"class_list":["post-21521","post","type-post","status-publish","format-standard","has-post-thumbnail","hentry","category-veracruz"],"jetpack_publicize_connections":[],"jetpack_featured_media_url":"https:\/\/noticiasveracruz.com\/wp-content\/uploads\/2023\/12\/WhatsApp-Image-2023-12-05-at-21.43.41-3.jpeg","jetpack_sharing_enabled":true,"publishpress_future_action":{"enabled":false,"date":"2026-05-06 12:30:31","action":"change-status","newStatus":"draft","terms":[],"taxonomy":"category","extraData":[]},"publishpress_future_workflow_manual_trigger":{"enabledWorkflows":[]},"_links":{"self":[{"href":"https:\/\/noticiasveracruz.com\/index.php\/wp-json\/wp\/v2\/posts\/21521","targetHints":{"allow":["GET"]}}],"collection":[{"href":"https:\/\/noticiasveracruz.com\/index.php\/wp-json\/wp\/v2\/posts"}],"about":[{"href":"https:\/\/noticiasveracruz.com\/index.php\/wp-json\/wp\/v2\/types\/post"}],"author":[{"embeddable":true,"href":"https:\/\/noticiasveracruz.com\/index.php\/wp-json\/wp\/v2\/users\/4"}],"replies":[{"embeddable":true,"href":"https:\/\/noticiasveracruz.com\/index.php\/wp-json\/wp\/v2\/comments?post=21521"}],"version-history":[{"count":0,"href":"https:\/\/noticiasveracruz.com\/index.php\/wp-json\/wp\/v2\/posts\/21521\/revisions"}],"wp:featuredmedia":[{"embeddable":true,"href":"https:\/\/noticiasveracruz.com\/index.php\/wp-json\/wp\/v2\/media\/21524"}],"wp:attachment":[{"href":"https:\/\/noticiasveracruz.com\/index.php\/wp-json\/wp\/v2\/media?parent=21521"}],"wp:term":[{"taxonomy":"category","embeddable":true,"href":"https:\/\/noticiasveracruz.com\/index.php\/wp-json\/wp\/v2\/categories?post=21521"},{"taxonomy":"post_tag","embeddable":true,"href":"https:\/\/noticiasveracruz.com\/index.php\/wp-json\/wp\/v2\/tags?post=21521"}],"curies":[{"name":"wp","href":"https:\/\/api.w.org\/{rel}","templated":true}]}}