{"id":21502,"date":"2023-12-05T18:13:03","date_gmt":"2023-12-06T00:13:03","guid":{"rendered":"https:\/\/noticiasveracruz.com\/?p=21502"},"modified":"2023-12-05T18:13:03","modified_gmt":"2023-12-06T00:13:03","slug":"los-gastos-del-cde-del-pri-en-veracruz","status":"publish","type":"post","link":"https:\/\/noticiasveracruz.com\/index.php\/2023\/12\/05\/los-gastos-del-cde-del-pri-en-veracruz\/","title":{"rendered":"Los gastos del CDE del PRI en Veracruz"},"content":{"rendered":"<ul>\n<li><span style=\"font-size: 14pt;\"><strong>Se va a gastar un total de $1,226,000.00 el a\u00f1o entrante<\/strong><\/span><\/li>\n<li><span style=\"font-size: 14pt;\"><strong>En tres proyectos de Educaci\u00f3n y Capacitaci\u00f3n Pol\u00edtica<\/strong><\/span><\/li>\n<li><span style=\"font-size: 14pt;\"><strong>Para Boletines en Versi\u00f3n Digital se van a gastar $240,999.00<\/strong><\/span><\/li>\n<\/ul>\n<p><span style=\"font-size: 14pt;\"><strong>Por Miguel \u00c1ngel Cristiani G.<\/strong><\/span><\/p>\n<p><span style=\"font-size: 14pt;\">\u00bfEn qu\u00e9 gasta el Partido Revolucionario Institucional las partidas presupuestales millonarias que recibe anualmente y en especial las del a\u00f1o entrante en que es un per\u00edodo de elecciones de gubernatura y diputaciones locales?<\/span><\/p>\n<p><span style=\"font-size: 14pt;\">Como muestra un bot\u00f3n, dir\u00eda Pancho L\u00f3pez el fil\u00f3sofo ateniense xalape\u00f1o:<\/span><\/p>\n<p><span style=\"font-size: 14pt;\">Resulta que en el Programa Anual de Trabajo de Actividades Espec\u00edficas del Ejercicio 2023, el Partido Revolucionario Institucional en el estado de Veracruz, en tres proyectos de Educaci\u00f3n y Capacitaci\u00f3n Pol\u00edtica se va a gastar un total de $1,226,000.00.<\/span><\/p>\n<p><span style=\"font-size: 14pt;\">As\u00ed las cosas, en el proyecto titulado \u201cAcciones Afirmativas en un Proceso Electoral se van a gastar $238,000.00.<\/span><\/p>\n<p><span style=\"font-size: 14pt;\">En otro proyecto titulado \u201cLas Alianzas Electorales como Alternativa para los partidos pol\u00edticos\u201d se tienen presupuestados $228,000.00.<\/span><\/p>\n<p><span style=\"font-size: 14pt;\">Para el proyecto de Investigaci\u00f3n Socioecon\u00f3mica y Pol\u00edtica titulado \u201cLa Sociedad Civil y su Interacci\u00f3n Partidista\u201d se gastar\u00e1n $220,000.00.<\/span><\/p>\n<p><span style=\"font-size: 14pt;\">En los rubros de Tareas Editoriales, en el proyecto titulado Priismo, se gastar\u00e1n $300,000.00.<\/span><\/p>\n<p><span style=\"font-size: 14pt;\">En el proyecto Boletines de Divulgaci\u00f3n en Versi\u00f3n Digital \u201cPrimero Veracruz\u201d se van a gastar otros $240,999.00.<\/span><\/p>\n<p><span style=\"font-size: 14pt;\">En el proyecto denominado ACCIONES AFIRMATIVAS EN UN PROCESO ELECTORAL los objetivos, metas e indicadores son: \u201cConcientizar a la militancia priista y la sociedad en general respecto de las acciones afirmativas en favor de las personas con discapacidad y analizar el cambio de cultura para aceptar a las personas con discapacidad sean candidatos a cargos p\u00fablicos a trav\u00e9s del taller a 130 militantes de 18 a 70 a\u00f1os en cuatro municipios del estado de Veracruz, en un periodo de 2 meses.<\/span><\/p>\n<p><span style=\"font-size: 14pt;\">Pero resulta muy interesante el monto con los que se justifican los $238,000.00 que costar\u00e1 el taller.<\/span><\/p>\n<p><span style=\"font-size: 14pt;\">Por ejemplo, para la renta de cuatro locales, de a $6,500.00 suman un total de $26,000.00.<\/span><\/p>\n<p><span style=\"font-size: 14pt;\">Para la contrataci\u00f3n de 4 ponentes de a $9,000.00 se destinar\u00e1n $36,000.00.<\/span><\/p>\n<p><span style=\"font-size: 14pt;\">Para el Coffe break de a $4,000.00 cada evento suma $16,000.00 para los caf\u00e9s.<\/span><\/p>\n<p><span style=\"font-size: 14pt;\">Material did\u00e1ctico tiene una partida de $13,000.00.<\/span><\/p>\n<p><span style=\"font-size: 14pt;\">La contrataci\u00f3n de equipo de sonido tiene un costo unitario de $3,750 y pagar\u00e1n un total de $15,000.00 que con esa cantidad m\u00e1s les conven\u00eda comprar un equipazo de audio.<\/span><\/p>\n<p><span style=\"font-size: 14pt;\">Para lo que denominan \u201cGastos de Operaci\u00f3n Log\u00edstica\u201d -que quien sabe que signifiquen- destinan $14,000.00 en cada evento sumando un total de $56,000.00.<\/span><\/p>\n<p><span style=\"font-size: 14pt;\">Para alimentos -aqu\u00ed si explican que se trata de comida- tienen cuatro partidas presupuestales que dan un total de $48,000.00.<\/span><\/p>\n<p><span style=\"font-size: 14pt;\">Para la impresi\u00f3n de cuatro lonas destinar\u00e1n $12,000.00, casi casi, como si fueran grandes espectaculares.<\/span><\/p>\n<p><span style=\"font-size: 14pt;\">Y no podr\u00eda faltar el gasto de fotograf\u00edas y video por $4,000.00 que arrojan un total de $16,000.00.<\/span><\/p>\n<p><span style=\"font-size: 14pt;\">Esos gastos son solamente para el proyecto de Acciones Afirmativas en un Proceso Electoral, habr\u00e1 que desmenuzar tambi\u00e9n los \u201cotros gastos\u201d en los temas antes mencionados y que forman parte del el Programa Anual de Trabajo de Actividades Espec\u00edficas del Ejercicio 2024 del Partido Revolucionario Institucional en el Estado de Veracruz.<\/span><\/p>\n<p><span style=\"font-size: 14pt;\">Para m\u00e1s informaci\u00f3n consulta nuestra p\u00e1gina\u00a0<a href=\"https:\/\/www.xn--bitacoraspolticas-ovb.com\/\" data-saferedirecturl=\"https:\/\/www.google.com\/url?q=https:\/\/www.xn--bitacoraspolticas-ovb.com\/&amp;source=gmail&amp;ust=1701899641771000&amp;usg=AOvVaw1OXQ-JNfrFjW_7k7jbTvWQ\">https:\/\/www.xn--bitacoraspolticas-ovb.com\/<\/a><\/span><\/p>\n<p><img loading=\"lazy\" decoding=\"async\" class=\"alignnone size-medium wp-image-21503\" src=\"http:\/\/noticiasveracruz.com\/wp-content\/uploads\/2023\/12\/PARA-COLUMNA-CRISTIANI-300x179.jpg\" alt=\"\" width=\"300\" height=\"179\" srcset=\"https:\/\/noticiasveracruz.com\/wp-content\/uploads\/2023\/12\/PARA-COLUMNA-CRISTIANI-300x179.jpg 300w, https:\/\/noticiasveracruz.com\/wp-content\/uploads\/2023\/12\/PARA-COLUMNA-CRISTIANI-768x459.jpg 768w, https:\/\/noticiasveracruz.com\/wp-content\/uploads\/2023\/12\/PARA-COLUMNA-CRISTIANI.jpg 925w\" sizes=\"auto, (max-width: 300px) 100vw, 300px\" \/><\/p>\n<p><img loading=\"lazy\" decoding=\"async\" class=\"alignnone wp-image-21219 size-full\" src=\"http:\/\/noticiasveracruz.com\/wp-content\/uploads\/2023\/12\/FIRMA-EDITORIAL-PD.jpg\" alt=\"\" width=\"1024\" height=\"125\" srcset=\"https:\/\/noticiasveracruz.com\/wp-content\/uploads\/2023\/12\/FIRMA-EDITORIAL-PD.jpg 1024w, https:\/\/noticiasveracruz.com\/wp-content\/uploads\/2023\/12\/FIRMA-EDITORIAL-PD-300x37.jpg 300w, https:\/\/noticiasveracruz.com\/wp-content\/uploads\/2023\/12\/FIRMA-EDITORIAL-PD-768x94.jpg 768w\" sizes=\"auto, (max-width: 1024px) 100vw, 1024px\" \/><\/p>\n","protected":false},"excerpt":{"rendered":"<p>Se va a gastar un total de $1,226,000.00 el a\u00f1o entrante En tres proyectos de Educaci\u00f3n y Capacitaci\u00f3n Pol\u00edtica Para<\/p>\n","protected":false},"author":4,"featured_media":3280,"comment_status":"closed","ping_status":"closed","sticky":false,"template":"","format":"standard","meta":{"colormag_page_container_layout":"default_layout","colormag_page_sidebar_layout":"default_layout","_jetpack_memberships_contains_paid_content":false,"footnotes":"","jetpack_publicize_message":"","jetpack_publicize_feature_enabled":true,"jetpack_social_post_already_shared":true,"jetpack_social_options":{"image_generator_settings":{"template":"highway","default_image_id":0,"font":"","enabled":false},"version":2}},"categories":[6],"tags":[],"class_list":["post-21502","post","type-post","status-publish","format-standard","has-post-thumbnail","hentry","category-columnistas"],"jetpack_publicize_connections":[],"jetpack_featured_media_url":"https:\/\/noticiasveracruz.com\/wp-content\/uploads\/2022\/04\/NV-MIGUEL-A\u0301NGEL-CRISTIANI.png","jetpack_sharing_enabled":true,"publishpress_future_action":{"enabled":false,"date":"2026-05-06 10:24:36","action":"change-status","newStatus":"draft","terms":[],"taxonomy":"category","extraData":[]},"publishpress_future_workflow_manual_trigger":{"enabledWorkflows":[]},"_links":{"self":[{"href":"https:\/\/noticiasveracruz.com\/index.php\/wp-json\/wp\/v2\/posts\/21502","targetHints":{"allow":["GET"]}}],"collection":[{"href":"https:\/\/noticiasveracruz.com\/index.php\/wp-json\/wp\/v2\/posts"}],"about":[{"href":"https:\/\/noticiasveracruz.com\/index.php\/wp-json\/wp\/v2\/types\/post"}],"author":[{"embeddable":true,"href":"https:\/\/noticiasveracruz.com\/index.php\/wp-json\/wp\/v2\/users\/4"}],"replies":[{"embeddable":true,"href":"https:\/\/noticiasveracruz.com\/index.php\/wp-json\/wp\/v2\/comments?post=21502"}],"version-history":[{"count":0,"href":"https:\/\/noticiasveracruz.com\/index.php\/wp-json\/wp\/v2\/posts\/21502\/revisions"}],"wp:featuredmedia":[{"embeddable":true,"href":"https:\/\/noticiasveracruz.com\/index.php\/wp-json\/wp\/v2\/media\/3280"}],"wp:attachment":[{"href":"https:\/\/noticiasveracruz.com\/index.php\/wp-json\/wp\/v2\/media?parent=21502"}],"wp:term":[{"taxonomy":"category","embeddable":true,"href":"https:\/\/noticiasveracruz.com\/index.php\/wp-json\/wp\/v2\/categories?post=21502"},{"taxonomy":"post_tag","embeddable":true,"href":"https:\/\/noticiasveracruz.com\/index.php\/wp-json\/wp\/v2\/tags?post=21502"}],"curies":[{"name":"wp","href":"https:\/\/api.w.org\/{rel}","templated":true}]}}