{"id":21484,"date":"2023-12-05T15:59:05","date_gmt":"2023-12-05T21:59:05","guid":{"rendered":"https:\/\/noticiasveracruz.com\/?p=21484"},"modified":"2023-12-05T15:59:05","modified_gmt":"2023-12-05T21:59:05","slug":"economia-mexicana-muestra-una-desaceleracion","status":"publish","type":"post","link":"https:\/\/noticiasveracruz.com\/index.php\/2023\/12\/05\/economia-mexicana-muestra-una-desaceleracion\/","title":{"rendered":"Econom\u00eda mexicana muestra una desaceleraci\u00f3n"},"content":{"rendered":"<p><span style=\"font-size: 14pt;\">La econom\u00eda mexicana ha desacelerado en los \u00faltimos tres meses del a\u00f1o. Parte de la ralentizaci\u00f3n de la actividad est\u00e1 relacionada con el paso del hurac\u00e1n <em>Otis<\/em>, en Guerrero, dio a conocer Iv\u00e1n Arias, director de estudios econ\u00f3micos de Citibanamex.<\/span><\/p>\n<p><span style=\"font-size: 14pt;\">\u201cDesde el cuarto trimestre ya hay un menor crecimiento econ\u00f3mico, por un lado las exportaciones siguen desaceler\u00e1ndose, vimos el dato de pedidos manufactureros del mes de octubre, tambi\u00e9n muestra todav\u00eda una debilidad, por segundo mes consecutivo, vemos una desaceleraci\u00f3n del empleo y sumados estos factores a los efectos del hurac\u00e1n <em>Otis<\/em>, es que es estimamos una desaceleraci\u00f3n al cuarto trimestre un crecimiento trimestral de 0.3 por ciento\u201d, dijo el economista.<\/span><\/p>\n<p><span style=\"font-size: 14pt;\">Arias detall\u00f3 que la actividad econ\u00f3mica en Guerrero tendr\u00e1 una contracci\u00f3n de dos por ciento a lo largo de este a\u00f1o, aunque ello no tendr\u00e1 un gran impacto sobre el dinamismo del pa\u00eds, ya que se espera un crecimiento del PIB de 3.3 por ciento.<\/span><\/p>\n<p><span style=\"font-size: 14pt;\">A su vez, plante\u00f3, durante los primeros meses de 2024 el crecimiento de la actividad ser\u00e1 m\u00e1s notorio debido a que la administraci\u00f3n del presidente Andr\u00e9s Manuel L\u00f3pez Obrador meter\u00e1 el acelerador para concluir las obras prioritarias, como lo es el Tren Maya; sin embargo, una vez que termine el sexenio, el dinamismo ser\u00e1 menor.<\/span><\/p>\n<p><span style=\"font-size: 14pt;\">\u201cLa inversi\u00f3n p\u00fablica se va a mantener bastante elevada la primera mitad del a\u00f1o, claramente la administraci\u00f3n quiere entregar sus obras antes de que termine el sexenio, este sexenio va a terminar en septiembre y entonces van a esforzarse terminar entregar esas obras de infraestructura\u201d, mencion\u00f3.<\/span><\/p>\n<p><span style=\"font-size: 14pt;\">\u201cPara la segunda mitad del a\u00f1o, ya una vez pasado este esfuerzo, la inversi\u00f3n p\u00fablica caer\u00eda en cierta medida, la inversi\u00f3n privada tambi\u00e9n se desacelerar\u00e1, por un lado, por el tema de altas tasas de inter\u00e9s y por otro debido a un tema de cautela en las decisiones de inversi\u00f3n de parte de las empresas por factores de incertidumbre\u201d, agreg\u00f3 Arias.<\/span><\/p>\n<p><span style=\"font-size: 14pt;\">Los temas que pausar\u00e1n las inversiones ser\u00e1n la desaceleraci\u00f3n de la econom\u00eda estadunidense y el proceso electoral en M\u00e9xico y Estados Unidos.<\/span><\/p>\n<p><span style=\"font-size: 14pt;\">Por otra parte, Citibanamex inform\u00f3 que se anticipa que la inflaci\u00f3n en M\u00e9xico concluya el a\u00f1o en un nivel de 4.7 por ciento y el siguiente disminuya a 4.3 por ciento, incluso, ser\u00eda en marzo cuando el Banco de M\u00e9xico (BdeM) comience a hacer recortes a la tasa de referencia, que actualmente se mantiene en su m\u00e1ximo hist\u00f3rico de 11.25 por ciento.<\/span><\/p>\n<p><span style=\"font-size: 14pt;\">\u201cBanco de M\u00e9xico pudiera empezar a recortar la tasa de inter\u00e9s tan pronto como en marzo, con una inflaci\u00f3n subyacente por debajo del cinco por ciento y con una desaceleraci\u00f3n de la actividad econ\u00f3mica; empezar\u00e1 con cautela, recortes de 25 puntos base en la primera mitad del a\u00f1o, y luego habr\u00eda espacio para recortes de 50 puntos, con lo que culminar\u00eda en 8.5 por ciento la tasa\u201d, a\u00f1adi\u00f3 el economista de Citibanamex.<\/span><\/p>\n","protected":false},"excerpt":{"rendered":"<p>La econom\u00eda mexicana ha desacelerado en los \u00faltimos tres meses del a\u00f1o. Parte de la ralentizaci\u00f3n de la actividad est\u00e1<\/p>\n","protected":false},"author":4,"featured_media":21485,"comment_status":"closed","ping_status":"closed","sticky":false,"template":"","format":"standard","meta":{"colormag_page_container_layout":"default_layout","colormag_page_sidebar_layout":"default_layout","_jetpack_memberships_contains_paid_content":false,"footnotes":"","jetpack_publicize_message":"","jetpack_publicize_feature_enabled":true,"jetpack_social_post_already_shared":true,"jetpack_social_options":{"image_generator_settings":{"template":"highway","default_image_id":0,"font":"","enabled":false},"version":2}},"categories":[1947],"tags":[],"class_list":["post-21484","post","type-post","status-publish","format-standard","has-post-thumbnail","hentry","category-economia"],"jetpack_publicize_connections":[],"jetpack_featured_media_url":"https:\/\/noticiasveracruz.com\/wp-content\/uploads\/2023\/12\/citibanamex.jpg","jetpack_sharing_enabled":true,"publishpress_future_action":{"enabled":false,"date":"2026-05-06 09:42:12","action":"change-status","newStatus":"draft","terms":[],"taxonomy":"category","extraData":[]},"publishpress_future_workflow_manual_trigger":{"enabledWorkflows":[]},"_links":{"self":[{"href":"https:\/\/noticiasveracruz.com\/index.php\/wp-json\/wp\/v2\/posts\/21484","targetHints":{"allow":["GET"]}}],"collection":[{"href":"https:\/\/noticiasveracruz.com\/index.php\/wp-json\/wp\/v2\/posts"}],"about":[{"href":"https:\/\/noticiasveracruz.com\/index.php\/wp-json\/wp\/v2\/types\/post"}],"author":[{"embeddable":true,"href":"https:\/\/noticiasveracruz.com\/index.php\/wp-json\/wp\/v2\/users\/4"}],"replies":[{"embeddable":true,"href":"https:\/\/noticiasveracruz.com\/index.php\/wp-json\/wp\/v2\/comments?post=21484"}],"version-history":[{"count":0,"href":"https:\/\/noticiasveracruz.com\/index.php\/wp-json\/wp\/v2\/posts\/21484\/revisions"}],"wp:featuredmedia":[{"embeddable":true,"href":"https:\/\/noticiasveracruz.com\/index.php\/wp-json\/wp\/v2\/media\/21485"}],"wp:attachment":[{"href":"https:\/\/noticiasveracruz.com\/index.php\/wp-json\/wp\/v2\/media?parent=21484"}],"wp:term":[{"taxonomy":"category","embeddable":true,"href":"https:\/\/noticiasveracruz.com\/index.php\/wp-json\/wp\/v2\/categories?post=21484"},{"taxonomy":"post_tag","embeddable":true,"href":"https:\/\/noticiasveracruz.com\/index.php\/wp-json\/wp\/v2\/tags?post=21484"}],"curies":[{"name":"wp","href":"https:\/\/api.w.org\/{rel}","templated":true}]}}