{"id":21481,"date":"2023-12-05T12:14:34","date_gmt":"2023-12-05T18:14:34","guid":{"rendered":"https:\/\/noticiasveracruz.com\/?p=21481"},"modified":"2023-12-05T12:14:34","modified_gmt":"2023-12-05T18:14:34","slug":"juan-pablo-adame-senador-suplente-del-pan-fallece-victima-del-cancer","status":"publish","type":"post","link":"https:\/\/noticiasveracruz.com\/index.php\/2023\/12\/05\/juan-pablo-adame-senador-suplente-del-pan-fallece-victima-del-cancer\/","title":{"rendered":"Juan Pablo Adame, senador suplente del PAN, fallece v\u00edctima del c\u00e1ncer"},"content":{"rendered":"<p><span style=\"font-size: 14pt;\">El senador suplente del PAN, Juan Pablo Adame, falleci\u00f3 hoy victima de c\u00e1ncer, inform\u00f3 su padre Marco Adame, ex gobernador de Morelos.<\/span><\/p>\n<p class=\"western\"><span style=\"font-size: 14pt;\">El ex mandatario escribi\u00f3 en su cuenta en la red social X: \u201cCon profundo dolor y esperanza en la vida eterna, unido a su familia, a mi esposa y a mis hijos les comparto que mi hijo Juan Pablo Adame descansa en paz. Damos gracias a Dios por su vida, #UnaVidaBienVivida. Nos encomendamos a sus oraciones\u201d.<\/span><\/p>\n<p class=\"western\"><span style=\"font-size: 14pt;\">Juan Pablo Adame, de 38 a\u00f1os, inform\u00f3 el pasado mi\u00e9rcoles en una carta que ley\u00f3 su correligionaria Josefina V\u00e1zquez Mota en el pleno del Senado, que hab\u00eda entrado a cuidados paliativos.<\/span><\/p>\n<p class=\"western\"><span style=\"font-size: 14pt;\">\u201cHoy entro a una nueva etapa de mi vida, mis onc\u00f3logos han sido muy generosos conmigo, han puesto lo mejor de s\u00ed para curarme hasta este momento pero el c\u00e1ncer no dio tregua. Toca entrar a cuidados paliativos, decidimos tomarlos desde casa\u201d.<\/span><\/p>\n<p class=\"western\"><span style=\"font-size: 14pt;\">En una sentida misiva, el tambi\u00e9n ex diputado federal relat\u00f3 que la enfermedad le imped\u00eda disfrutar de un vaso de agua e invitaba a valorar cosas simple y cotidianas como esa.<\/span><\/p>\n<p class=\"western\"><span style=\"font-size: 14pt;\">\u201cLlevo m\u00e1s de un mes sin poder gozar de ese vaso de agua fr\u00eda, mi cuerpo se ha ido deteriorando y por la enfermedad he perdido gustos tan simples y tan b\u00e1sicos como el tomar un buen vaso de agua fr\u00eda\u201d, se\u00f1al\u00f3.<\/span><\/p>\n<p class=\"western\"><span style=\"font-size: 14pt;\">Tras conocerse la noticia senadores y pol\u00edticos de diverso partidos manifestaron sus condolencias. Entre ellos Margarita Zavala y el pri\u00edsta Manlio Fabio Beltrones, quien se\u00f1al\u00f3 que Juan Pablo fue un gran ser humano, inteligente, sensible y generoso. \u201cMe quedo con el recuerdo de su fortaleza en la enfermedad y ejemplo de tenacidad en la vida\u201d.<\/span><\/p>\n","protected":false},"excerpt":{"rendered":"<p>El senador suplente del PAN, Juan Pablo Adame, falleci\u00f3 hoy victima de c\u00e1ncer, inform\u00f3 su padre Marco Adame, ex gobernador<\/p>\n","protected":false},"author":4,"featured_media":21482,"comment_status":"closed","ping_status":"closed","sticky":false,"template":"","format":"standard","meta":{"colormag_page_container_layout":"default_layout","colormag_page_sidebar_layout":"default_layout","_jetpack_memberships_contains_paid_content":false,"footnotes":"","jetpack_publicize_message":"","jetpack_publicize_feature_enabled":true,"jetpack_social_post_already_shared":true,"jetpack_social_options":{"image_generator_settings":{"template":"highway","default_image_id":0,"font":"","enabled":false},"version":2}},"categories":[4],"tags":[],"class_list":["post-21481","post","type-post","status-publish","format-standard","has-post-thumbnail","hentry","category-nacional"],"jetpack_publicize_connections":[],"jetpack_featured_media_url":"https:\/\/noticiasveracruz.com\/wp-content\/uploads\/2023\/12\/juan-pablo-adame-senador-por-un-dia.jpeg","jetpack_sharing_enabled":true,"publishpress_future_action":{"enabled":false,"date":"2026-05-06 10:27:36","action":"change-status","newStatus":"draft","terms":[],"taxonomy":"category","extraData":[]},"publishpress_future_workflow_manual_trigger":{"enabledWorkflows":[]},"_links":{"self":[{"href":"https:\/\/noticiasveracruz.com\/index.php\/wp-json\/wp\/v2\/posts\/21481","targetHints":{"allow":["GET"]}}],"collection":[{"href":"https:\/\/noticiasveracruz.com\/index.php\/wp-json\/wp\/v2\/posts"}],"about":[{"href":"https:\/\/noticiasveracruz.com\/index.php\/wp-json\/wp\/v2\/types\/post"}],"author":[{"embeddable":true,"href":"https:\/\/noticiasveracruz.com\/index.php\/wp-json\/wp\/v2\/users\/4"}],"replies":[{"embeddable":true,"href":"https:\/\/noticiasveracruz.com\/index.php\/wp-json\/wp\/v2\/comments?post=21481"}],"version-history":[{"count":0,"href":"https:\/\/noticiasveracruz.com\/index.php\/wp-json\/wp\/v2\/posts\/21481\/revisions"}],"wp:featuredmedia":[{"embeddable":true,"href":"https:\/\/noticiasveracruz.com\/index.php\/wp-json\/wp\/v2\/media\/21482"}],"wp:attachment":[{"href":"https:\/\/noticiasveracruz.com\/index.php\/wp-json\/wp\/v2\/media?parent=21481"}],"wp:term":[{"taxonomy":"category","embeddable":true,"href":"https:\/\/noticiasveracruz.com\/index.php\/wp-json\/wp\/v2\/categories?post=21481"},{"taxonomy":"post_tag","embeddable":true,"href":"https:\/\/noticiasveracruz.com\/index.php\/wp-json\/wp\/v2\/tags?post=21481"}],"curies":[{"name":"wp","href":"https:\/\/api.w.org\/{rel}","templated":true}]}}