{"id":21463,"date":"2023-12-05T08:13:05","date_gmt":"2023-12-05T14:13:05","guid":{"rendered":"https:\/\/noticiasveracruz.com\/?p=21463"},"modified":"2023-12-05T08:13:05","modified_gmt":"2023-12-05T14:13:05","slug":"se-utilizo-pegasus-para-espiar-a-empresarios-dice-testigo-protegido","status":"publish","type":"post","link":"https:\/\/noticiasveracruz.com\/index.php\/2023\/12\/05\/se-utilizo-pegasus-para-espiar-a-empresarios-dice-testigo-protegido\/","title":{"rendered":"Se utiliz\u00f3 Pegasus para espiar a empresarios, dice testigo protegido"},"content":{"rendered":"<p><span style=\"font-size: 14pt;\">Un testigo protegido de la Fiscal\u00eda General de la Rep\u00fablica (FGR) acus\u00f3 que en el sexenio pasado, el gobierno federal uso el software Pegasus para espiar a pol\u00edticos empresarios, entre ellos Carlos Slim, al due\u00f1o de Grupo M\u00e9xico, Germ\u00e1n Larrea, directivos de Televisa, as\u00ed como a periodistas entre los que figuran Genaro Villamil, Carmen Aristegui y H\u00e9ctor de Maule\u00f3n.<\/span><\/p>\n<p><span style=\"font-size: 14pt;\">Este lunes se llev\u00f3 a cabo la audiencia de juicio oral contra Juan Carlos Garc\u00eda Rivera, empleado de una filial del Grupo KBH acusado de intervenir en las comunicaciones de periodistas, activistas y empresarios entre enero de 2015 a julio de 2016. Es el primer juicio que se realiz\u00f3 en el pa\u00eds por el espionaje realizado con Pegasus.<\/span><\/p>\n<p><span style=\"font-size: 14pt;\">En la diligencia que presidi\u00f3 el juez de control con sede en el Reclusorio Sur, Luis Ben\u00edtez Alc\u00e1ntara, la fiscal\u00eda interrog\u00f3 al testigo protegido con el indicativo Zeus, quien afirm\u00f3 que el expresidente Enrique Pe\u00f1a Nieto y el ex director del Centro de Investigaci\u00f3n y seguridad Nacional (Cosen), Eugenio Imaz, hablaban directamente con el due\u00f1o de la empresa, Uri Emmanuel Ansbacher Bendrama, para instruirle a quien espiar.<\/span><\/p>\n<p><span style=\"font-size: 14pt;\">Garc\u00eda Rivera fue capturado en noviembre de 2021 por la Polic\u00eda Ministerial en la ciudad de Quer\u00e9taro, posteriormente fue trasladado a la Ciudad de M\u00e9xico donde el juez de control con sede en el Reclusorio Sur lo vincul\u00f3 a proceso.<\/span><\/p>\n<p><span style=\"font-size: 14pt;\">En ese entonces, el Ministerio P\u00fablico Federal de la Fiscal\u00eda Especial para la Atenci\u00f3n de Delitos cometidos contra la Libertad de Expresi\u00f3n (FEADLE) formularon la imputaci\u00f3n al acusado por su probable responsabilidad en la comisi\u00f3n del delito previsto y sancionado en el art\u00edculo 177 del c\u00f3digo penal federal, agravado en t\u00e9rmino del art\u00edculo 51, p\u00e1rrafo tercero del mismo ordenamiento, ya que fue cometido en contra de la periodista Caen Aristegui con la finalidad de afectar y menoscabar su libertad de expresi\u00f3n.<\/span><\/p>\n<p><span style=\"font-size: 14pt;\">En ese a\u00f1o, el juez consider\u00f3 que los indicios de prueba fueron suficientes y por ello orden\u00f3 la vinculaci\u00f3n a proceso de Garc\u00eda Rivera y orden\u00f3 que desde entonces permanezca en prisi\u00f3n preventiva justificada derivado del peligro de fuga y de los riesgos que representa para la seguridad p\u00fablica y de las personas relacionadas con el proceso.<\/span><\/p>\n<p><span style=\"font-size: 14pt;\">Hoy en su testimonio Zeus, quien trabaj\u00f3 en KBH como administrador de proyectos, asegur\u00f3 que Garc\u00eda Rivera viaj\u00f3 a Israel para recibir capacitaci\u00f3n del software delPegasus que posteriormente aplicar\u00eda en M\u00e9xico, ya que la empresa fue proovedora de distintas dependencias federales en el sexenio pasado para espiar gente, por ello la FGR lo acus\u00f3 por el delito de intervenci\u00f3n de comunicaciones privadas.<\/span><\/p>\n<p><span style=\"font-size: 14pt;\">De acuerdo con Zeus dijo que en dos ocasiones recibi\u00f3 de manos del ch\u00f3fer de Uri Emmanuel una USB con informaci\u00f3n que conten\u00eda nombres, tel\u00e9fonos fotos, contactos, correos electr\u00f3nicos, y otros documentos de todos los personajes espiados de M\u00e9xico.<\/span><\/p>\n<p><span style=\"font-size: 14pt;\">Ah\u00ed, asever\u00f3, hab\u00eda informaci\u00f3n de Carmen Aristegui de sus padres y diferentes fotos de la periodista. La audiencia contin\u00faa.<\/span><\/p>\n","protected":false},"excerpt":{"rendered":"<p>Un testigo protegido de la Fiscal\u00eda General de la Rep\u00fablica (FGR) acus\u00f3 que en el sexenio pasado, el gobierno federal<\/p>\n","protected":false},"author":4,"featured_media":21464,"comment_status":"closed","ping_status":"closed","sticky":false,"template":"","format":"standard","meta":{"colormag_page_container_layout":"default_layout","colormag_page_sidebar_layout":"default_layout","_jetpack_memberships_contains_paid_content":false,"footnotes":"","jetpack_publicize_message":"","jetpack_publicize_feature_enabled":true,"jetpack_social_post_already_shared":true,"jetpack_social_options":{"image_generator_settings":{"template":"highway","default_image_id":0,"font":"","enabled":false},"version":2}},"categories":[4],"tags":[],"class_list":["post-21463","post","type-post","status-publish","format-standard","has-post-thumbnail","hentry","category-nacional"],"jetpack_publicize_connections":[],"jetpack_featured_media_url":"https:\/\/noticiasveracruz.com\/wp-content\/uploads\/2023\/12\/1366_2000.jpeg","jetpack_sharing_enabled":true,"publishpress_future_action":{"enabled":false,"date":"2026-05-06 20:24:57","action":"change-status","newStatus":"draft","terms":[],"taxonomy":"category","extraData":[]},"publishpress_future_workflow_manual_trigger":{"enabledWorkflows":[]},"_links":{"self":[{"href":"https:\/\/noticiasveracruz.com\/index.php\/wp-json\/wp\/v2\/posts\/21463","targetHints":{"allow":["GET"]}}],"collection":[{"href":"https:\/\/noticiasveracruz.com\/index.php\/wp-json\/wp\/v2\/posts"}],"about":[{"href":"https:\/\/noticiasveracruz.com\/index.php\/wp-json\/wp\/v2\/types\/post"}],"author":[{"embeddable":true,"href":"https:\/\/noticiasveracruz.com\/index.php\/wp-json\/wp\/v2\/users\/4"}],"replies":[{"embeddable":true,"href":"https:\/\/noticiasveracruz.com\/index.php\/wp-json\/wp\/v2\/comments?post=21463"}],"version-history":[{"count":0,"href":"https:\/\/noticiasveracruz.com\/index.php\/wp-json\/wp\/v2\/posts\/21463\/revisions"}],"wp:featuredmedia":[{"embeddable":true,"href":"https:\/\/noticiasveracruz.com\/index.php\/wp-json\/wp\/v2\/media\/21464"}],"wp:attachment":[{"href":"https:\/\/noticiasveracruz.com\/index.php\/wp-json\/wp\/v2\/media?parent=21463"}],"wp:term":[{"taxonomy":"category","embeddable":true,"href":"https:\/\/noticiasveracruz.com\/index.php\/wp-json\/wp\/v2\/categories?post=21463"},{"taxonomy":"post_tag","embeddable":true,"href":"https:\/\/noticiasveracruz.com\/index.php\/wp-json\/wp\/v2\/tags?post=21463"}],"curies":[{"name":"wp","href":"https:\/\/api.w.org\/{rel}","templated":true}]}}