{"id":21456,"date":"2023-12-05T08:02:38","date_gmt":"2023-12-05T14:02:38","guid":{"rendered":"https:\/\/noticiasveracruz.com\/?p=21456"},"modified":"2023-12-05T08:02:38","modified_gmt":"2023-12-05T14:02:38","slug":"pan-critica-falta-de-planeacion","status":"publish","type":"post","link":"https:\/\/noticiasveracruz.com\/index.php\/2023\/12\/05\/pan-critica-falta-de-planeacion\/","title":{"rendered":"PAN critica falta de planeaci\u00f3n"},"content":{"rendered":"<p><span style=\"font-size: 14pt;\">Xalapa, Ver.- Ari\u00e1n Gabriel Hern\u00e1ndez, secretario general del Partido Acci\u00f3n Nacional (PAN), critic\u00f3 la falta de planificaci\u00f3n en la realizaci\u00f3n de obras por el caos vial que afecta gravemente a la poblaci\u00f3n xalape\u00f1a.\u00a0<\/span><\/p>\n<p><span style=\"font-size: 14pt;\">En conferencia de prensa, realizada en la sede estatal del PAN, hizo un llamado al\u00a0 gobierno del estado y a Elio Hern\u00e1ndez Guti\u00e9rrez, titular de Secretar\u00eda de Infraestructura y Obras P\u00fablicas (SIOP), por la falta de planificaci\u00f3n y sensibilidad social en la ejecuci\u00f3n de las obras.<\/span><\/p>\n<p><span style=\"font-size: 14pt;\">\u201cSe comenta que hay propuestas de ingenieros para solucionar estos problemas, pero el gobierno no ha mostrado mejoras en los cinco a\u00f1os que lleva en el poder. El gobierno se considera fracasado\u201d, expres\u00f3.<\/span><\/p>\n<p><span style=\"font-size: 14pt;\">Mencion\u00f3 que la ciudadan\u00eda mostr\u00f3 su hartazgo dirigi\u00e9ndose de manera grosera al alcalde de Xalapa, Ricardo Ahued Bardahuil, por una obra que se realiza en la avenida L\u00e1zaro C\u00e1rdenas, en la zona de Plaza \u00c1nimas, lo que desquicia la vialidad.<\/span><\/p>\n<p><span style=\"font-size: 14pt;\">Sin embargo, celebr\u00f3 que el Presidente Municipal respondiera y\u00a0 presionara a las autoridades de SIOP, quienes est\u00e1n a cargo de dichos trabajos.<\/span><\/p>\n<p><span style=\"font-size: 14pt;\">\u201cAhued fue muy prudente en su comentario, creo que esto es m\u00e1s que a \u00e9l, la gente sabe que es hacia el gobierno del estado, y nosotros, bueno, lo acabo de mencionar, es una falta de planificaci\u00f3n, una falta de sensibilidad tambi\u00e9n social, y lo hemos visto en otros estados, en otras ciudades, que las empresas que se encargan de construir lo hacen 24\/7 para poder dar las menos molestias a la ciudadan\u00eda, y tambi\u00e9n se generan estrategias para poder disminuir este caos vial que se tiene\u201d.<\/span><\/p>\n<p><span style=\"font-size: 14pt;\">El l\u00edder panista mencion\u00f3 que en este momento Xalapa est\u00e1 \u201cahorcada\u201d por el caos vial que tambi\u00e9n genera una obra en el acceso a Banderilla, lo que complica la entrada y salida de la capital.<\/span><\/p>\n<p><span style=\"font-size: 14pt;\">\u201cNo solamente es Xalapa, ahora Jalapa est\u00e1 ahorcado, tambi\u00e9n el municipio de Banderilla inici\u00f3 obras en el acceso hacia Banderilla, y genera un caos para poder salir de Jalapa y entrar tambi\u00e9n a Xalapa, estamos pr\u00e1cticamente ahorcados en esta ciudad, por una falta de planeaci\u00f3n, una falta tambi\u00e9n de sensibilidad social, lo comento, ha habido muchas personas que dan propuestas, inclusive en el mismo PAN, tenemos ingenieros y tambi\u00e9n que han trabajado en este tipo de obras\u201d, enfatiz\u00f3 Ari\u00e1n Gabriel.<\/span><\/p>\n","protected":false},"excerpt":{"rendered":"<p>Xalapa, Ver.- Ari\u00e1n Gabriel Hern\u00e1ndez, secretario general del Partido Acci\u00f3n Nacional (PAN), critic\u00f3 la falta de planificaci\u00f3n en la realizaci\u00f3n<\/p>\n","protected":false},"author":4,"featured_media":21457,"comment_status":"closed","ping_status":"closed","sticky":false,"template":"","format":"standard","meta":{"colormag_page_container_layout":"default_layout","colormag_page_sidebar_layout":"default_layout","_jetpack_memberships_contains_paid_content":false,"footnotes":"","jetpack_publicize_message":"","jetpack_publicize_feature_enabled":true,"jetpack_social_post_already_shared":true,"jetpack_social_options":{"image_generator_settings":{"template":"highway","default_image_id":0,"font":"","enabled":false},"version":2}},"categories":[356],"tags":[],"class_list":["post-21456","post","type-post","status-publish","format-standard","has-post-thumbnail","hentry","category-veracruz"],"jetpack_publicize_connections":[],"jetpack_featured_media_url":"https:\/\/noticiasveracruz.com\/wp-content\/uploads\/2023\/12\/9b.jpg","jetpack_sharing_enabled":true,"publishpress_future_action":{"enabled":false,"date":"2026-05-06 19:22:54","action":"change-status","newStatus":"draft","terms":[],"taxonomy":"category","extraData":[]},"publishpress_future_workflow_manual_trigger":{"enabledWorkflows":[]},"_links":{"self":[{"href":"https:\/\/noticiasveracruz.com\/index.php\/wp-json\/wp\/v2\/posts\/21456","targetHints":{"allow":["GET"]}}],"collection":[{"href":"https:\/\/noticiasveracruz.com\/index.php\/wp-json\/wp\/v2\/posts"}],"about":[{"href":"https:\/\/noticiasveracruz.com\/index.php\/wp-json\/wp\/v2\/types\/post"}],"author":[{"embeddable":true,"href":"https:\/\/noticiasveracruz.com\/index.php\/wp-json\/wp\/v2\/users\/4"}],"replies":[{"embeddable":true,"href":"https:\/\/noticiasveracruz.com\/index.php\/wp-json\/wp\/v2\/comments?post=21456"}],"version-history":[{"count":0,"href":"https:\/\/noticiasveracruz.com\/index.php\/wp-json\/wp\/v2\/posts\/21456\/revisions"}],"wp:featuredmedia":[{"embeddable":true,"href":"https:\/\/noticiasveracruz.com\/index.php\/wp-json\/wp\/v2\/media\/21457"}],"wp:attachment":[{"href":"https:\/\/noticiasveracruz.com\/index.php\/wp-json\/wp\/v2\/media?parent=21456"}],"wp:term":[{"taxonomy":"category","embeddable":true,"href":"https:\/\/noticiasveracruz.com\/index.php\/wp-json\/wp\/v2\/categories?post=21456"},{"taxonomy":"post_tag","embeddable":true,"href":"https:\/\/noticiasveracruz.com\/index.php\/wp-json\/wp\/v2\/tags?post=21456"}],"curies":[{"name":"wp","href":"https:\/\/api.w.org\/{rel}","templated":true}]}}