{"id":21452,"date":"2023-12-05T08:00:43","date_gmt":"2023-12-05T14:00:43","guid":{"rendered":"https:\/\/noticiasveracruz.com\/?p=21452"},"modified":"2023-12-05T08:00:43","modified_gmt":"2023-12-05T14:00:43","slug":"docentes-realizan-caravana","status":"publish","type":"post","link":"https:\/\/noticiasveracruz.com\/index.php\/2023\/12\/05\/docentes-realizan-caravana\/","title":{"rendered":"Docentes realizan caravana"},"content":{"rendered":"<p><span style=\"font-size: 14pt;\">Xalapa, Ver.- Docentes de Educaci\u00f3n Especial realizaron una caravana en la ciudad de Xalapa, en el marco del D\u00eda Internacional de las Personas con Discapacidad, que se conmemora cada tres de diciembre.<\/span><\/p>\n<p><span style=\"font-size: 14pt;\">Las personas se concentraron afuera del Teatro del Estado \u201cGeneral Ignacio de la Llave\u201d y despu\u00e9s caminaron sobre la avenida Manuel \u00c1vila Camacho, con direcci\u00f3n a Palacio de Gobierno.<\/span><\/p>\n<p><span style=\"font-size: 14pt;\">Hicieron una parada al interior del Viaducto del parque Benito Ju\u00e1rez, donde se pronunciaron para visibilizar la situaci\u00f3n que enfrentan las personas con discapacidad.<\/span><\/p>\n<p><span style=\"font-size: 14pt;\">De acuerdo con V\u00edctor Moreno Bola\u00f1os, docente del Centro Atenci\u00f3n M\u00faltiple n\u00famero 55, a\u00fan hay barreras para la participaci\u00f3n y aprendizaje de los alumnos con alguna discapacidad.<\/span><\/p>\n<p><img loading=\"lazy\" decoding=\"async\" class=\"alignnone size-medium wp-image-21453\" src=\"http:\/\/noticiasveracruz.com\/wp-content\/uploads\/2023\/12\/9a-2-300x126.jpg\" alt=\"\" width=\"300\" height=\"126\" srcset=\"https:\/\/noticiasveracruz.com\/wp-content\/uploads\/2023\/12\/9a-2-300x126.jpg 300w, https:\/\/noticiasveracruz.com\/wp-content\/uploads\/2023\/12\/9a-2-768x323.jpg 768w, https:\/\/noticiasveracruz.com\/wp-content\/uploads\/2023\/12\/9a-2.jpg 940w\" sizes=\"auto, (max-width: 300px) 100vw, 300px\" \/><\/p>\n<p><span style=\"font-size: 14pt;\">\u201cHicimos una caravana para visibilizar a todas esas personas que necesitan todo el apoyo de la ciudadan\u00eda para que logremos eliminar las barreras para su participaci\u00f3n y su aprendizaje, ya que la discapacidad se agudiza cuando estas barreras est\u00e1n presentes, y esas barreras son culturales, pol\u00edticas\u201d, expres\u00f3.<\/span><\/p>\n<p><span style=\"font-size: 14pt;\">Varios colegios y preescolares participaron en la caminata. El objetivo es lograr la inclusi\u00f3n y apoyarse mutuamente para superar las barreras culturales y pol\u00edticas.<\/span><\/p>\n<p><span style=\"font-size: 14pt;\">\u201cTodos somos diferentes y debemos aprender a incluirnos y respetar los derechos de todos\u201d, enfatiz\u00f3 el docente que particip\u00f3 en la caminata.<\/span><\/p>\n<p><span style=\"font-size: 14pt;\">Moreno Bola\u00f1os enfatiz\u00f3 que a\u00fan hay barreras que dificultan la movilidad y el libre tr\u00e1nsito a las personas con discapacidad.<\/span><\/p>\n<p><span style=\"font-size: 14pt;\">\u201cNadie es igual, entonces en esa diferencia tenemos que nosotros aprender a incluirnos todos y a poder sobrevivir y a apoyarnos, y eliminando esas barreras, que son de movilidad, de tr\u00e1nsito y necesitamos todo el apoyo de la ciudadan\u00eda para que esas barreras no existan y ellos traten a las personas y las apoyen para cruzar la calle\u201d.<\/span><\/p>\n<p><span style=\"font-size: 14pt;\">En la caravana que se llev\u00f3 a cabo en Xalapa participaron acad\u00e9micos del CAM 55, CAM 64, CAM 68, CAM 74 y de jardines de ni\u00f1os.<\/span><\/p>\n","protected":false},"excerpt":{"rendered":"<p>Xalapa, Ver.- Docentes de Educaci\u00f3n Especial realizaron una caravana en la ciudad de Xalapa, en el marco del D\u00eda Internacional<\/p>\n","protected":false},"author":4,"featured_media":21454,"comment_status":"closed","ping_status":"closed","sticky":false,"template":"","format":"standard","meta":{"colormag_page_container_layout":"default_layout","colormag_page_sidebar_layout":"default_layout","_jetpack_memberships_contains_paid_content":false,"footnotes":"","jetpack_publicize_message":"","jetpack_publicize_feature_enabled":true,"jetpack_social_post_already_shared":true,"jetpack_social_options":{"image_generator_settings":{"template":"highway","default_image_id":0,"font":"","enabled":false},"version":2}},"categories":[356],"tags":[],"class_list":["post-21452","post","type-post","status-publish","format-standard","has-post-thumbnail","hentry","category-veracruz"],"jetpack_publicize_connections":[],"jetpack_featured_media_url":"https:\/\/noticiasveracruz.com\/wp-content\/uploads\/2023\/12\/9a1-1.jpg","jetpack_sharing_enabled":true,"publishpress_future_action":{"enabled":false,"date":"2026-05-06 18:35:53","action":"change-status","newStatus":"draft","terms":[],"taxonomy":"category","extraData":[]},"publishpress_future_workflow_manual_trigger":{"enabledWorkflows":[]},"_links":{"self":[{"href":"https:\/\/noticiasveracruz.com\/index.php\/wp-json\/wp\/v2\/posts\/21452","targetHints":{"allow":["GET"]}}],"collection":[{"href":"https:\/\/noticiasveracruz.com\/index.php\/wp-json\/wp\/v2\/posts"}],"about":[{"href":"https:\/\/noticiasveracruz.com\/index.php\/wp-json\/wp\/v2\/types\/post"}],"author":[{"embeddable":true,"href":"https:\/\/noticiasveracruz.com\/index.php\/wp-json\/wp\/v2\/users\/4"}],"replies":[{"embeddable":true,"href":"https:\/\/noticiasveracruz.com\/index.php\/wp-json\/wp\/v2\/comments?post=21452"}],"version-history":[{"count":0,"href":"https:\/\/noticiasveracruz.com\/index.php\/wp-json\/wp\/v2\/posts\/21452\/revisions"}],"wp:featuredmedia":[{"embeddable":true,"href":"https:\/\/noticiasveracruz.com\/index.php\/wp-json\/wp\/v2\/media\/21454"}],"wp:attachment":[{"href":"https:\/\/noticiasveracruz.com\/index.php\/wp-json\/wp\/v2\/media?parent=21452"}],"wp:term":[{"taxonomy":"category","embeddable":true,"href":"https:\/\/noticiasveracruz.com\/index.php\/wp-json\/wp\/v2\/categories?post=21452"},{"taxonomy":"post_tag","embeddable":true,"href":"https:\/\/noticiasveracruz.com\/index.php\/wp-json\/wp\/v2\/tags?post=21452"}],"curies":[{"name":"wp","href":"https:\/\/api.w.org\/{rel}","templated":true}]}}