{"id":21449,"date":"2023-12-05T07:58:30","date_gmt":"2023-12-05T13:58:30","guid":{"rendered":"https:\/\/noticiasveracruz.com\/?p=21449"},"modified":"2023-12-05T07:58:30","modified_gmt":"2023-12-05T13:58:30","slug":"sev-destinara-mas-de-400-mdp","status":"publish","type":"post","link":"https:\/\/noticiasveracruz.com\/index.php\/2023\/12\/05\/sev-destinara-mas-de-400-mdp\/","title":{"rendered":"SEV destinar\u00e1 m\u00e1s de 400 mdp"},"content":{"rendered":"<p><span style=\"font-size: 14pt;\">Xalapa, Ver.- De acuerdo a la Oficial Mayor de la Secretar\u00eda de Educaci\u00f3n de Veracruz, Ariadna Selene Aguilar Amaya, el pago del llamado Bono del Bienestar para personal de apoyo y administrativo del orden estatal est\u00e1 pendiente de pagarse, por lo que pidi\u00f3 paciencia a los trabajadores.<\/span><\/p>\n<p><span style=\"font-size: 14pt;\">Entrevistada previo a la entrega de kits de mantenimiento a escuelas de educaci\u00f3n b\u00e1sica de Xalapa, la funcionaria estatal explic\u00f3 que este bono autorizado por el presidente Andr\u00e9s Manuel L\u00f3pez Obrador a los trabajadores de la educaci\u00f3n federales, tambi\u00e9n ser\u00e1 pagado para los de n\u00f3mina estatal.<\/span><\/p>\n<p><span style=\"font-size: 14pt;\">\u201cEl incremento salarial que se les dio a los trabajadores del orden federal, tambi\u00e9n se les va a pagar a los estatales, nosotros estamos esperando acomodar las finanzas. Es un bono para reconocer el trabajo de los maestros y maestras, as\u00ed como administrativas\u201d.<\/span><\/p>\n<p><span style=\"font-size: 14pt;\">Asimismo, detall\u00f3 que actualmente es m\u00e1s f\u00e1cil que los maestros y maestras tengan mayor posibilidad de crecimiento laboral, no as\u00ed los administrativos y de apoyo, que no tienen acceso al sistema de escalaf\u00f3n.<\/span><\/p>\n<p><span style=\"font-size: 14pt;\">Aguilar Amaya se\u00f1al\u00f3 que se estima un recurso de casi 400 millones de pesos adicionales para el pago de este bono del Bienestar a fin de nivelar a aquellos trabajadores que ganan menos de 16 mil pesos mensuales.<\/span><\/p>\n","protected":false},"excerpt":{"rendered":"<p>Xalapa, Ver.- De acuerdo a la Oficial Mayor de la Secretar\u00eda de Educaci\u00f3n de Veracruz, Ariadna Selene Aguilar Amaya, el<\/p>\n","protected":false},"author":4,"featured_media":21450,"comment_status":"closed","ping_status":"closed","sticky":false,"template":"","format":"standard","meta":{"colormag_page_container_layout":"default_layout","colormag_page_sidebar_layout":"default_layout","_jetpack_memberships_contains_paid_content":false,"footnotes":"","jetpack_publicize_message":"","jetpack_publicize_feature_enabled":true,"jetpack_social_post_already_shared":true,"jetpack_social_options":{"image_generator_settings":{"template":"highway","default_image_id":0,"font":"","enabled":false},"version":2}},"categories":[356],"tags":[],"class_list":["post-21449","post","type-post","status-publish","format-standard","has-post-thumbnail","hentry","category-veracruz"],"jetpack_publicize_connections":[],"jetpack_featured_media_url":"https:\/\/noticiasveracruz.com\/wp-content\/uploads\/2023\/12\/8b.jpg","jetpack_sharing_enabled":true,"publishpress_future_action":{"enabled":false,"date":"2026-05-06 17:51:20","action":"change-status","newStatus":"draft","terms":[],"taxonomy":"category","extraData":[]},"publishpress_future_workflow_manual_trigger":{"enabledWorkflows":[]},"_links":{"self":[{"href":"https:\/\/noticiasveracruz.com\/index.php\/wp-json\/wp\/v2\/posts\/21449","targetHints":{"allow":["GET"]}}],"collection":[{"href":"https:\/\/noticiasveracruz.com\/index.php\/wp-json\/wp\/v2\/posts"}],"about":[{"href":"https:\/\/noticiasveracruz.com\/index.php\/wp-json\/wp\/v2\/types\/post"}],"author":[{"embeddable":true,"href":"https:\/\/noticiasveracruz.com\/index.php\/wp-json\/wp\/v2\/users\/4"}],"replies":[{"embeddable":true,"href":"https:\/\/noticiasveracruz.com\/index.php\/wp-json\/wp\/v2\/comments?post=21449"}],"version-history":[{"count":0,"href":"https:\/\/noticiasveracruz.com\/index.php\/wp-json\/wp\/v2\/posts\/21449\/revisions"}],"wp:featuredmedia":[{"embeddable":true,"href":"https:\/\/noticiasveracruz.com\/index.php\/wp-json\/wp\/v2\/media\/21450"}],"wp:attachment":[{"href":"https:\/\/noticiasveracruz.com\/index.php\/wp-json\/wp\/v2\/media?parent=21449"}],"wp:term":[{"taxonomy":"category","embeddable":true,"href":"https:\/\/noticiasveracruz.com\/index.php\/wp-json\/wp\/v2\/categories?post=21449"},{"taxonomy":"post_tag","embeddable":true,"href":"https:\/\/noticiasveracruz.com\/index.php\/wp-json\/wp\/v2\/tags?post=21449"}],"curies":[{"name":"wp","href":"https:\/\/api.w.org\/{rel}","templated":true}]}}