{"id":21437,"date":"2023-12-04T23:49:31","date_gmt":"2023-12-05T05:49:31","guid":{"rendered":"https:\/\/noticiasveracruz.com\/?p=21437"},"modified":"2023-12-04T23:49:31","modified_gmt":"2023-12-05T05:49:31","slug":"fue-develada-la-escultura-del-yate-granma-en-el-museo-de-la-hermandad-mexico-cuba","status":"publish","type":"post","link":"https:\/\/noticiasveracruz.com\/index.php\/2023\/12\/04\/fue-develada-la-escultura-del-yate-granma-en-el-museo-de-la-hermandad-mexico-cuba\/","title":{"rendered":"Fue develada la escultura del yate \u201cGranma\u201d, en el Museo de la Hermandad M\u00e9xico-Cuba"},"content":{"rendered":"<p><span style=\"font-size: 14pt;\"><strong>\u2022 El alcalde Jos\u00e9 Manuel Pozos dio la bienvenida al gobernador Ing. Cuitl\u00e1huac Garc\u00eda Jim\u00e9nez, a diplom\u00e1ticos cubanos y a la Senadora Gloria S\u00e1nchez<\/strong><\/span><\/p>\n<p><img loading=\"lazy\" decoding=\"async\" class=\"alignnone size-medium wp-image-21438\" src=\"http:\/\/noticiasveracruz.com\/wp-content\/uploads\/2023\/12\/WhatsApp-Image-2023-12-04-at-23.19.11-300x200.jpeg\" alt=\"\" width=\"300\" height=\"200\" srcset=\"https:\/\/noticiasveracruz.com\/wp-content\/uploads\/2023\/12\/WhatsApp-Image-2023-12-04-at-23.19.11-300x200.jpeg 300w, https:\/\/noticiasveracruz.com\/wp-content\/uploads\/2023\/12\/WhatsApp-Image-2023-12-04-at-23.19.11-1024x683.jpeg 1024w, https:\/\/noticiasveracruz.com\/wp-content\/uploads\/2023\/12\/WhatsApp-Image-2023-12-04-at-23.19.11-768x512.jpeg 768w, https:\/\/noticiasveracruz.com\/wp-content\/uploads\/2023\/12\/WhatsApp-Image-2023-12-04-at-23.19.11.jpeg 1248w\" sizes=\"auto, (max-width: 300px) 100vw, 300px\" \/><\/p>\n<p><span style=\"font-size: 14pt;\">Tuxpan, Ver., 4 diciembre 2023.- En el marco del 67 Aniversario de la salida del Yate Granma hacia las Coloradas, Cuba, que marc\u00f3 el inicio de la Revoluci\u00f3n Cubana, y el VII aniversario luctuoso del comandante Fidel Castro Ruz, se devel\u00f3 una escultura del yate \u201cGranma\u201d en el Museo de la Hermandad M\u00e9xico-Cuba.<\/span><\/p>\n<p><img loading=\"lazy\" decoding=\"async\" class=\"alignnone size-medium wp-image-21441\" src=\"http:\/\/noticiasveracruz.com\/wp-content\/uploads\/2023\/12\/WhatsApp-Image-2023-12-04-at-23.19.13-1-300x199.jpeg\" alt=\"\" width=\"300\" height=\"199\" srcset=\"https:\/\/noticiasveracruz.com\/wp-content\/uploads\/2023\/12\/WhatsApp-Image-2023-12-04-at-23.19.13-1-300x199.jpeg 300w, https:\/\/noticiasveracruz.com\/wp-content\/uploads\/2023\/12\/WhatsApp-Image-2023-12-04-at-23.19.13-1-1024x681.jpeg 1024w, https:\/\/noticiasveracruz.com\/wp-content\/uploads\/2023\/12\/WhatsApp-Image-2023-12-04-at-23.19.13-1-768x511.jpeg 768w, https:\/\/noticiasveracruz.com\/wp-content\/uploads\/2023\/12\/WhatsApp-Image-2023-12-04-at-23.19.13-1.jpeg 1280w\" sizes=\"auto, (max-width: 300px) 100vw, 300px\" \/><\/p>\n<p><span style=\"font-size: 14pt;\">Este evento conmemorativo estuvo encabezado por el gobernador del estado de Veracruz, Ing. Cuitl\u00e1huac Garc\u00eda Jim\u00e9nez; el coronel Ren\u00e9 Gonz\u00e1lez Barrios, director del Centro \u201cFidel Castro Ruz\u201d y representante del gobierno de Cuba en M\u00e9xico; el embajador de Cuba en M\u00e9xico, excelent\u00edsimo Sr. Marcos Rodr\u00edguez Costa; el Lic. Jos\u00e9 Manuel Pozos Castro, presidente municipal de Tuxpan.<\/span><\/p>\n<p><img loading=\"lazy\" decoding=\"async\" class=\"alignnone size-medium wp-image-21443\" src=\"http:\/\/noticiasveracruz.com\/wp-content\/uploads\/2023\/12\/WhatsApp-Image-2023-12-04-at-23.19.13-300x199.jpeg\" alt=\"\" width=\"300\" height=\"199\" srcset=\"https:\/\/noticiasveracruz.com\/wp-content\/uploads\/2023\/12\/WhatsApp-Image-2023-12-04-at-23.19.13-300x199.jpeg 300w, https:\/\/noticiasveracruz.com\/wp-content\/uploads\/2023\/12\/WhatsApp-Image-2023-12-04-at-23.19.13-1024x681.jpeg 1024w, https:\/\/noticiasveracruz.com\/wp-content\/uploads\/2023\/12\/WhatsApp-Image-2023-12-04-at-23.19.13-768x511.jpeg 768w, https:\/\/noticiasveracruz.com\/wp-content\/uploads\/2023\/12\/WhatsApp-Image-2023-12-04-at-23.19.13.jpeg 1280w\" sizes=\"auto, (max-width: 300px) 100vw, 300px\" \/><\/p>\n<p><span style=\"font-size: 14pt;\">La senadora Gloria S\u00e1nchez Hern\u00e1ndez, presidenta del Movimiento Mexicano de Solidaridad con Cuba en Veracruz \u201cJulio Mella\u201d; el almirante C.G. DEM Julio C\u00e9sar Pescina \u00c1vila, comandante de la Fuerza Naval del Golfo; el Gral. de Brigada DEM. Gonzalo Aguilar Escobedo, comandante de la 19\u00aa Zona Militar.<\/span><\/p>\n<p><img loading=\"lazy\" decoding=\"async\" class=\"alignnone size-medium wp-image-21439\" src=\"http:\/\/noticiasveracruz.com\/wp-content\/uploads\/2023\/12\/WhatsApp-Image-2023-12-04-at-23.19.12-1-300x199.jpeg\" alt=\"\" width=\"300\" height=\"199\" srcset=\"https:\/\/noticiasveracruz.com\/wp-content\/uploads\/2023\/12\/WhatsApp-Image-2023-12-04-at-23.19.12-1-300x199.jpeg 300w, https:\/\/noticiasveracruz.com\/wp-content\/uploads\/2023\/12\/WhatsApp-Image-2023-12-04-at-23.19.12-1-1024x681.jpeg 1024w, https:\/\/noticiasveracruz.com\/wp-content\/uploads\/2023\/12\/WhatsApp-Image-2023-12-04-at-23.19.12-1-768x511.jpeg 768w, https:\/\/noticiasveracruz.com\/wp-content\/uploads\/2023\/12\/WhatsApp-Image-2023-12-04-at-23.19.12-1.jpeg 1280w\" sizes=\"auto, (max-width: 300px) 100vw, 300px\" \/><\/p>\n<p><span style=\"font-size: 14pt;\">Al dar la bienvenida a los invitados y a las autoridades de los tres niveles de gobierno, el alcalde Jos\u00e9 Manuel Pozos Castro mencion\u00f3:<\/span><\/p>\n<p><span style=\"font-size: 14pt;\">\u201cHoy acudimos a otra cita con la historia, al develarse una escultura monumental, r\u00e9plica exacta del yate \u201cGranma\u201d, realizada por el destacado escultor cubano Silvio P\u00e9rez Carralero, y un equipo art\u00edstico de la Isla, integrado por: Aimara Mart\u00ednez Campa\u00f1a, Jos\u00e9 C\u00e9sar S\u00e1nchez, Jos\u00e9 Emilio Leyva y Fernando Javier Gonz\u00e1lez\u201d. As\u00ed mismo, destac\u00f3 la participaci\u00f3n de personal del Gobierno Municipal.<\/span><\/p>\n<p><span style=\"font-size: 14pt;\">Agradeci\u00f3 al gobernador Cuitl\u00e1huac Garc\u00eda Jim\u00e9nez, principal impulsor para que la obra se realizara: \u201cMuchas gracias se\u00f1or gobernador por su apoyo para la realizaci\u00f3n de esta magna obra, que ser\u00e1 un nuevo baluarte de Latinoam\u00e9rica, como lo es ya este hist\u00f3rico museo: le entregamos cuentas: \u00a1SE HA CUMPLIDO!\u201d.<\/span><\/p>\n<p><span style=\"font-size: 14pt;\">De la misma manera, dio las gracias al Gobierno de Cuba, especialmente al excelent\u00edsimo embajador de Cuba en M\u00e9xico, Marcos Rodr\u00edguez Costa, por su gesti\u00f3n y apoyo a este proyecto hist\u00f3rico y cultural, y a la senadora Gloria S\u00e1nchez, con quien dijo compartir ideales y principios, los mismos de Jos\u00e9 Mart\u00ed, el ap\u00f3stol de la Revoluci\u00f3n Cubana.<\/span><\/p>\n<p><span style=\"font-size: 14pt;\">Pozos Castro destac\u00f3 que la escultura develada es una verdadera obra de arte que viene a reforzar el movimiento cultural de Tuxpan, y que, adem\u00e1s, es un mensaje que se manda desde Tuxpan al mundo, de que la lucha de los pueblos por su independencia y autonom\u00eda tiene plena vigencia.<\/span><\/p>\n<p><img loading=\"lazy\" decoding=\"async\" class=\"alignnone size-medium wp-image-21444\" src=\"http:\/\/noticiasveracruz.com\/wp-content\/uploads\/2023\/12\/WhatsApp-Image-2023-12-04-at-23.19.14-1-300x199.jpeg\" alt=\"\" width=\"300\" height=\"199\" srcset=\"https:\/\/noticiasveracruz.com\/wp-content\/uploads\/2023\/12\/WhatsApp-Image-2023-12-04-at-23.19.14-1-300x199.jpeg 300w, https:\/\/noticiasveracruz.com\/wp-content\/uploads\/2023\/12\/WhatsApp-Image-2023-12-04-at-23.19.14-1-1024x681.jpeg 1024w, https:\/\/noticiasveracruz.com\/wp-content\/uploads\/2023\/12\/WhatsApp-Image-2023-12-04-at-23.19.14-1-768x511.jpeg 768w, https:\/\/noticiasveracruz.com\/wp-content\/uploads\/2023\/12\/WhatsApp-Image-2023-12-04-at-23.19.14-1.jpeg 1280w\" sizes=\"auto, (max-width: 300px) 100vw, 300px\" \/><\/p>\n<p><span style=\"font-size: 14pt;\">Por \u00faltimo, pidi\u00f3 a los presentes brindar un minuto de aplausos a Antonio del Conde \u201cEl Cuate\u201d, mexicano que facilit\u00f3 el \u201cGranma\u201d a Fidel Castro y le ayud\u00f3 en forma determinante para la expedici\u00f3n revolucionaria: \u201cEl Cuate\u201d ya no est\u00e1 f\u00edsicamente con nosotros, pero sigue estando en nuestros corazones\u2026 \u00a1Que nuestros aplausos sean un homenaje para \u00e9l!\u201d.<\/span><\/p>\n<p><img loading=\"lazy\" decoding=\"async\" class=\"alignnone size-medium wp-image-21442\" src=\"http:\/\/noticiasveracruz.com\/wp-content\/uploads\/2023\/12\/WhatsApp-Image-2023-12-04-at-23.19.13-2-300x199.jpeg\" alt=\"\" width=\"300\" height=\"199\" srcset=\"https:\/\/noticiasveracruz.com\/wp-content\/uploads\/2023\/12\/WhatsApp-Image-2023-12-04-at-23.19.13-2-300x199.jpeg 300w, https:\/\/noticiasveracruz.com\/wp-content\/uploads\/2023\/12\/WhatsApp-Image-2023-12-04-at-23.19.13-2-1024x681.jpeg 1024w, https:\/\/noticiasveracruz.com\/wp-content\/uploads\/2023\/12\/WhatsApp-Image-2023-12-04-at-23.19.13-2-768x511.jpeg 768w, https:\/\/noticiasveracruz.com\/wp-content\/uploads\/2023\/12\/WhatsApp-Image-2023-12-04-at-23.19.13-2.jpeg 1280w\" sizes=\"auto, (max-width: 300px) 100vw, 300px\" \/><\/p>\n<p><span style=\"font-size: 14pt;\">El gobernador Cuitl\u00e1huac Garc\u00eda Jim\u00e9nez dijo que este evento es significativo por las historias que se desencadenaron a partir de una gran haza\u00f1a, una de tantas, que refiere al rompimiento de las cadenas de opresi\u00f3n de la dictadura Batista sobre el pueblo cubano.<\/span><\/p>\n<p><span style=\"font-size: 14pt;\">\u201cHablo de la historia de un barquito donde se aventur\u00f3 toda la esperanza por alcanzar la libertad de un pueblo entero. Cualquier medida que se le quisiera poner a esta embarcaci\u00f3n, no lograr\u00e1 dimensionar a cabalidad la proeza de atravesar un oc\u00e9ano y llevar a cabo una revoluci\u00f3n\u201d.<\/span><\/p>\n<p><img loading=\"lazy\" decoding=\"async\" class=\"alignnone size-medium wp-image-21445\" src=\"http:\/\/noticiasveracruz.com\/wp-content\/uploads\/2023\/12\/WhatsApp-Image-2023-12-04-at-23.19.14-2-300x199.jpeg\" alt=\"\" width=\"300\" height=\"199\" srcset=\"https:\/\/noticiasveracruz.com\/wp-content\/uploads\/2023\/12\/WhatsApp-Image-2023-12-04-at-23.19.14-2-300x199.jpeg 300w, https:\/\/noticiasveracruz.com\/wp-content\/uploads\/2023\/12\/WhatsApp-Image-2023-12-04-at-23.19.14-2-1024x681.jpeg 1024w, https:\/\/noticiasveracruz.com\/wp-content\/uploads\/2023\/12\/WhatsApp-Image-2023-12-04-at-23.19.14-2-768x511.jpeg 768w, https:\/\/noticiasveracruz.com\/wp-content\/uploads\/2023\/12\/WhatsApp-Image-2023-12-04-at-23.19.14-2.jpeg 1280w\" sizes=\"auto, (max-width: 300px) 100vw, 300px\" \/><\/p>\n<p><span style=\"font-size: 14pt;\">\u201cLa inauguraci\u00f3n de la r\u00e9plica del \u201cGranma\u201d adquiere otra dimensi\u00f3n; quisiera que de aqu\u00ed partiera otra esperanza, la de logar muy pronto el fin del bloqueo a Cuba. Que este acto descubra la imagen del \u201cGranma\u201d como mensajero de paz y di\u00e1logo, sin naufragar ante mil tormentas a mar abierto, que dirima las diferencias para que los acuerdos entre las naciones lleguen a buen puerto\u201d.<\/span><\/p>\n<p><span style=\"font-size: 14pt;\">\u201cSi sabemos la historia del Grama, sabemos que no hay imposibles. \u00a1Que viva el pueblo de Cuba, que viva M\u00e9xico!\u201d, concluy\u00f3.<\/span><\/p>\n<p><img loading=\"lazy\" decoding=\"async\" class=\"alignnone size-medium wp-image-21440\" src=\"http:\/\/noticiasveracruz.com\/wp-content\/uploads\/2023\/12\/WhatsApp-Image-2023-12-04-at-23.19.12-300x200.jpeg\" alt=\"\" width=\"300\" height=\"200\" srcset=\"https:\/\/noticiasveracruz.com\/wp-content\/uploads\/2023\/12\/WhatsApp-Image-2023-12-04-at-23.19.12-300x200.jpeg 300w, https:\/\/noticiasveracruz.com\/wp-content\/uploads\/2023\/12\/WhatsApp-Image-2023-12-04-at-23.19.12-768x512.jpeg 768w, https:\/\/noticiasveracruz.com\/wp-content\/uploads\/2023\/12\/WhatsApp-Image-2023-12-04-at-23.19.12.jpeg 771w\" sizes=\"auto, (max-width: 300px) 100vw, 300px\" \/><\/p>\n<p><span style=\"font-size: 14pt;\">Por su parte, el embajador de Cuba en M\u00e9xico, excelent\u00edsimo Marcos Rodr\u00edguez Costa, narr\u00f3 una rese\u00f1a de la salida del Yate \u201cGranma\u201d en 1956 y su trayecto hacia Cuba. Se\u00f1al\u00f3 que en ninguno de los relatos sobre este yate puede faltar el papel de M\u00e9xico:<\/span><\/p>\n<p><span style=\"font-size: 14pt;\">\u201cHoy aqu\u00ed, de donde zarparon los 82 revolucionarios, nos sentimos profundamente emocionados de ver esta bella reproducci\u00f3n del hist\u00f3rico yate \u201cGranma\u201d esculpida por escultores cubanos, con el apoyo inconmensurable de autoridades y trabajadores mexicanos que hicieron posible este gesto. A todos les agradecemos profundamente a nombre de nuestro presidente, nuestro gobierno y todo nuestro pueblo\u201d.<\/span><\/p>\n<p><span style=\"font-size: 14pt;\">La senadora Gloria S\u00e1nchez Hern\u00e1ndez resalt\u00f3 en su mensaje que esta obra, que es una evidencia de la mutua solidaridad entre ambas naciones, se realiz\u00f3 en un tiempo r\u00e9cord, ya que tan solo pasaron tres meses desde el an\u00e1lisis de la propuesta en el Senado, hasta esta develaci\u00f3n.<\/span><\/p>\n<p><span style=\"font-size: 14pt;\">El coronel Ren\u00e9 Gonz\u00e1lez Barrios, director del Centro \u201cFidel Castro Ruz\u201d y representante del gobierno de Cuba en M\u00e9xico, hizo uso de la voz para destacar la hermandad de los dos pa\u00edses, siendo nuestro M\u00e9xico una segunda patria para los cubanos.<\/span><\/p>\n<p><span style=\"font-size: 14pt;\">La presentaci\u00f3n de la escultura del Yate \u201cGranma\u201d estuvo a cargo de su autor, el escultor Silvio P\u00e9rez Carralero, mediante una proyecci\u00f3n audiovisual.<\/span><\/p>\n<p><span style=\"font-size: 14pt;\">Previo a la develaci\u00f3n de la escultura, las autoridades depositaron una ofrenda floral y montaron una guardia de honor ante el busto de Jos\u00e9 Mart\u00ed, el ap\u00f3stol de la Revoluci\u00f3n Cubana.<\/span><\/p>\n<p><img loading=\"lazy\" decoding=\"async\" class=\"alignnone size-medium wp-image-21446\" src=\"http:\/\/noticiasveracruz.com\/wp-content\/uploads\/2023\/12\/WhatsApp-Image-2023-12-04-at-23.19.14-300x169.jpeg\" alt=\"\" width=\"300\" height=\"169\" srcset=\"https:\/\/noticiasveracruz.com\/wp-content\/uploads\/2023\/12\/WhatsApp-Image-2023-12-04-at-23.19.14-300x169.jpeg 300w, https:\/\/noticiasveracruz.com\/wp-content\/uploads\/2023\/12\/WhatsApp-Image-2023-12-04-at-23.19.14-1024x576.jpeg 1024w, https:\/\/noticiasveracruz.com\/wp-content\/uploads\/2023\/12\/WhatsApp-Image-2023-12-04-at-23.19.14-768x432.jpeg 768w, https:\/\/noticiasveracruz.com\/wp-content\/uploads\/2023\/12\/WhatsApp-Image-2023-12-04-at-23.19.14.jpeg 1280w\" sizes=\"auto, (max-width: 300px) 100vw, 300px\" \/><\/p>\n<p><span style=\"font-size: 14pt;\">Los asistentes disfrutaron de la presentaci\u00f3n del trovador cubano Ariel D\u00edaz Pe\u00f1a, y el cielo se ilumin\u00f3 con los fuegos artificiales con los que se celebr\u00f3 el v\u00ednculo hist\u00f3rico de Tuxpan con el pueblo de Cuba.<\/span><\/p>\n<p><span style=\"font-size: 14pt;\">El joven Miguel \u00c1ngel Rojas Mondrag\u00f3n, alumno de la secundaria general N\u00fam. 1 \u201cEmiliano Zapata\u201d, asesor infantil ante la ONU y corresponsal infantil de Instituto Interamericano del Ni\u00f1o, la Ni\u00f1a y el Adolescente, narr\u00f3 las palabras del comandante Fidel Castro sobre la expedici\u00f3n a Cuba, y la alumna de la escuela secundaria t\u00e9cnica industrial N\u00fam. 2 \u201cEnrique Rodr\u00edguez Cano\u201d, Maira Natalia Palacios G\u00f3mez, interpret\u00f3 la poes\u00eda \u201cRapsodia a Fidel\u201d.<\/span><\/p>\n<p><span style=\"font-size: 14pt;\">Para concluir, las autoridades e invitados especiales se trasladaron al cine, donde se proyect\u00f3 el documental M\u00e9xico-Cuba.<\/span><\/p>\n<p><span style=\"font-size: 14pt;\">En esta conmemoraci\u00f3n estuvieron presentes la Sindica Mtra. Beatriz Pi\u00f1a Vergara; las regidoras Anah\u00ed Aguilar L\u00f3pez y Lucero Res\u00e9ndis Ambrocio, y el regidor Axel Bernal Herrera.<\/span><\/p>\n<p><span style=\"font-size: 14pt;\">De igual manera, la presidenta del DIF Tuxpan, Pamela Morales Huesca; colaboradores del gobierno del estado, del gobierno de Cuba, del Ayuntamiento de Tuxpan y de la Embajada de Cuba en M\u00e9xico.<\/span><\/p>\n","protected":false},"excerpt":{"rendered":"<p>\u2022 El alcalde Jos\u00e9 Manuel Pozos dio la bienvenida al gobernador Ing. Cuitl\u00e1huac Garc\u00eda Jim\u00e9nez, a diplom\u00e1ticos cubanos y a<\/p>\n","protected":false},"author":4,"featured_media":21447,"comment_status":"closed","ping_status":"closed","sticky":false,"template":"","format":"standard","meta":{"colormag_page_container_layout":"default_layout","colormag_page_sidebar_layout":"default_layout","_jetpack_memberships_contains_paid_content":false,"footnotes":"","jetpack_publicize_message":"","jetpack_publicize_feature_enabled":true,"jetpack_social_post_already_shared":true,"jetpack_social_options":{"image_generator_settings":{"template":"highway","default_image_id":0,"font":"","enabled":false},"version":2}},"categories":[356],"tags":[],"class_list":["post-21437","post","type-post","status-publish","format-standard","has-post-thumbnail","hentry","category-veracruz"],"jetpack_publicize_connections":[],"jetpack_featured_media_url":"https:\/\/noticiasveracruz.com\/wp-content\/uploads\/2023\/12\/WhatsApp-Image-2023-12-04-at-23.21.58-scaled.jpeg","jetpack_sharing_enabled":true,"publishpress_future_action":{"enabled":false,"date":"2026-05-06 17:05:22","action":"change-status","newStatus":"draft","terms":[],"taxonomy":"category","extraData":[]},"publishpress_future_workflow_manual_trigger":{"enabledWorkflows":[]},"_links":{"self":[{"href":"https:\/\/noticiasveracruz.com\/index.php\/wp-json\/wp\/v2\/posts\/21437","targetHints":{"allow":["GET"]}}],"collection":[{"href":"https:\/\/noticiasveracruz.com\/index.php\/wp-json\/wp\/v2\/posts"}],"about":[{"href":"https:\/\/noticiasveracruz.com\/index.php\/wp-json\/wp\/v2\/types\/post"}],"author":[{"embeddable":true,"href":"https:\/\/noticiasveracruz.com\/index.php\/wp-json\/wp\/v2\/users\/4"}],"replies":[{"embeddable":true,"href":"https:\/\/noticiasveracruz.com\/index.php\/wp-json\/wp\/v2\/comments?post=21437"}],"version-history":[{"count":0,"href":"https:\/\/noticiasveracruz.com\/index.php\/wp-json\/wp\/v2\/posts\/21437\/revisions"}],"wp:featuredmedia":[{"embeddable":true,"href":"https:\/\/noticiasveracruz.com\/index.php\/wp-json\/wp\/v2\/media\/21447"}],"wp:attachment":[{"href":"https:\/\/noticiasveracruz.com\/index.php\/wp-json\/wp\/v2\/media?parent=21437"}],"wp:term":[{"taxonomy":"category","embeddable":true,"href":"https:\/\/noticiasveracruz.com\/index.php\/wp-json\/wp\/v2\/categories?post=21437"},{"taxonomy":"post_tag","embeddable":true,"href":"https:\/\/noticiasveracruz.com\/index.php\/wp-json\/wp\/v2\/tags?post=21437"}],"curies":[{"name":"wp","href":"https:\/\/api.w.org\/{rel}","templated":true}]}}