{"id":21413,"date":"2023-12-04T12:22:04","date_gmt":"2023-12-04T18:22:04","guid":{"rendered":"https:\/\/noticiasveracruz.com\/?p=21413"},"modified":"2023-12-04T12:22:04","modified_gmt":"2023-12-04T18:22:04","slug":"participa-secundaria-general-num-1-emiliano-zapata-en-el-lunes-civico","status":"publish","type":"post","link":"https:\/\/noticiasveracruz.com\/index.php\/2023\/12\/04\/participa-secundaria-general-num-1-emiliano-zapata-en-el-lunes-civico\/","title":{"rendered":"Participa secundaria general N\u00fam. 1 \u201cEmiliano Zapata\u201d en el Lunes C\u00edvico"},"content":{"rendered":"<p><span style=\"font-size: 14pt;\">Tuxpan, Ver., 4 diciembre 2023.- Con la participaci\u00f3n de alumnas, alumnos y personal docente de la escuela secundaria general N\u00fam. 1 \u201cEmiliano Zapata\u201d, el gobierno de Tuxpan llev\u00f3 a cabo el Lunes C\u00edvico, en el marco del 109 aniversario del \u201cPacto de Xochimilco\u201d.<\/span><\/p>\n<p><img loading=\"lazy\" decoding=\"async\" class=\"alignnone size-medium wp-image-21415\" src=\"http:\/\/noticiasveracruz.com\/wp-content\/uploads\/2023\/12\/WhatsApp-Image-2023-12-04-at-11.07.27-2-300x200.jpeg\" alt=\"\" width=\"300\" height=\"200\" srcset=\"https:\/\/noticiasveracruz.com\/wp-content\/uploads\/2023\/12\/WhatsApp-Image-2023-12-04-at-11.07.27-2-300x200.jpeg 300w, https:\/\/noticiasveracruz.com\/wp-content\/uploads\/2023\/12\/WhatsApp-Image-2023-12-04-at-11.07.27-2-1024x681.jpeg 1024w, https:\/\/noticiasveracruz.com\/wp-content\/uploads\/2023\/12\/WhatsApp-Image-2023-12-04-at-11.07.27-2-768x511.jpeg 768w, https:\/\/noticiasveracruz.com\/wp-content\/uploads\/2023\/12\/WhatsApp-Image-2023-12-04-at-11.07.27-2-1536x1022.jpeg 1536w, https:\/\/noticiasveracruz.com\/wp-content\/uploads\/2023\/12\/WhatsApp-Image-2023-12-04-at-11.07.27-2-2048x1362.jpeg 2048w\" sizes=\"auto, (max-width: 300px) 100vw, 300px\" \/><\/p>\n<p><span style=\"font-size: 14pt;\">Estuvieron presentes el Prof. Jorge Arturo Garc\u00eda Robles, en representaci\u00f3n del alcalde Jos\u00e9 Manuel Pozos Castro; el Teniente de Nav\u00edo C.G. Condestable H\u00e9ctor Guatemala Zendejas, en representaci\u00f3n de la Fuerza Naval del Golfo.<\/span><\/p>\n<p><span style=\"font-size: 14pt;\">El Prof. Fabi\u00e1n Arg\u00fcelles Reboreda, en representaci\u00f3n de la Regidur\u00eda S\u00e9ptima comisionada en Educaci\u00f3n; la Mtra. Luz Graciela Ricardi Gabriela, subdirectora de la secundaria N\u00fam. 1 \u201cEmiliano Zapata\u201d, y Lic. Juan Carpio Isidro, de la Delegaci\u00f3n Regional de la SEV en Tuxpan.<\/span><\/p>\n<p><span style=\"font-size: 14pt;\">Los estudiantes Sebasti\u00e1n G\u00f3mez, Fernanda Geraldi, Daniela Cruz, \u00c1ngel Delgado, Lorena S\u00e1nchez, Ariadna Peraza, Israel Cruz, Emilio Medrano y Ariadna Hern\u00e1ndez expusieron las efem\u00e9rides de esta semana.<\/span><\/p>\n<p><img loading=\"lazy\" decoding=\"async\" class=\"alignnone size-medium wp-image-21414\" src=\"http:\/\/noticiasveracruz.com\/wp-content\/uploads\/2023\/12\/WhatsApp-Image-2023-12-04-at-11.07.27-1-300x200.jpeg\" alt=\"\" width=\"300\" height=\"200\" srcset=\"https:\/\/noticiasveracruz.com\/wp-content\/uploads\/2023\/12\/WhatsApp-Image-2023-12-04-at-11.07.27-1-300x200.jpeg 300w, https:\/\/noticiasveracruz.com\/wp-content\/uploads\/2023\/12\/WhatsApp-Image-2023-12-04-at-11.07.27-1-1024x681.jpeg 1024w, https:\/\/noticiasveracruz.com\/wp-content\/uploads\/2023\/12\/WhatsApp-Image-2023-12-04-at-11.07.27-1-768x511.jpeg 768w, https:\/\/noticiasveracruz.com\/wp-content\/uploads\/2023\/12\/WhatsApp-Image-2023-12-04-at-11.07.27-1-1536x1022.jpeg 1536w, https:\/\/noticiasveracruz.com\/wp-content\/uploads\/2023\/12\/WhatsApp-Image-2023-12-04-at-11.07.27-1-2048x1362.jpeg 2048w\" sizes=\"auto, (max-width: 300px) 100vw, 300px\" \/><\/p>\n<p><span style=\"font-size: 14pt;\">Adem\u00e1s, la alumna Astrid Guti\u00e9rrez present\u00f3 una rese\u00f1a acerca del D\u00eda del Ni\u00f1o Perdido, que se celebra el pr\u00f3ximo 7 de diciembre.<\/span><\/p>\n<p><span style=\"font-size: 14pt;\">La secundaria \u201cEmiliano Zapata\u201d realiz\u00f3 la donaci\u00f3n simb\u00f3lica de carritos de cart\u00f3n que fueron elaborados por las y los estudiantes, mismos que ser\u00e1n donados a ni\u00f1os del municipio para la celebraci\u00f3n del D\u00eda del Ni\u00f1o.<\/span><\/p>\n<p><img loading=\"lazy\" decoding=\"async\" class=\"alignnone size-medium wp-image-21417\" src=\"http:\/\/noticiasveracruz.com\/wp-content\/uploads\/2023\/12\/WhatsApp-Image-2023-12-04-at-11.07.27-300x200.jpeg\" alt=\"\" width=\"300\" height=\"200\" srcset=\"https:\/\/noticiasveracruz.com\/wp-content\/uploads\/2023\/12\/WhatsApp-Image-2023-12-04-at-11.07.27-300x200.jpeg 300w, https:\/\/noticiasveracruz.com\/wp-content\/uploads\/2023\/12\/WhatsApp-Image-2023-12-04-at-11.07.27-1024x681.jpeg 1024w, https:\/\/noticiasveracruz.com\/wp-content\/uploads\/2023\/12\/WhatsApp-Image-2023-12-04-at-11.07.27-768x511.jpeg 768w, https:\/\/noticiasveracruz.com\/wp-content\/uploads\/2023\/12\/WhatsApp-Image-2023-12-04-at-11.07.27-1536x1022.jpeg 1536w, https:\/\/noticiasveracruz.com\/wp-content\/uploads\/2023\/12\/WhatsApp-Image-2023-12-04-at-11.07.27-2048x1362.jpeg 2048w\" sizes=\"auto, (max-width: 300px) 100vw, 300px\" \/><\/p>\n<p><span style=\"font-size: 14pt;\">Al evento tambi\u00e9n asistieron personal directivo de la escuela participante, directores y coordinadores de las diferentes \u00e1reas del Ayuntamiento, y elementos de Protecci\u00f3n Civil y Bomberos.<\/span><\/p>\n<p><span style=\"font-size: 14pt;\">Con este acto, el gobierno de Tuxpan fortalece y promueve la identidad que nos une como mexicanos y el respeto a nuestros s\u00edmbolos patrios.<\/span><\/p>\n","protected":false},"excerpt":{"rendered":"<p>Tuxpan, Ver., 4 diciembre 2023.- Con la participaci\u00f3n de alumnas, alumnos y personal docente de la escuela secundaria general N\u00fam.<\/p>\n","protected":false},"author":4,"featured_media":21416,"comment_status":"closed","ping_status":"closed","sticky":false,"template":"","format":"standard","meta":{"colormag_page_container_layout":"default_layout","colormag_page_sidebar_layout":"default_layout","_jetpack_memberships_contains_paid_content":false,"footnotes":"","jetpack_publicize_message":"","jetpack_publicize_feature_enabled":true,"jetpack_social_post_already_shared":true,"jetpack_social_options":{"image_generator_settings":{"template":"highway","default_image_id":0,"font":"","enabled":false},"version":2}},"categories":[356],"tags":[],"class_list":["post-21413","post","type-post","status-publish","format-standard","has-post-thumbnail","hentry","category-veracruz"],"jetpack_publicize_connections":[],"jetpack_featured_media_url":"https:\/\/noticiasveracruz.com\/wp-content\/uploads\/2023\/12\/WhatsApp-Image-2023-12-04-at-11.07.27-3-scaled.jpeg","jetpack_sharing_enabled":true,"publishpress_future_action":{"enabled":false,"date":"2026-05-06 12:46:23","action":"change-status","newStatus":"draft","terms":[],"taxonomy":"category","extraData":[]},"publishpress_future_workflow_manual_trigger":{"enabledWorkflows":[]},"_links":{"self":[{"href":"https:\/\/noticiasveracruz.com\/index.php\/wp-json\/wp\/v2\/posts\/21413","targetHints":{"allow":["GET"]}}],"collection":[{"href":"https:\/\/noticiasveracruz.com\/index.php\/wp-json\/wp\/v2\/posts"}],"about":[{"href":"https:\/\/noticiasveracruz.com\/index.php\/wp-json\/wp\/v2\/types\/post"}],"author":[{"embeddable":true,"href":"https:\/\/noticiasveracruz.com\/index.php\/wp-json\/wp\/v2\/users\/4"}],"replies":[{"embeddable":true,"href":"https:\/\/noticiasveracruz.com\/index.php\/wp-json\/wp\/v2\/comments?post=21413"}],"version-history":[{"count":0,"href":"https:\/\/noticiasveracruz.com\/index.php\/wp-json\/wp\/v2\/posts\/21413\/revisions"}],"wp:featuredmedia":[{"embeddable":true,"href":"https:\/\/noticiasveracruz.com\/index.php\/wp-json\/wp\/v2\/media\/21416"}],"wp:attachment":[{"href":"https:\/\/noticiasveracruz.com\/index.php\/wp-json\/wp\/v2\/media?parent=21413"}],"wp:term":[{"taxonomy":"category","embeddable":true,"href":"https:\/\/noticiasveracruz.com\/index.php\/wp-json\/wp\/v2\/categories?post=21413"},{"taxonomy":"post_tag","embeddable":true,"href":"https:\/\/noticiasveracruz.com\/index.php\/wp-json\/wp\/v2\/tags?post=21413"}],"curies":[{"name":"wp","href":"https:\/\/api.w.org\/{rel}","templated":true}]}}