{"id":21409,"date":"2023-12-04T12:12:06","date_gmt":"2023-12-04T18:12:06","guid":{"rendered":"https:\/\/noticiasveracruz.com\/?p=21409"},"modified":"2023-12-04T12:12:06","modified_gmt":"2023-12-04T18:12:06","slug":"sesion-extraordinaria-de-la-onu-sobre-situacion-sanitaria-en-gaza","status":"publish","type":"post","link":"https:\/\/noticiasveracruz.com\/index.php\/2023\/12\/04\/sesion-extraordinaria-de-la-onu-sobre-situacion-sanitaria-en-gaza\/","title":{"rendered":"Sesi\u00f3n extraordinaria de la ONU sobre situaci\u00f3n sanitaria en Gaza"},"content":{"rendered":"<p><span style=\"font-size: 14pt;\">Ginebra.- La Organizaci\u00f3n Mundial de la Salud celebrar\u00e1 una sesi\u00f3n extraordinaria de su Consejo Ejecutivo el 10 de diciembre para debatir las condiciones sanitarias en Gaza y Cisjordania, seg\u00fan se desprende de un documento de la agencia sanitaria mundial de la ONU y el embajador palestino.<\/span><\/p>\n<p><span style=\"font-size: 14pt;\">El director general Tedros Adhanom Ghebreyesus convoc\u00f3 la sesi\u00f3n tras recibir una petici\u00f3n de 14 miembros del consejo de la OMS, seg\u00fan el documento del organismo. Un portavoz de la OMS no respondi\u00f3 inmediatamente a una solicitud de comentarios.<\/span><\/p>\n<p><span style=\"font-size: 14pt;\">El embajador palestino ante la ONU en Ginebra, Ibrahim Khraishi, dijo que la reuni\u00f3n se centrar\u00eda sobre todo en Gaza, pero tambi\u00e9n abarcar\u00eda los ataques contra el sector sanitario en Cisjordania.<\/span><\/p>\n<p><img loading=\"lazy\" decoding=\"async\" class=\"alignnone size-medium wp-image-21410\" src=\"http:\/\/noticiasveracruz.com\/wp-content\/uploads\/2023\/12\/16997281922506-300x200.jpg\" alt=\"\" width=\"300\" height=\"200\" srcset=\"https:\/\/noticiasveracruz.com\/wp-content\/uploads\/2023\/12\/16997281922506-300x200.jpg 300w, https:\/\/noticiasveracruz.com\/wp-content\/uploads\/2023\/12\/16997281922506-1024x683.jpg 1024w, https:\/\/noticiasveracruz.com\/wp-content\/uploads\/2023\/12\/16997281922506-768x512.jpg 768w, https:\/\/noticiasveracruz.com\/wp-content\/uploads\/2023\/12\/16997281922506-1536x1024.jpg 1536w, https:\/\/noticiasveracruz.com\/wp-content\/uploads\/2023\/12\/16997281922506-2048x1365.jpg 2048w\" sizes=\"auto, (max-width: 300px) 100vw, 300px\" \/><\/p>\n<p><span style=\"font-size: 14pt;\">\u00abQueremos dar poder a la OMS y pedir a la parte israel\u00ed que no ataque al sector m\u00e9dico. Queremos que se permitan nuevos suministros m\u00e9dicos\u00bb, declar\u00f3 a Reuters, afirmando que su misi\u00f3n diplom\u00e1tica redactar\u00e1 una moci\u00f3n para que fuera revisada por el consejo de 34 miembros.<\/span><\/p>\n<p><span style=\"font-size: 14pt;\">S\u00f3lo una parte de los hospitales de Gaza est\u00e1n operativos en la actualidad debido a los bombardeos y a la falta de combustible, y los que a\u00fan funcionan se ven cada vez m\u00e1s desbordados por la nueva oleada de heridos que llegan.<\/span><\/p>\n<p><span style=\"font-size: 14pt;\">Israel ha acusado a Ham\u00e1s de utilizar a los gazat\u00edes de a pie como escudos humanos colocando centros de mando y armas en el interior de hospitales y otros edificios civiles.<\/span><\/p>\n<p><span style=\"font-size: 14pt;\">Un alto asesor del primer ministro Benjamin Netanyahu declar\u00f3 el s\u00e1bado que Israel facilitar\u00eda el suministro de ayuda humanitaria a los civiles de Gaza al reanudarse los combates en la zona.<\/span><\/p>\n","protected":false},"excerpt":{"rendered":"<p>Ginebra.- La Organizaci\u00f3n Mundial de la Salud celebrar\u00e1 una sesi\u00f3n extraordinaria de su Consejo Ejecutivo el 10 de diciembre para<\/p>\n","protected":false},"author":4,"featured_media":21411,"comment_status":"closed","ping_status":"closed","sticky":false,"template":"","format":"standard","meta":{"colormag_page_container_layout":"default_layout","colormag_page_sidebar_layout":"default_layout","_jetpack_memberships_contains_paid_content":false,"footnotes":"","jetpack_publicize_message":"","jetpack_publicize_feature_enabled":true,"jetpack_social_post_already_shared":true,"jetpack_social_options":{"image_generator_settings":{"template":"highway","default_image_id":0,"font":"","enabled":false},"version":2}},"categories":[355],"tags":[],"class_list":["post-21409","post","type-post","status-publish","format-standard","has-post-thumbnail","hentry","category-internacional"],"jetpack_publicize_connections":[],"jetpack_featured_media_url":"https:\/\/noticiasveracruz.com\/wp-content\/uploads\/2023\/12\/un-General-Assembly-secretary-general-new-york-debate-696x464-1.jpg","jetpack_sharing_enabled":true,"publishpress_future_action":{"enabled":false,"date":"2026-05-06 13:35:14","action":"change-status","newStatus":"draft","terms":[],"taxonomy":"category","extraData":[]},"publishpress_future_workflow_manual_trigger":{"enabledWorkflows":[]},"_links":{"self":[{"href":"https:\/\/noticiasveracruz.com\/index.php\/wp-json\/wp\/v2\/posts\/21409","targetHints":{"allow":["GET"]}}],"collection":[{"href":"https:\/\/noticiasveracruz.com\/index.php\/wp-json\/wp\/v2\/posts"}],"about":[{"href":"https:\/\/noticiasveracruz.com\/index.php\/wp-json\/wp\/v2\/types\/post"}],"author":[{"embeddable":true,"href":"https:\/\/noticiasveracruz.com\/index.php\/wp-json\/wp\/v2\/users\/4"}],"replies":[{"embeddable":true,"href":"https:\/\/noticiasveracruz.com\/index.php\/wp-json\/wp\/v2\/comments?post=21409"}],"version-history":[{"count":0,"href":"https:\/\/noticiasveracruz.com\/index.php\/wp-json\/wp\/v2\/posts\/21409\/revisions"}],"wp:featuredmedia":[{"embeddable":true,"href":"https:\/\/noticiasveracruz.com\/index.php\/wp-json\/wp\/v2\/media\/21411"}],"wp:attachment":[{"href":"https:\/\/noticiasveracruz.com\/index.php\/wp-json\/wp\/v2\/media?parent=21409"}],"wp:term":[{"taxonomy":"category","embeddable":true,"href":"https:\/\/noticiasveracruz.com\/index.php\/wp-json\/wp\/v2\/categories?post=21409"},{"taxonomy":"post_tag","embeddable":true,"href":"https:\/\/noticiasveracruz.com\/index.php\/wp-json\/wp\/v2\/tags?post=21409"}],"curies":[{"name":"wp","href":"https:\/\/api.w.org\/{rel}","templated":true}]}}