{"id":21405,"date":"2023-12-04T12:06:49","date_gmt":"2023-12-04T18:06:49","guid":{"rendered":"https:\/\/noticiasveracruz.com\/?p=21405"},"modified":"2023-12-04T12:06:49","modified_gmt":"2023-12-04T18:06:49","slug":"disuelve-su-parlamento-guinea-bissau-tras-intento-de-golpe-de-estado","status":"publish","type":"post","link":"https:\/\/noticiasveracruz.com\/index.php\/2023\/12\/04\/disuelve-su-parlamento-guinea-bissau-tras-intento-de-golpe-de-estado\/","title":{"rendered":"Disuelve su Parlamento Guinea Bissau tras intento de golpe de Estado"},"content":{"rendered":"<p><span style=\"font-size: 14pt;\">El presidente de Guinea Bissau disolvi\u00f3 el lunes el Parlamento antes de nuevas elecciones asegurando que un \u00abintento de golpe de Estado\u00bb ha sumido al pa\u00eds africano en una nueva crisis.<\/span><\/p>\n<p><span style=\"font-size: 14pt;\">El presidente Umaro Sissoco Embalo emiti\u00f3 un decreto de cierre del parlamento dominado por la oposici\u00f3n y anunci\u00f3 que la fecha de las elecciones legislativas se \u00abfijar\u00eda en el momento oportuno, de conformidad con la Constituci\u00f3n\u00bb.<\/span><\/p>\n<p><img loading=\"lazy\" decoding=\"async\" class=\"alignnone size-medium wp-image-21407\" src=\"http:\/\/noticiasveracruz.com\/wp-content\/uploads\/2023\/12\/656dc931e9ff7138ab42c08e-300x169.jpg\" alt=\"\" width=\"300\" height=\"169\" srcset=\"https:\/\/noticiasveracruz.com\/wp-content\/uploads\/2023\/12\/656dc931e9ff7138ab42c08e-300x169.jpg 300w, https:\/\/noticiasveracruz.com\/wp-content\/uploads\/2023\/12\/656dc931e9ff7138ab42c08e-1024x577.jpg 1024w, https:\/\/noticiasveracruz.com\/wp-content\/uploads\/2023\/12\/656dc931e9ff7138ab42c08e-768x433.jpg 768w, https:\/\/noticiasveracruz.com\/wp-content\/uploads\/2023\/12\/656dc931e9ff7138ab42c08e.jpg 1104w\" sizes=\"auto, (max-width: 300px) 100vw, 300px\" \/><\/p>\n<p><span style=\"font-size: 14pt;\">El jueves pasado dos personas murieron en enfrentamientos en Bis\u00e1u, la capital, entre miembros de la guardia nacional y fuerzas especiales de la guardia presidencial.<\/span><\/p>\n<p><span style=\"font-size: 14pt;\">El presidente Embalo, que se encontraba en Dubai asistiendo a la conferencia clim\u00e1tica COP28, regres\u00f3 al pa\u00eds el s\u00e1bado y anunci\u00f3 que un \u00abintento de golpe de Estado\u00bb le hab\u00eda impedido regresar antes.<\/span><\/p>\n<p><span style=\"font-size: 14pt;\">Embalo fue elegido para un mandato de cinco a\u00f1os en diciembre de 2019 y sobrevivi\u00f3 a un intento de derrocarlo en febrero de 2022.<\/span><\/p>\n<p><span style=\"font-size: 14pt;\">Guinea Bis\u00e1u sufre de una grave inestabilidad pol\u00edtica y ha enfrentado una serie de golpes e intentos de golpe desde su independencia de Portugal en 1974, el m\u00e1s reciente el de febrero de 2022.<\/span><\/p>\n","protected":false},"excerpt":{"rendered":"<p>El presidente de Guinea Bissau disolvi\u00f3 el lunes el Parlamento antes de nuevas elecciones asegurando que un \u00abintento de golpe<\/p>\n","protected":false},"author":4,"featured_media":21406,"comment_status":"closed","ping_status":"closed","sticky":false,"template":"","format":"standard","meta":{"colormag_page_container_layout":"default_layout","colormag_page_sidebar_layout":"default_layout","_jetpack_memberships_contains_paid_content":false,"footnotes":"","jetpack_publicize_message":"","jetpack_publicize_feature_enabled":true,"jetpack_social_post_already_shared":true,"jetpack_social_options":{"image_generator_settings":{"template":"highway","default_image_id":0,"font":"","enabled":false},"version":2}},"categories":[355],"tags":[],"class_list":["post-21405","post","type-post","status-publish","format-standard","has-post-thumbnail","hentry","category-internacional"],"jetpack_publicize_connections":[],"jetpack_featured_media_url":"https:\/\/noticiasveracruz.com\/wp-content\/uploads\/2023\/12\/000_343Y28Z1.jpg","jetpack_sharing_enabled":true,"publishpress_future_action":{"enabled":false,"date":"2026-05-06 14:14:34","action":"change-status","newStatus":"draft","terms":[],"taxonomy":"category","extraData":[]},"publishpress_future_workflow_manual_trigger":{"enabledWorkflows":[]},"_links":{"self":[{"href":"https:\/\/noticiasveracruz.com\/index.php\/wp-json\/wp\/v2\/posts\/21405","targetHints":{"allow":["GET"]}}],"collection":[{"href":"https:\/\/noticiasveracruz.com\/index.php\/wp-json\/wp\/v2\/posts"}],"about":[{"href":"https:\/\/noticiasveracruz.com\/index.php\/wp-json\/wp\/v2\/types\/post"}],"author":[{"embeddable":true,"href":"https:\/\/noticiasveracruz.com\/index.php\/wp-json\/wp\/v2\/users\/4"}],"replies":[{"embeddable":true,"href":"https:\/\/noticiasveracruz.com\/index.php\/wp-json\/wp\/v2\/comments?post=21405"}],"version-history":[{"count":0,"href":"https:\/\/noticiasveracruz.com\/index.php\/wp-json\/wp\/v2\/posts\/21405\/revisions"}],"wp:featuredmedia":[{"embeddable":true,"href":"https:\/\/noticiasveracruz.com\/index.php\/wp-json\/wp\/v2\/media\/21406"}],"wp:attachment":[{"href":"https:\/\/noticiasveracruz.com\/index.php\/wp-json\/wp\/v2\/media?parent=21405"}],"wp:term":[{"taxonomy":"category","embeddable":true,"href":"https:\/\/noticiasveracruz.com\/index.php\/wp-json\/wp\/v2\/categories?post=21405"},{"taxonomy":"post_tag","embeddable":true,"href":"https:\/\/noticiasveracruz.com\/index.php\/wp-json\/wp\/v2\/tags?post=21405"}],"curies":[{"name":"wp","href":"https:\/\/api.w.org\/{rel}","templated":true}]}}