{"id":21399,"date":"2023-12-04T12:00:44","date_gmt":"2023-12-04T18:00:44","guid":{"rendered":"https:\/\/noticiasveracruz.com\/?p=21399"},"modified":"2023-12-04T12:00:44","modified_gmt":"2023-12-04T18:00:44","slug":"crece-venta-de-vehiculos-ligeros-en-noviembre-inegi","status":"publish","type":"post","link":"https:\/\/noticiasveracruz.com\/index.php\/2023\/12\/04\/crece-venta-de-vehiculos-ligeros-en-noviembre-inegi\/","title":{"rendered":"Crece venta de veh\u00edculos ligeros en noviembre: Inegi"},"content":{"rendered":"<p><span style=\"font-size: 14pt;\">La industria automotriz en M\u00e9xico report\u00f3 ventas internas de 128 mil 961 veh\u00edculos ligeros al cierre de noviembre de 2023, lo que represent\u00f3 un crecimiento de 13.45 por ciento con respecto al mismo mes de 2022, adem\u00e1s de que le permite recuperar terreno tras la pandemia y crisis de abastecimiento de semiconductores, seg\u00fan datos del Instituto Nacional de Estad\u00edstica y Geograf\u00eda (Inegi).<\/span><\/p>\n<p><span style=\"font-size: 14pt;\">El reporte de las ventas al p\u00fablico en el mercado interno del Registro Administrativo de la Industria Automotriz de Veh\u00edculos Ligeros (Raiavl) revel\u00f3 que la comercializaci\u00f3n de veh\u00edculos en el onceavo mes del a\u00f1o fue la m\u00e1s grande para un mismo mes desde el 2018, cuando se vendieron 134 mil 143 unidades.<\/span><\/p>\n<p><span style=\"font-size: 14pt;\">Asimismo, la venta de autos de noviembre se compara favorable con respecto a los 97 mil 789 unidades en noviembre de 2022, lo que represent\u00f3 un avance de 31.87 por ciento.<\/span><\/p>\n<p><span style=\"font-size: 14pt;\">El reporte, que dio a conocer este lunes el Inegi, precis\u00f3 que la venta de veh\u00edculos ligeros en el mercado mexicano acumul\u00f3 en los 11 meses del a\u00f1o, un mill\u00f3n 218 mil 474 autos, lo que represent\u00f3 un crecimiento de 25.41 por ciento con respecto al mismo periodo del a\u00f1o pasado.<\/span><\/p>\n<p><span style=\"font-size: 14pt;\">En el acumulado del a\u00f1o de 2023 ya super\u00f3 el dato previo a la pandemia, pues en los primeros 11 meses de 2019 sumaron un mill\u00f3n 187 mil 471 veh\u00edculos vendidos.<\/span><\/p>\n<p><span style=\"font-size: 14pt;\">As\u00ed, ante la \u2018normalizaci\u00f3n\u2019 del mercado de manera paulatina, la venta de veh\u00edculos ligeros super\u00f3 los niveles prepandemia en el acumulado del a\u00f1o, pero a\u00fan est\u00e1 lejos de los niveles hist\u00f3ricos de la comercializaci\u00f3n de autos.<\/span><\/p>\n","protected":false},"excerpt":{"rendered":"<p>La industria automotriz en M\u00e9xico report\u00f3 ventas internas de 128 mil 961 veh\u00edculos ligeros al cierre de noviembre de 2023,<\/p>\n","protected":false},"author":4,"featured_media":21400,"comment_status":"closed","ping_status":"closed","sticky":false,"template":"","format":"standard","meta":{"colormag_page_container_layout":"default_layout","colormag_page_sidebar_layout":"default_layout","_jetpack_memberships_contains_paid_content":false,"footnotes":"","jetpack_publicize_message":"","jetpack_publicize_feature_enabled":true,"jetpack_social_post_already_shared":true,"jetpack_social_options":{"image_generator_settings":{"template":"highway","default_image_id":0,"font":"","enabled":false},"version":2}},"categories":[1947],"tags":[],"class_list":["post-21399","post","type-post","status-publish","format-standard","has-post-thumbnail","hentry","category-economia"],"jetpack_publicize_connections":[],"jetpack_featured_media_url":"https:\/\/noticiasveracruz.com\/wp-content\/uploads\/2023\/12\/imagen-2-proceso-de-manufactura-del-nissan-note-source-1.jpg","jetpack_sharing_enabled":true,"publishpress_future_action":{"enabled":false,"date":"2026-05-06 15:39:18","action":"change-status","newStatus":"draft","terms":[],"taxonomy":"category","extraData":[]},"publishpress_future_workflow_manual_trigger":{"enabledWorkflows":[]},"_links":{"self":[{"href":"https:\/\/noticiasveracruz.com\/index.php\/wp-json\/wp\/v2\/posts\/21399","targetHints":{"allow":["GET"]}}],"collection":[{"href":"https:\/\/noticiasveracruz.com\/index.php\/wp-json\/wp\/v2\/posts"}],"about":[{"href":"https:\/\/noticiasveracruz.com\/index.php\/wp-json\/wp\/v2\/types\/post"}],"author":[{"embeddable":true,"href":"https:\/\/noticiasveracruz.com\/index.php\/wp-json\/wp\/v2\/users\/4"}],"replies":[{"embeddable":true,"href":"https:\/\/noticiasveracruz.com\/index.php\/wp-json\/wp\/v2\/comments?post=21399"}],"version-history":[{"count":0,"href":"https:\/\/noticiasveracruz.com\/index.php\/wp-json\/wp\/v2\/posts\/21399\/revisions"}],"wp:featuredmedia":[{"embeddable":true,"href":"https:\/\/noticiasveracruz.com\/index.php\/wp-json\/wp\/v2\/media\/21400"}],"wp:attachment":[{"href":"https:\/\/noticiasveracruz.com\/index.php\/wp-json\/wp\/v2\/media?parent=21399"}],"wp:term":[{"taxonomy":"category","embeddable":true,"href":"https:\/\/noticiasveracruz.com\/index.php\/wp-json\/wp\/v2\/categories?post=21399"},{"taxonomy":"post_tag","embeddable":true,"href":"https:\/\/noticiasveracruz.com\/index.php\/wp-json\/wp\/v2\/tags?post=21399"}],"curies":[{"name":"wp","href":"https:\/\/api.w.org\/{rel}","templated":true}]}}