{"id":21396,"date":"2023-12-04T11:57:52","date_gmt":"2023-12-04T17:57:52","guid":{"rendered":"https:\/\/noticiasveracruz.com\/?p=21396"},"modified":"2023-12-04T11:57:52","modified_gmt":"2023-12-04T17:57:52","slug":"preven-variacion-anual-de-1-6-del-sector-manufacturero","status":"publish","type":"post","link":"https:\/\/noticiasveracruz.com\/index.php\/2023\/12\/04\/preven-variacion-anual-de-1-6-del-sector-manufacturero\/","title":{"rendered":"Prev\u00e9n variaci\u00f3n anual de 1.6% del sector manufacturero"},"content":{"rendered":"<p><span style=\"font-size: 14pt;\">El Indicador Mensual Oportuno de la Actividad Manufacturera (Imoam) estim\u00f3 que la actividad manufacturera en M\u00e9xico report\u00f3 que mantuvo su crecimiento en octubre con respecto al mismo mes de 2022.<\/span><\/p>\n<p><span style=\"font-size: 14pt;\">De acuerdo con el Instituto Nacional de Estad\u00edstica y Geograf\u00eda (Inegi), el Imoam prev\u00e9 una variaci\u00f3n anual del sector manufacturero de 1.6 por ciento en octubre de 2023 con respecto al mismo mes de 2022, una variaci\u00f3n m\u00e1s acelerada con respecto al aumento de 1.1 por ciento que se estim\u00f3 para septiembre.<\/span><\/p>\n<p><span style=\"font-size: 14pt;\">Para octubre de 2023 y con series sin ajuste estacional, el Indicador Mensual Oportuno de la Actividad Manufacturera tiene un valor de 106.6 puntos como estimaci\u00f3n anticipada del Indicador Mensual de la Actividad Industrial (IMAI) del sector manufacturero.<\/span><\/p>\n<p><span style=\"font-size: 14pt;\">Este nivel corresponde a una variaci\u00f3n estimada anual de 1.6 por ciento, con un intervalo de confianza en 95 por ciento con un l\u00edmite inferior de una contracci\u00f3n de la actividad productiva de 1.6 por ciento en el l\u00edmite inferior y un crecimiento de 5.0 por ciento en un superior.<\/span><\/p>\n<p><span style=\"font-size: 14pt;\">El Imoam es una estimaci\u00f3n anticipada del Indicador Mensual de la Actividad Industrial (IMAI) del sector manufacturero.<\/span><\/p>\n","protected":false},"excerpt":{"rendered":"<p>El Indicador Mensual Oportuno de la Actividad Manufacturera (Imoam) estim\u00f3 que la actividad manufacturera en M\u00e9xico report\u00f3 que mantuvo su<\/p>\n","protected":false},"author":4,"featured_media":21397,"comment_status":"closed","ping_status":"closed","sticky":false,"template":"","format":"standard","meta":{"colormag_page_container_layout":"default_layout","colormag_page_sidebar_layout":"default_layout","_jetpack_memberships_contains_paid_content":false,"footnotes":"","jetpack_publicize_message":"","jetpack_publicize_feature_enabled":true,"jetpack_social_post_already_shared":true,"jetpack_social_options":{"image_generator_settings":{"template":"highway","default_image_id":0,"font":"","enabled":false},"version":2}},"categories":[1947],"tags":[],"class_list":["post-21396","post","type-post","status-publish","format-standard","has-post-thumbnail","hentry","category-economia"],"jetpack_publicize_connections":[],"jetpack_featured_media_url":"https:\/\/noticiasveracruz.com\/wp-content\/uploads\/2023\/12\/sector-manufacturero.jpg","jetpack_sharing_enabled":true,"publishpress_future_action":{"enabled":false,"date":"2026-05-06 16:16:09","action":"change-status","newStatus":"draft","terms":[],"taxonomy":"category","extraData":[]},"publishpress_future_workflow_manual_trigger":{"enabledWorkflows":[]},"_links":{"self":[{"href":"https:\/\/noticiasveracruz.com\/index.php\/wp-json\/wp\/v2\/posts\/21396","targetHints":{"allow":["GET"]}}],"collection":[{"href":"https:\/\/noticiasveracruz.com\/index.php\/wp-json\/wp\/v2\/posts"}],"about":[{"href":"https:\/\/noticiasveracruz.com\/index.php\/wp-json\/wp\/v2\/types\/post"}],"author":[{"embeddable":true,"href":"https:\/\/noticiasveracruz.com\/index.php\/wp-json\/wp\/v2\/users\/4"}],"replies":[{"embeddable":true,"href":"https:\/\/noticiasveracruz.com\/index.php\/wp-json\/wp\/v2\/comments?post=21396"}],"version-history":[{"count":0,"href":"https:\/\/noticiasveracruz.com\/index.php\/wp-json\/wp\/v2\/posts\/21396\/revisions"}],"wp:featuredmedia":[{"embeddable":true,"href":"https:\/\/noticiasveracruz.com\/index.php\/wp-json\/wp\/v2\/media\/21397"}],"wp:attachment":[{"href":"https:\/\/noticiasveracruz.com\/index.php\/wp-json\/wp\/v2\/media?parent=21396"}],"wp:term":[{"taxonomy":"category","embeddable":true,"href":"https:\/\/noticiasveracruz.com\/index.php\/wp-json\/wp\/v2\/categories?post=21396"},{"taxonomy":"post_tag","embeddable":true,"href":"https:\/\/noticiasveracruz.com\/index.php\/wp-json\/wp\/v2\/tags?post=21396"}],"curies":[{"name":"wp","href":"https:\/\/api.w.org\/{rel}","templated":true}]}}