{"id":21383,"date":"2023-12-04T08:14:02","date_gmt":"2023-12-04T14:14:02","guid":{"rendered":"https:\/\/noticiasveracruz.com\/?p=21383"},"modified":"2023-12-04T08:14:02","modified_gmt":"2023-12-04T14:14:02","slug":"ruben-rocha-mas-feo-un-hijo-adicto-que-un-homosexual","status":"publish","type":"post","link":"https:\/\/noticiasveracruz.com\/index.php\/2023\/12\/04\/ruben-rocha-mas-feo-un-hijo-adicto-que-un-homosexual\/","title":{"rendered":"Rub\u00e9n Rocha: \u00abm\u00e1s feo\u00bb, un hijo adicto que un homosexual"},"content":{"rendered":"<div class=\"col col1\">\n<p class=\"s-s\"><span style=\"font-size: 14pt;\">Seg\u00fan el gobernador morenista de Sinaloa, Rub\u00e9n Rocha Moya, es\u00a0<q>m\u00e1s feo<\/q>\u00a0tener un hijo con adicciones que uno homosexual o discapacitado. Sostuvo que muchas familias sienten que tener un hijo con preferencias sexuales diversas es un castigo de Dios.<\/span><\/p>\n<p><span style=\"font-size: 14pt;\">Durante su segundo Informe de labores, en un discurso que ofreci\u00f3 en la explanada del palacio de gobierno de Culiac\u00e1n el 2 de diciembre, en pleno D\u00eda Internacional de las Personas con Discapacidad, coment\u00f3 que en Sinaloa\u00a0<q>tenemos controlado el tema de las adicciones, que est\u00e1 m\u00e1s feo, mucho m\u00e1s que tener a un hijo con discapacidad o tener a un hijo homosexual<\/q>. Sin embargo, aclar\u00f3 que no es homof\u00f3bico.<\/span><\/p>\n<\/div>\n<div class=\"col col2\">\n<p><span style=\"font-size: 14pt;\">El 6 de octubre pasado, Rocha Moya admiti\u00f3 que protegi\u00f3 a un funcionario se\u00f1alado de acosar a trabajadoras del Centro de Justicia para Mujeres en Culiac\u00e1n.<\/span><\/p>\n<\/div>\n","protected":false},"excerpt":{"rendered":"<p>Seg\u00fan el gobernador morenista de Sinaloa, Rub\u00e9n Rocha Moya, es\u00a0m\u00e1s feo\u00a0tener un hijo con adicciones que uno homosexual o discapacitado.<\/p>\n","protected":false},"author":4,"featured_media":21384,"comment_status":"closed","ping_status":"closed","sticky":false,"template":"","format":"standard","meta":{"colormag_page_container_layout":"default_layout","colormag_page_sidebar_layout":"default_layout","_jetpack_memberships_contains_paid_content":false,"footnotes":"","jetpack_publicize_message":"","jetpack_publicize_feature_enabled":true,"jetpack_social_post_already_shared":true,"jetpack_social_options":{"image_generator_settings":{"template":"highway","default_image_id":0,"font":"","enabled":false},"version":2}},"categories":[145],"tags":[],"class_list":["post-21383","post","type-post","status-publish","format-standard","has-post-thumbnail","hentry","category-estados"],"jetpack_publicize_connections":[],"jetpack_featured_media_url":"https:\/\/noticiasveracruz.com\/wp-content\/uploads\/2023\/12\/20231203114325787-0-2127238.jpg","jetpack_sharing_enabled":true,"publishpress_future_action":{"enabled":false,"date":"2026-05-06 19:15:11","action":"change-status","newStatus":"draft","terms":[],"taxonomy":"category","extraData":[]},"publishpress_future_workflow_manual_trigger":{"enabledWorkflows":[]},"_links":{"self":[{"href":"https:\/\/noticiasveracruz.com\/index.php\/wp-json\/wp\/v2\/posts\/21383","targetHints":{"allow":["GET"]}}],"collection":[{"href":"https:\/\/noticiasveracruz.com\/index.php\/wp-json\/wp\/v2\/posts"}],"about":[{"href":"https:\/\/noticiasveracruz.com\/index.php\/wp-json\/wp\/v2\/types\/post"}],"author":[{"embeddable":true,"href":"https:\/\/noticiasveracruz.com\/index.php\/wp-json\/wp\/v2\/users\/4"}],"replies":[{"embeddable":true,"href":"https:\/\/noticiasveracruz.com\/index.php\/wp-json\/wp\/v2\/comments?post=21383"}],"version-history":[{"count":0,"href":"https:\/\/noticiasveracruz.com\/index.php\/wp-json\/wp\/v2\/posts\/21383\/revisions"}],"wp:featuredmedia":[{"embeddable":true,"href":"https:\/\/noticiasveracruz.com\/index.php\/wp-json\/wp\/v2\/media\/21384"}],"wp:attachment":[{"href":"https:\/\/noticiasveracruz.com\/index.php\/wp-json\/wp\/v2\/media?parent=21383"}],"wp:term":[{"taxonomy":"category","embeddable":true,"href":"https:\/\/noticiasveracruz.com\/index.php\/wp-json\/wp\/v2\/categories?post=21383"},{"taxonomy":"post_tag","embeddable":true,"href":"https:\/\/noticiasveracruz.com\/index.php\/wp-json\/wp\/v2\/tags?post=21383"}],"curies":[{"name":"wp","href":"https:\/\/api.w.org\/{rel}","templated":true}]}}