{"id":21377,"date":"2023-12-04T08:05:23","date_gmt":"2023-12-04T14:05:23","guid":{"rendered":"https:\/\/noticiasveracruz.com\/?p=21377"},"modified":"2023-12-04T08:05:23","modified_gmt":"2023-12-04T14:05:23","slug":"eleccion-de-ministra-se-va-hasta-el-13","status":"publish","type":"post","link":"https:\/\/noticiasveracruz.com\/index.php\/2023\/12\/04\/eleccion-de-ministra-se-va-hasta-el-13\/","title":{"rendered":"Elecci\u00f3n de ministra se va hasta el 13"},"content":{"rendered":"<p><span style=\"font-size: 14pt;\">La presidenta de la Mesa Directiva, Ana Lilia Rivera Rivera, estim\u00f3 que ser\u00e1 el pr\u00f3ximo mi\u00e9rcoles, 13 de diciembre, cuando el Pleno del Senado de la Rep\u00fablica desahogue el procedimiento para la designaci\u00f3n de una ministra de la Suprema Corte de Justicia de la Naci\u00f3n (SCJN).<\/span><\/p>\n<p><span style=\"font-size: 14pt;\">La senadora explic\u00f3 que una vez que se recibi\u00f3 del titular del Ejecutivo Federal la nueva terna para cubrir la vacante que dej\u00f3 Arturo Zald\u00edvar Lelo de Larrea, \u00e9sta fue turnada a la Comisi\u00f3n de Justicia de manera directa, para determinar la idoneidad y elegibilidad de una de las tres aspirantes.<\/span><\/p>\n<p><span style=\"font-size: 14pt;\">Cabe recordar que el presidente Andr\u00e9s Manuel L\u00f3pez Obrador mantuvo en esta nueva terna las propuestas de Bertha Mar\u00eda Alcalde Luj\u00e1n y Lenia Batres Guadarrama, quienes ya comparecieron ante la Comisi\u00f3n de Justicia; adem\u00e1s, este \u00f3rgano legislativo resolvi\u00f3 que ellas cumpl\u00edan con los requisitos de idoneidad y de elegibilidad para el cargo.<\/span><\/p>\n<p><span style=\"font-size: 14pt;\">El Ejecutivo incluy\u00f3 entre las aspirantes a Mar\u00eda Er\u00e9ndira Cruz Villegas Fuentes, quien actualmente se desempe\u00f1a como titular de la Unidad de Asuntos Jur\u00eddicos de la Secretar\u00eda de Cultura.<\/span><\/p>\n<p><span style=\"font-size: 14pt;\">Ana Lilia Rivera dijo que el martes sesionar\u00e1 la Mesa Directiva y ese d\u00eda emitir\u00e1 el procedimiento mediante el cual la Comisi\u00f3n de Justicia y el Pleno de la C\u00e1mara desahogar\u00e1n la designaci\u00f3n.<\/span><\/p>\n<p><span style=\"font-size: 14pt;\">Agreg\u00f3 que dicha Comisi\u00f3n enviar\u00e1 a la Mesa Directiva el dictamen correspondiente, que se publicar\u00e1 por lo menos 24 horas antes de la votaci\u00f3n y aprobaci\u00f3n en el Pleno, lo que se estima sea el pr\u00f3ximo 13 de diciembre.<\/span><\/p>\n<p><span style=\"font-size: 14pt;\">Record\u00f3 que una vez que el Pleno discuta, y, en su caso, apruebe el dictamen de idoneidad de la Comisi\u00f3n de Justicia, se convocar\u00e1 a las comparecientes para que, frente al Pleno, defiendan su posici\u00f3n; posteriormente, el Senado de la Rep\u00fablica llevar\u00e1 a cabo la votaci\u00f3n.<\/span><\/p>\n<p><span style=\"font-size: 14pt;\">Ana Lilia Rivera record\u00f3 que se requiere la mayor\u00eda calificada para designar a la nueva ministra de la Suprema Corte de Justicia de la Naci\u00f3n, por lo que, de no conseguir el n\u00famero de votos requeridos para ello, es decir, las dos terceras partes de las y los senadores presentes en el Pleno, se agotar\u00e1 el procedimiento que corresponde al Senado de la Rep\u00fablica.<\/span><\/p>\n<p><span style=\"font-size: 14pt;\">De acuerdo con el art\u00edculo 96 de la Constituci\u00f3n Pol\u00edtica, para nombrar a los ministros de la Suprema Corte de Justicia, el Presidente de la Rep\u00fablica someter\u00e1 una terna a consideraci\u00f3n del Senado, el cual, previa comparecencia de las personas propuestas, designar\u00e1 al ministro que deba cubrir la vacante.<\/span><\/p>\n<p><span style=\"font-size: 14pt;\">La designaci\u00f3n se har\u00e1 por el voto de las dos terceras partes de los miembros del Senado presentes, dentro del improrrogable plazo de 30 d\u00edas. Si el Senado no resolviere dentro de dicho plazo, ocupar\u00e1 el cargo de ministro la persona que, dentro de dicha terna, designe el Presidente de la Rep\u00fablica.<\/span><\/p>\n<p><span style=\"font-size: 14pt;\">En caso de que la C\u00e1mara de Senadores rechace la totalidad de la terna propuesta, el titular del Ejecutivo Federal someter\u00e1 una nueva, en los t\u00e9rminos del p\u00e1rrafo anterior. Si esta segunda terna fuera rechazada, ocupar\u00e1 el cargo la persona que, dentro de dicha terna, designe el Presidente de la Rep\u00fablica.<\/span><\/p>\n","protected":false},"excerpt":{"rendered":"<p>La presidenta de la Mesa Directiva, Ana Lilia Rivera Rivera, estim\u00f3 que ser\u00e1 el pr\u00f3ximo mi\u00e9rcoles, 13 de diciembre, cuando<\/p>\n","protected":false},"author":4,"featured_media":21378,"comment_status":"closed","ping_status":"closed","sticky":false,"template":"","format":"standard","meta":{"colormag_page_container_layout":"default_layout","colormag_page_sidebar_layout":"default_layout","_jetpack_memberships_contains_paid_content":false,"footnotes":"","jetpack_publicize_message":"","jetpack_publicize_feature_enabled":true,"jetpack_social_post_already_shared":true,"jetpack_social_options":{"image_generator_settings":{"template":"highway","default_image_id":0,"font":"","enabled":false},"version":2}},"categories":[4],"tags":[],"class_list":["post-21377","post","type-post","status-publish","format-standard","has-post-thumbnail","hentry","category-nacional"],"jetpack_publicize_connections":[],"jetpack_featured_media_url":"https:\/\/noticiasveracruz.com\/wp-content\/uploads\/2023\/12\/A16b.jpg","jetpack_sharing_enabled":true,"publishpress_future_action":{"enabled":false,"date":"2026-05-06 18:13:11","action":"change-status","newStatus":"draft","terms":[],"taxonomy":"category","extraData":[]},"publishpress_future_workflow_manual_trigger":{"enabledWorkflows":[]},"_links":{"self":[{"href":"https:\/\/noticiasveracruz.com\/index.php\/wp-json\/wp\/v2\/posts\/21377","targetHints":{"allow":["GET"]}}],"collection":[{"href":"https:\/\/noticiasveracruz.com\/index.php\/wp-json\/wp\/v2\/posts"}],"about":[{"href":"https:\/\/noticiasveracruz.com\/index.php\/wp-json\/wp\/v2\/types\/post"}],"author":[{"embeddable":true,"href":"https:\/\/noticiasveracruz.com\/index.php\/wp-json\/wp\/v2\/users\/4"}],"replies":[{"embeddable":true,"href":"https:\/\/noticiasveracruz.com\/index.php\/wp-json\/wp\/v2\/comments?post=21377"}],"version-history":[{"count":0,"href":"https:\/\/noticiasveracruz.com\/index.php\/wp-json\/wp\/v2\/posts\/21377\/revisions"}],"wp:featuredmedia":[{"embeddable":true,"href":"https:\/\/noticiasveracruz.com\/index.php\/wp-json\/wp\/v2\/media\/21378"}],"wp:attachment":[{"href":"https:\/\/noticiasveracruz.com\/index.php\/wp-json\/wp\/v2\/media?parent=21377"}],"wp:term":[{"taxonomy":"category","embeddable":true,"href":"https:\/\/noticiasveracruz.com\/index.php\/wp-json\/wp\/v2\/categories?post=21377"},{"taxonomy":"post_tag","embeddable":true,"href":"https:\/\/noticiasveracruz.com\/index.php\/wp-json\/wp\/v2\/tags?post=21377"}],"curies":[{"name":"wp","href":"https:\/\/api.w.org\/{rel}","templated":true}]}}