{"id":21345,"date":"2023-12-04T01:10:40","date_gmt":"2023-12-04T07:10:40","guid":{"rendered":"https:\/\/noticiasveracruz.com\/?p=21345"},"modified":"2023-12-04T01:10:40","modified_gmt":"2023-12-04T07:10:40","slug":"juntos-parecen-imbatibles","status":"publish","type":"post","link":"https:\/\/noticiasveracruz.com\/index.php\/2023\/12\/04\/juntos-parecen-imbatibles\/","title":{"rendered":"Juntos parecen imbatibles"},"content":{"rendered":"<p><span style=\"font-size: 14pt;\">Los tres han sido candidatos a la gubernatura. Se apellidan igual y esta vez van unidos. Estuvieron juntos en la convivencia anual de Alianza Generacional, ayer, en Veracruz.<\/span><\/p>\n<p><span style=\"font-size: 14pt;\">Son los Yunes. Pepe como candidato. H\u00e9ctor y Miguel \u00c1ngel hijo como sus aliados en la coalici\u00f3n Fuerza y Coraz\u00f3n por Veracruz, integrada por PAN-PRI-PRD.<\/span><\/p>\n<p><span style=\"font-size: 14pt;\">Cientos de asistentes coreaban\u00a0 emocionados la palabra \u00a1Unidad! \u00a1Unidad!<\/span><\/p>\n<p><span style=\"font-size: 14pt;\">Acaso aprendieron las lecciones del pasado\u00a0 cuando cada quien jal\u00f3 por su lado y perdieron.<\/span><\/p>\n<p><span style=\"font-size: 14pt;\">H\u00e9ctor Yunes, l\u00edder de Alianza Generacional, prometi\u00f3 apoyar con todo al candidato. Y Pepe Yunes agradeci\u00f3 el respaldo de H\u00e9ctor y Miguel \u00c1ngel Yunes.<\/span><\/p>\n<p><span style=\"font-size: 14pt;\">\u00bfDerrotar\u00e1n a la candidata de Morena o perder\u00e1n aunque luchen unidos?<\/span><\/p>\n<p><span style=\"font-size: 14pt;\">Los votos de la sociedad civil ser\u00e1n el fiel de la balanza en las elecciones del pr\u00f3ximo a\u00f1o.<\/span><\/p>\n<p><img loading=\"lazy\" decoding=\"async\" class=\"alignnone wp-image-21219 size-full\" src=\"http:\/\/noticiasveracruz.com\/wp-content\/uploads\/2023\/12\/FIRMA-EDITORIAL-PD.jpg\" alt=\"\" width=\"1024\" height=\"125\" srcset=\"https:\/\/noticiasveracruz.com\/wp-content\/uploads\/2023\/12\/FIRMA-EDITORIAL-PD.jpg 1024w, https:\/\/noticiasveracruz.com\/wp-content\/uploads\/2023\/12\/FIRMA-EDITORIAL-PD-300x37.jpg 300w, https:\/\/noticiasveracruz.com\/wp-content\/uploads\/2023\/12\/FIRMA-EDITORIAL-PD-768x94.jpg 768w\" sizes=\"auto, (max-width: 1024px) 100vw, 1024px\" \/><\/p>\n","protected":false},"excerpt":{"rendered":"<p>Los tres han sido candidatos a la gubernatura. Se apellidan igual y esta vez van unidos. Estuvieron juntos en la<\/p>\n","protected":false},"author":4,"featured_media":3786,"comment_status":"closed","ping_status":"closed","sticky":false,"template":"","format":"standard","meta":{"colormag_page_container_layout":"default_layout","colormag_page_sidebar_layout":"default_layout","_jetpack_memberships_contains_paid_content":false,"footnotes":"","jetpack_publicize_message":"","jetpack_publicize_feature_enabled":true,"jetpack_social_post_already_shared":true,"jetpack_social_options":{"image_generator_settings":{"template":"highway","default_image_id":0,"font":"","enabled":false},"version":2}},"categories":[6],"tags":[],"class_list":["post-21345","post","type-post","status-publish","format-standard","has-post-thumbnail","hentry","category-columnistas"],"jetpack_publicize_connections":[],"jetpack_featured_media_url":"https:\/\/noticiasveracruz.com\/wp-content\/uploads\/2022\/05\/PEPE-VALENCIA.png","jetpack_sharing_enabled":true,"publishpress_future_action":{"enabled":false,"date":"2026-05-06 23:03:03","action":"change-status","newStatus":"draft","terms":[],"taxonomy":"category","extraData":[]},"publishpress_future_workflow_manual_trigger":{"enabledWorkflows":[]},"_links":{"self":[{"href":"https:\/\/noticiasveracruz.com\/index.php\/wp-json\/wp\/v2\/posts\/21345","targetHints":{"allow":["GET"]}}],"collection":[{"href":"https:\/\/noticiasveracruz.com\/index.php\/wp-json\/wp\/v2\/posts"}],"about":[{"href":"https:\/\/noticiasveracruz.com\/index.php\/wp-json\/wp\/v2\/types\/post"}],"author":[{"embeddable":true,"href":"https:\/\/noticiasveracruz.com\/index.php\/wp-json\/wp\/v2\/users\/4"}],"replies":[{"embeddable":true,"href":"https:\/\/noticiasveracruz.com\/index.php\/wp-json\/wp\/v2\/comments?post=21345"}],"version-history":[{"count":0,"href":"https:\/\/noticiasveracruz.com\/index.php\/wp-json\/wp\/v2\/posts\/21345\/revisions"}],"wp:featuredmedia":[{"embeddable":true,"href":"https:\/\/noticiasveracruz.com\/index.php\/wp-json\/wp\/v2\/media\/3786"}],"wp:attachment":[{"href":"https:\/\/noticiasveracruz.com\/index.php\/wp-json\/wp\/v2\/media?parent=21345"}],"wp:term":[{"taxonomy":"category","embeddable":true,"href":"https:\/\/noticiasveracruz.com\/index.php\/wp-json\/wp\/v2\/categories?post=21345"},{"taxonomy":"post_tag","embeddable":true,"href":"https:\/\/noticiasveracruz.com\/index.php\/wp-json\/wp\/v2\/tags?post=21345"}],"curies":[{"name":"wp","href":"https:\/\/api.w.org\/{rel}","templated":true}]}}