{"id":21339,"date":"2023-12-03T19:24:03","date_gmt":"2023-12-04T01:24:03","guid":{"rendered":"https:\/\/noticiasveracruz.com\/?p=21339"},"modified":"2023-12-03T19:24:03","modified_gmt":"2023-12-04T01:24:03","slug":"por-rehabilitacion-permanecera-cerrada-temporalmente-la-unidad-deportiva","status":"publish","type":"post","link":"https:\/\/noticiasveracruz.com\/index.php\/2023\/12\/03\/por-rehabilitacion-permanecera-cerrada-temporalmente-la-unidad-deportiva\/","title":{"rendered":"POR REHABILITACI\u00d3N PERMANECER\u00c1 CERRADA TEMPORALMENTE LA UNIDAD DEPORTIVA"},"content":{"rendered":"<p><span style=\"font-size: 14pt;\">El H. Ayuntamiento de Tuxpan informa que la Unidad Deportiva \u201cEnrique Valdez Constantino\u201d cerrar\u00e1 temporalmente a partir del pr\u00f3ximo lunes 4 de diciembre, debido a que iniciar\u00e1n obras de rehabilitaci\u00f3n.<\/span><\/p>\n<p><img loading=\"lazy\" decoding=\"async\" class=\"alignnone size-medium wp-image-21341\" src=\"http:\/\/noticiasveracruz.com\/wp-content\/uploads\/2023\/12\/WhatsApp-Image-2023-12-02-at-15.34.32-1-300x169.jpeg\" alt=\"\" width=\"300\" height=\"169\" srcset=\"https:\/\/noticiasveracruz.com\/wp-content\/uploads\/2023\/12\/WhatsApp-Image-2023-12-02-at-15.34.32-1-300x169.jpeg 300w, https:\/\/noticiasveracruz.com\/wp-content\/uploads\/2023\/12\/WhatsApp-Image-2023-12-02-at-15.34.32-1-1024x576.jpeg 1024w, https:\/\/noticiasveracruz.com\/wp-content\/uploads\/2023\/12\/WhatsApp-Image-2023-12-02-at-15.34.32-1-768x432.jpeg 768w, https:\/\/noticiasveracruz.com\/wp-content\/uploads\/2023\/12\/WhatsApp-Image-2023-12-02-at-15.34.32-1-1536x864.jpeg 1536w, https:\/\/noticiasveracruz.com\/wp-content\/uploads\/2023\/12\/WhatsApp-Image-2023-12-02-at-15.34.32-1.jpeg 1600w\" sizes=\"auto, (max-width: 300px) 100vw, 300px\" \/><\/p>\n<p><img loading=\"lazy\" decoding=\"async\" class=\"alignnone size-medium wp-image-21342\" src=\"http:\/\/noticiasveracruz.com\/wp-content\/uploads\/2023\/12\/WhatsApp-Image-2023-12-02-at-15.34.32-2-300x169.jpeg\" alt=\"\" width=\"300\" height=\"169\" srcset=\"https:\/\/noticiasveracruz.com\/wp-content\/uploads\/2023\/12\/WhatsApp-Image-2023-12-02-at-15.34.32-2-300x169.jpeg 300w, https:\/\/noticiasveracruz.com\/wp-content\/uploads\/2023\/12\/WhatsApp-Image-2023-12-02-at-15.34.32-2-1024x576.jpeg 1024w, https:\/\/noticiasveracruz.com\/wp-content\/uploads\/2023\/12\/WhatsApp-Image-2023-12-02-at-15.34.32-2-768x432.jpeg 768w, https:\/\/noticiasveracruz.com\/wp-content\/uploads\/2023\/12\/WhatsApp-Image-2023-12-02-at-15.34.32-2-1536x864.jpeg 1536w, https:\/\/noticiasveracruz.com\/wp-content\/uploads\/2023\/12\/WhatsApp-Image-2023-12-02-at-15.34.32-2.jpeg 1600w\" sizes=\"auto, (max-width: 300px) 100vw, 300px\" \/><\/p>\n<p><img loading=\"lazy\" decoding=\"async\" class=\"alignnone size-medium wp-image-21343\" src=\"http:\/\/noticiasveracruz.com\/wp-content\/uploads\/2023\/12\/WhatsApp-Image-2023-12-02-at-15.34.32-300x169.jpeg\" alt=\"\" width=\"300\" height=\"169\" srcset=\"https:\/\/noticiasveracruz.com\/wp-content\/uploads\/2023\/12\/WhatsApp-Image-2023-12-02-at-15.34.32-300x169.jpeg 300w, https:\/\/noticiasveracruz.com\/wp-content\/uploads\/2023\/12\/WhatsApp-Image-2023-12-02-at-15.34.32-1024x576.jpeg 1024w, https:\/\/noticiasveracruz.com\/wp-content\/uploads\/2023\/12\/WhatsApp-Image-2023-12-02-at-15.34.32-768x432.jpeg 768w, https:\/\/noticiasveracruz.com\/wp-content\/uploads\/2023\/12\/WhatsApp-Image-2023-12-02-at-15.34.32-1536x864.jpeg 1536w, https:\/\/noticiasveracruz.com\/wp-content\/uploads\/2023\/12\/WhatsApp-Image-2023-12-02-at-15.34.32.jpeg 1600w\" sizes=\"auto, (max-width: 300px) 100vw, 300px\" \/><\/p>\n","protected":false},"excerpt":{"rendered":"<p>El H. Ayuntamiento de Tuxpan informa que la Unidad Deportiva \u201cEnrique Valdez Constantino\u201d cerrar\u00e1 temporalmente a partir del pr\u00f3ximo lunes<\/p>\n","protected":false},"author":4,"featured_media":21340,"comment_status":"closed","ping_status":"closed","sticky":false,"template":"","format":"standard","meta":{"colormag_page_container_layout":"default_layout","colormag_page_sidebar_layout":"default_layout","_jetpack_memberships_contains_paid_content":false,"footnotes":"","jetpack_publicize_message":"","jetpack_publicize_feature_enabled":true,"jetpack_social_post_already_shared":true,"jetpack_social_options":{"image_generator_settings":{"template":"highway","default_image_id":0,"font":"","enabled":false},"version":2}},"categories":[356],"tags":[],"class_list":["post-21339","post","type-post","status-publish","format-standard","has-post-thumbnail","hentry","category-veracruz"],"jetpack_publicize_connections":[],"jetpack_featured_media_url":"https:\/\/noticiasveracruz.com\/wp-content\/uploads\/2023\/12\/WhatsApp-Image-2023-12-02-at-15.34.31.jpeg","jetpack_sharing_enabled":true,"publishpress_future_action":{"enabled":false,"date":"2026-05-06 23:55:46","action":"change-status","newStatus":"draft","terms":[],"taxonomy":"category","extraData":[]},"publishpress_future_workflow_manual_trigger":{"enabledWorkflows":[]},"_links":{"self":[{"href":"https:\/\/noticiasveracruz.com\/index.php\/wp-json\/wp\/v2\/posts\/21339","targetHints":{"allow":["GET"]}}],"collection":[{"href":"https:\/\/noticiasveracruz.com\/index.php\/wp-json\/wp\/v2\/posts"}],"about":[{"href":"https:\/\/noticiasveracruz.com\/index.php\/wp-json\/wp\/v2\/types\/post"}],"author":[{"embeddable":true,"href":"https:\/\/noticiasveracruz.com\/index.php\/wp-json\/wp\/v2\/users\/4"}],"replies":[{"embeddable":true,"href":"https:\/\/noticiasveracruz.com\/index.php\/wp-json\/wp\/v2\/comments?post=21339"}],"version-history":[{"count":0,"href":"https:\/\/noticiasveracruz.com\/index.php\/wp-json\/wp\/v2\/posts\/21339\/revisions"}],"wp:featuredmedia":[{"embeddable":true,"href":"https:\/\/noticiasveracruz.com\/index.php\/wp-json\/wp\/v2\/media\/21340"}],"wp:attachment":[{"href":"https:\/\/noticiasveracruz.com\/index.php\/wp-json\/wp\/v2\/media?parent=21339"}],"wp:term":[{"taxonomy":"category","embeddable":true,"href":"https:\/\/noticiasveracruz.com\/index.php\/wp-json\/wp\/v2\/categories?post=21339"},{"taxonomy":"post_tag","embeddable":true,"href":"https:\/\/noticiasveracruz.com\/index.php\/wp-json\/wp\/v2\/tags?post=21339"}],"curies":[{"name":"wp","href":"https:\/\/api.w.org\/{rel}","templated":true}]}}