{"id":21333,"date":"2023-12-02T13:19:27","date_gmt":"2023-12-02T19:19:27","guid":{"rendered":"https:\/\/noticiasveracruz.com\/?p=21333"},"modified":"2023-12-02T13:19:27","modified_gmt":"2023-12-02T19:19:27","slug":"confianza-empresarial-repunto-en-noviembre-inegi","status":"publish","type":"post","link":"https:\/\/noticiasveracruz.com\/index.php\/2023\/12\/02\/confianza-empresarial-repunto-en-noviembre-inegi\/","title":{"rendered":"Confianza empresarial repunt\u00f3 en noviembre: Inegi"},"content":{"rendered":"<p><span style=\"font-size: 14pt;\">En el contexto de una mayor solidez de la econom\u00eda mexicana, la confianza de los empresarios en el pa\u00eds repunt\u00f3 en noviembre, siendo el sector comercio el que observ\u00f3 una mejor\u00eda, seg\u00fan revelan datos publicados este viernes por el Instituto Nacional de Estad\u00edstica y Geograf\u00eda (Inegi).<\/span><\/p>\n<p><span style=\"font-size: 14pt;\">De acuerdo con cifras originales, el Indicador Global de Opini\u00f3n Empresarial de Confianza (IGOEC), que es el promedio ponderado de las mediciones de los sectores comercio, manufactura, servicios y construcci\u00f3n, fue de 56 puntos en el onceavo mes del a\u00f1o, dato que observ\u00f3 un alza de 6.4 puntos frente a igual lapso del a\u00f1o pasado.<\/span><\/p>\n<p><span style=\"font-size: 14pt;\">Lo anterior ocurre a una semana de que el Inegi dio a conocer que la econom\u00eda mexicana creci\u00f3 1.1 por ciento en el tercer trimestre frente al anterior, mientras que respecto a julio-septiembre del a\u00f1o pasado avanz\u00f3 3.3 por ciento.<\/span><\/p>\n<p><span style=\"font-size: 14pt;\">Esta medici\u00f3n que permite conocer la opini\u00f3n de las y los directivos empresariales de los cuatro sectores, muestra que el sector comercio tuvo una mejor\u00eda al ubicarse en 56.2 puntos, lo cual represent\u00f3 un avance de 1.1 puntos frente a octubre, mientras que respecto a noviembre de este a\u00f1o fue mayor en 3.5 puntos.<\/span><\/p>\n<p><span style=\"font-size: 14pt;\">Entre los componentes que destacaron fue el momento para invertir, el cual se ubic\u00f3 en 45.7 puntos, dato que mostr\u00f3 un aumento de 2.5 puntos frente al d\u00e9cimo mes y 10.6 puntos respecto a noviembre del a\u00f1o pasado.<\/span><\/p>\n<p><span style=\"font-size: 14pt;\">Frente a la situaci\u00f3n econ\u00f3mica del pa\u00eds, los empresarios del sector comercio mostraron mayor confianza, pues el indicador report\u00f3 un alza de 2.9 puntos anual, tras ubicarse en 45.7 puntos.<\/span><\/p>\n<p><span style=\"font-size: 14pt;\">El indicador referente al sector servicios se ubic\u00f3 en 57.8 puntos, dato que mostr\u00f3 un avance de 0.9 puntos mensual y 10.2 puntos respecto a noviembre del a\u00f1o pasado. Al interior destac\u00f3 el momento para invertir, el cual creci\u00f3 13.3 puntos respecto a igual periodo del a\u00f1o pasado, mientras que situaci\u00f3n econ\u00f3mica actual se ubic\u00f3 en 56.0 puntos, lo que signific\u00f3 un alza de 10.3 puntos.<\/span><\/p>\n<p><span style=\"font-size: 14pt;\">La confianza del sector construcci\u00f3n, uno de los que m\u00e1s ha avanzado en el \u00faltimo a\u00f1o por impulso de los proyectos insignia del presidente Andr\u00e9s Manuel L\u00f3pez Obrador y la relocalizaci\u00f3n de empresas, fue de 51.8 puntos, cifra que mostr\u00f3 un retroceso mensual de 0.5 puntos, pero un avance de 1.3 puntos a tasa anual.<\/span><\/p>\n<p><span style=\"font-size: 14pt;\">Al interior destac\u00f3 que la situaci\u00f3n econ\u00f3mica presente del pa\u00eds se ubic\u00f3 en 50.3 puntos, lo que signific\u00f3 descenso de 0.9 frente a octubre y 0.3 respecto a noviembre del a\u00f1o pasado.<\/span><\/p>\n<p><span style=\"font-size: 14pt;\">La confianza del sector manufacturero fue de 54.0 puntos, cifra que no observ\u00f3 variaci\u00f3n mensual, pero frente al onceavo mes del a\u00f1o pasado signific\u00f3 un aumento de 3.7 puntos.<\/span><\/p>\n<p><span style=\"font-size: 14pt;\">El momento para invertir se ubic\u00f3 en 46.1 puntos, componentes que mostr\u00f3 alzas de 0.9 y 6.4 puntos, mensual y a tasa anual, respectivamente. La situaci\u00f3n econ\u00f3mica actual fue de 53.3 puntos. Aunque esta cifra mostr\u00f3 un descenso de 0.4 puntos frente a octubre, avanz\u00f3 6.4 puntos frente a noviembre del a\u00f1o pasado.<\/span><\/p>\n","protected":false},"excerpt":{"rendered":"<p>En el contexto de una mayor solidez de la econom\u00eda mexicana, la confianza de los empresarios en el pa\u00eds repunt\u00f3<\/p>\n","protected":false},"author":4,"featured_media":21334,"comment_status":"closed","ping_status":"closed","sticky":false,"template":"","format":"standard","meta":{"colormag_page_container_layout":"default_layout","colormag_page_sidebar_layout":"default_layout","_jetpack_memberships_contains_paid_content":false,"footnotes":"","jetpack_publicize_message":"","jetpack_publicize_feature_enabled":true,"jetpack_social_post_already_shared":true,"jetpack_social_options":{"image_generator_settings":{"template":"highway","default_image_id":0,"font":"","enabled":false},"version":2}},"categories":[1947],"tags":[],"class_list":["post-21333","post","type-post","status-publish","format-standard","has-post-thumbnail","hentry","category-economia"],"jetpack_publicize_connections":[],"jetpack_featured_media_url":"https:\/\/noticiasveracruz.com\/wp-content\/uploads\/2023\/12\/fb2a89a88daae7b10ccdf0f124eb2aed_XL.jpg","jetpack_sharing_enabled":true,"publishpress_future_action":{"enabled":false,"date":"2026-05-07 01:33:14","action":"change-status","newStatus":"draft","terms":[],"taxonomy":"category","extraData":[]},"publishpress_future_workflow_manual_trigger":{"enabledWorkflows":[]},"_links":{"self":[{"href":"https:\/\/noticiasveracruz.com\/index.php\/wp-json\/wp\/v2\/posts\/21333","targetHints":{"allow":["GET"]}}],"collection":[{"href":"https:\/\/noticiasveracruz.com\/index.php\/wp-json\/wp\/v2\/posts"}],"about":[{"href":"https:\/\/noticiasveracruz.com\/index.php\/wp-json\/wp\/v2\/types\/post"}],"author":[{"embeddable":true,"href":"https:\/\/noticiasveracruz.com\/index.php\/wp-json\/wp\/v2\/users\/4"}],"replies":[{"embeddable":true,"href":"https:\/\/noticiasveracruz.com\/index.php\/wp-json\/wp\/v2\/comments?post=21333"}],"version-history":[{"count":0,"href":"https:\/\/noticiasveracruz.com\/index.php\/wp-json\/wp\/v2\/posts\/21333\/revisions"}],"wp:featuredmedia":[{"embeddable":true,"href":"https:\/\/noticiasveracruz.com\/index.php\/wp-json\/wp\/v2\/media\/21334"}],"wp:attachment":[{"href":"https:\/\/noticiasveracruz.com\/index.php\/wp-json\/wp\/v2\/media?parent=21333"}],"wp:term":[{"taxonomy":"category","embeddable":true,"href":"https:\/\/noticiasveracruz.com\/index.php\/wp-json\/wp\/v2\/categories?post=21333"},{"taxonomy":"post_tag","embeddable":true,"href":"https:\/\/noticiasveracruz.com\/index.php\/wp-json\/wp\/v2\/tags?post=21333"}],"curies":[{"name":"wp","href":"https:\/\/api.w.org\/{rel}","templated":true}]}}