{"id":21327,"date":"2023-12-02T13:12:20","date_gmt":"2023-12-02T19:12:20","guid":{"rendered":"https:\/\/noticiasveracruz.com\/?p=21327"},"modified":"2023-12-02T13:12:20","modified_gmt":"2023-12-02T19:12:20","slug":"asume-damaso-anaya-alvarado-rectoria-de-la-uat","status":"publish","type":"post","link":"https:\/\/noticiasveracruz.com\/index.php\/2023\/12\/02\/asume-damaso-anaya-alvarado-rectoria-de-la-uat\/","title":{"rendered":"Asume D\u00e1maso Anaya Alvarado Rector\u00eda de la UAT"},"content":{"rendered":"<p><span style=\"font-size: 14pt;\"><span lang=\"es-ES-u-co-trad\">Ciudad Victoria, Tamps.- El Doctor D<\/span>\u00e1<span lang=\"es-ES-u-co-trad\">maso Leonardo Anaya Alvarado, fue electo este viernes como rector de la Universidad Aut\u00f3noma de Tamaulipas (UAT) por la Asamblea Universitaria, quien aprob\u00f3 la propuesta de integrantes del \u00f3rgano colegiado, para que ocupe el m<\/span>\u00e1<span lang=\"es-ES-u-co-trad\">ximo cargo al frente de la casa de estudios, en sustituci\u00f3<\/span>n de Guillermo Mendoza Cavazos.<\/span><\/p>\n<p class=\"western\" lang=\"en-US\"><span style=\"font-size: 14pt;\">En sesi<span lang=\"es-ES-u-co-trad\">\u00f3n extraordinaria, la Asamblea aprob\u00f3 por unanimidad la propuesta presentada por los directores, Flaviano Benavides Gonz<\/span>\u00e1<span lang=\"es-ES-u-co-trad\">lez, Jaime Malacara Nav<\/span><span lang=\"fr-FR\">\u00e9<\/span>jar, Roberto Pichardo Ram\u00ed<span lang=\"es-ES-u-co-trad\">rez, directores respectivamente de la Facultad de Medicina Veterinaria y Zootecnia, de la Unidad Acad<\/span><span lang=\"fr-FR\">\u00e9<\/span><span lang=\"es-ES-u-co-trad\">mica Multidisciplinaria Reynosa Rodhe y de la Facultad de Ingenier<\/span>\u00ed<span lang=\"es-ES-u-co-trad\">a Tampico, para que el Doctor D<\/span>\u00e1<span lang=\"es-ES-u-co-trad\">maso Anaya Alvarado sea quien ocupe la rector<\/span>\u00ed<span lang=\"es-ES-u-co-trad\">a interina de la UAT.<\/span><\/span><\/p>\n<p class=\"western\" lang=\"en-US\"><span style=\"font-size: 14pt;\"><span lang=\"es-ES-u-co-trad\">La misma Asamblea Universitaria, de la cual son integrantes directores y representantes de estudiantes y docentes de las 26 facultades, unidades acad<\/span><span lang=\"fr-FR\">\u00e9<\/span><span lang=\"es-ES-u-co-trad\">micas y escuelas de la UAT, constituida en Junta Permanente, y presidida por el secretario general Eduardo Arvizu S<\/span>\u00e1<span lang=\"es-ES-u-co-trad\">nchez, aprob\u00f3 la renuncia al cargo que fue presentada por Guillermo Mendoza.<\/span><\/span><\/p>\n<p class=\"western\" lang=\"en-US\"><span style=\"font-size: 14pt;\"><span lang=\"es-ES-u-co-trad\">En la ceremonia celebrada en el Teatro Universitario, agradeci\u00f3 a los universitarios la confianza para dirigir a la instituci\u00f3n, asimismo destac\u00f3 su compromiso para conservar la unidad de la Universidad Aut\u00f3<\/span>noma de Tamaulipas, as\u00ed <span lang=\"es-ES-u-co-trad\">realizar y cumplir cada uno de los acuerdos que se asuman y, contribuir al aseguramiento de los avances institucionales.<\/span><\/span><\/p>\n<p class=\"western\" lang=\"en-US\"><span style=\"font-size: 14pt;\">\u201c<span lang=\"es-ES-u-co-trad\">Son tiempos de transformaci\u00f3n social, que exigen un mayor compromiso de la universidad para formar profesionistas con sentido social y calidad educativa, donde priorice la educaci\u00f3n dentro de un ambiente participativo y colaborativo, con un modelo de acercamiento de nuestro quehacer universitario hacia los dem<\/span>\u00e1<span lang=\"es-ES-u-co-trad\">s. Por ello, promoveremos el fortalecimiento de una universidad humanista<\/span>\u201d<span lang=\"fr-FR\">, expres<\/span><span lang=\"es-ES-u-co-trad\">\u00f3<\/span>.<\/span><\/p>\n<p class=\"western\" lang=\"en-US\"><span style=\"font-size: 14pt;\"><span lang=\"es-ES-u-co-trad\">Ante profesores y alumnos de las 26 Facultades, unidades acad<\/span><span lang=\"fr-FR\">\u00e9<\/span><span lang=\"es-ES-u-co-trad\">micas y escuelas de los campus universitarios subray\u00f3 que es indispensable rescatar el respeto a la nuestra instituci\u00f3n y que para ello impulsar<\/span>\u00e1 <span lang=\"es-ES-u-co-trad\">una administraci\u00f3n abierta, democr<\/span>\u00e1<span lang=\"es-ES-u-co-trad\">tica y transparente, en el entendido que la Universidad es un ente social que requiere el trabajo de sus integrantes.<\/span><\/span><\/p>\n<p class=\"western\" lang=\"en-US\"><span style=\"font-size: 14pt;\"><span lang=\"es-ES-u-co-trad\">Anaya Alvarado, es m<\/span><span lang=\"fr-FR\">\u00e9<\/span><span lang=\"es-ES-u-co-trad\">dico veterinario zootecnista egresado de la Facultad de Medicina Veterinaria y Zootecnia (FMVZ) de la UAT, donde ha realizado la Maestr<\/span>\u00ed<span lang=\"es-ES-u-co-trad\">a en Administraci\u00f3n de Empresas Agropecuarias y el Doctorado en Ciencias Sistemas Agropecuarios y Medio Ambiente, tiene Maestr<\/span>\u00ed<span lang=\"es-ES-u-co-trad\">a en Producci\u00f3n Animal por la Universidad Aut\u00f3noma Agraria Antonio Narro y Diplomado de Nutrici\u00f3<\/span>n Animal. Durante tres d<span lang=\"fr-FR\">\u00e9<\/span><span lang=\"es-ES-u-co-trad\">cadas se ha desempe\u00f1ado como catedr<\/span>\u00e1<span lang=\"es-ES-u-co-trad\">tico, donde promovi\u00f3 <\/span>el posgrado Econom\u00ed<span lang=\"es-ES-u-co-trad\">a y Desarrollo Regional, ocupo cargos en el <\/span>\u00e1<span lang=\"es-ES-u-co-trad\">rea de producci\u00f3n en la FMVZ. Antes de asumir la rector<\/span>\u00eda se desempe<span lang=\"es-ES-u-co-trad\">\u00f1aba como Secretario de Desarrollo Rural del Gobierno Estatal.<\/span><\/span><\/p>\n","protected":false},"excerpt":{"rendered":"<p>Ciudad Victoria, Tamps.- El Doctor D\u00e1maso Leonardo Anaya Alvarado, fue electo este viernes como rector de la Universidad Aut\u00f3noma de<\/p>\n","protected":false},"author":4,"featured_media":21328,"comment_status":"closed","ping_status":"closed","sticky":false,"template":"","format":"standard","meta":{"colormag_page_container_layout":"default_layout","colormag_page_sidebar_layout":"default_layout","_jetpack_memberships_contains_paid_content":false,"footnotes":"","jetpack_publicize_message":"","jetpack_publicize_feature_enabled":true,"jetpack_social_post_already_shared":true,"jetpack_social_options":{"image_generator_settings":{"template":"highway","default_image_id":0,"font":"","enabled":false},"version":2}},"categories":[145],"tags":[],"class_list":["post-21327","post","type-post","status-publish","format-standard","has-post-thumbnail","hentry","category-estados"],"jetpack_publicize_connections":[],"jetpack_featured_media_url":"https:\/\/noticiasveracruz.com\/wp-content\/uploads\/2023\/12\/Foto-UAT.jpg","jetpack_sharing_enabled":true,"publishpress_future_action":{"enabled":false,"date":"2026-05-06 14:54:35","action":"change-status","newStatus":"draft","terms":[],"taxonomy":"category","extraData":[]},"publishpress_future_workflow_manual_trigger":{"enabledWorkflows":[]},"_links":{"self":[{"href":"https:\/\/noticiasveracruz.com\/index.php\/wp-json\/wp\/v2\/posts\/21327","targetHints":{"allow":["GET"]}}],"collection":[{"href":"https:\/\/noticiasveracruz.com\/index.php\/wp-json\/wp\/v2\/posts"}],"about":[{"href":"https:\/\/noticiasveracruz.com\/index.php\/wp-json\/wp\/v2\/types\/post"}],"author":[{"embeddable":true,"href":"https:\/\/noticiasveracruz.com\/index.php\/wp-json\/wp\/v2\/users\/4"}],"replies":[{"embeddable":true,"href":"https:\/\/noticiasveracruz.com\/index.php\/wp-json\/wp\/v2\/comments?post=21327"}],"version-history":[{"count":0,"href":"https:\/\/noticiasveracruz.com\/index.php\/wp-json\/wp\/v2\/posts\/21327\/revisions"}],"wp:featuredmedia":[{"embeddable":true,"href":"https:\/\/noticiasveracruz.com\/index.php\/wp-json\/wp\/v2\/media\/21328"}],"wp:attachment":[{"href":"https:\/\/noticiasveracruz.com\/index.php\/wp-json\/wp\/v2\/media?parent=21327"}],"wp:term":[{"taxonomy":"category","embeddable":true,"href":"https:\/\/noticiasveracruz.com\/index.php\/wp-json\/wp\/v2\/categories?post=21327"},{"taxonomy":"post_tag","embeddable":true,"href":"https:\/\/noticiasveracruz.com\/index.php\/wp-json\/wp\/v2\/tags?post=21327"}],"curies":[{"name":"wp","href":"https:\/\/api.w.org\/{rel}","templated":true}]}}