{"id":21305,"date":"2023-12-02T12:38:44","date_gmt":"2023-12-02T18:38:44","guid":{"rendered":"https:\/\/noticiasveracruz.com\/?p=21305"},"modified":"2023-12-02T12:38:44","modified_gmt":"2023-12-02T18:38:44","slug":"defensores-en-mexico-son-vulnerados-y-criminalizados","status":"publish","type":"post","link":"https:\/\/noticiasveracruz.com\/index.php\/2023\/12\/02\/defensores-en-mexico-son-vulnerados-y-criminalizados\/","title":{"rendered":"Defensores en M\u00e9xico son vulnerados y criminalizados"},"content":{"rendered":"<p><span style=\"font-size: 14pt;\">En M\u00e9xico, las personas defensoras de los derechos humanos siguen siendo vulneradas y criminalizadas por ejercer su derecho a la protesta y demandar justicia, como lo demuestran en particular los casos de las activistas ind\u00edgenas Kenia Hern\u00e1ndez y Pascuala L\u00f3pez, quienes han sufrido encarcelamiento, amenazas y ataques graves.<\/span><\/p>\n<p><span style=\"font-size: 14pt;\">As\u00ed lo afirmaron las organizaciones participantes en la Misi\u00f3n Civil de Observaci\u00f3n en Derechos Humanos, que visit\u00f3 diversos estados de las zonas centro y sur del pa\u00eds del 22 al 30 de noviembre pasado, y cuyos integrantes presentaron ayer los principales hallazgos y conclusiones de su recorrido.<\/span><\/p>\n<p><span style=\"font-size: 14pt;\">En conferencia de prensa, Diana Riva, legisladora del Parlamento Europeo, del grupo de Los Verdes\/Alianza Europea, lament\u00f3 que en M\u00e9xico los defensores de derechos humanos se ven vulnerados por denunciar temas como los abusos de empresas extractivistas, al tiempo que las personas que buscan a sus familiares desaparecidos tambi\u00e9n est\u00e1n expuestos a m\u00faltiples agresiones.<\/span><\/p>\n<p><span style=\"font-size: 14pt;\">En ese marco, resalt\u00f3 que la Misi\u00f3n Civil de Observaci\u00f3n \u2013integrada por diversas organizaciones civiles mexicanas, adem\u00e1s de periodistas y activistas de pa\u00edses europeos\u2014pudo documentar la persistencia de la criminalizaci\u00f3n de los defensores de derechos humanos en el pa\u00eds, como lo deja ver el caso de Kenia Hern\u00e1ndez.<\/span><\/p>\n<p><span style=\"font-size: 14pt;\">La luchadora social, quien fue detenida en octubre de 2020, \u201csufre impactos devastadores tras tres a\u00f1os en reclusi\u00f3n en m\u00e1xima seguridad, enfrentando condiciones inhumanas\u201d, dijo Riva, quien denunci\u00f3 que a la Misi\u00f3n le fue negado el acceso al reclusorio donde est\u00e1 Hern\u00e1ndez, por lo que no pudieron visitarla.<\/span><\/p>\n<p><span style=\"font-size: 14pt;\">Otro caso que fue destacado en la rueda de prensa fue el de la activista ind\u00edgena Pascuala L\u00f3pez, quien exige justicia para su hijo Mateo G\u00f3mez, asesinado en 2020 en el estado de Chiapas, luego de haberse negado al reclutamiento forzoso de grupos del crimen organizado.<\/span><\/p>\n<p><span style=\"font-size: 14pt;\">La propia mujer se\u00f1al\u00f3 que, por denunciar la muerte de su hijo, ha sido agredida, golpeada y amenazada gravemente, con actos que incluyen el incendio de su vivienda en San Crist\u00f3bal de las Casas.<\/span><\/p>\n<p><span style=\"font-size: 14pt;\">Tras exigir la liberaci\u00f3n de sus compa\u00f1eros de lucha, entre ellos el ejidatario Pedro Hern\u00e1ndez L\u00f3pez, la luchadora social recalc\u00f3: \u201cSi me pasa algo a m\u00ed, voy a dejar responsable al gobierno, porque sabe todo el problema. Me dicen que no puedo hablar, porque soy una mujer ind\u00edgena que no sabe leer, pero nunca me voy a dejar, y voy a buscar justicia, porque soy una madre y tengo derecho de hablar\u201d.<\/span><\/p>\n<p><span style=\"font-size: 14pt;\">Integrantes de otras organizaciones civiles a\u00f1adieron que durante su visita a los estados de Morelos, Tlaxcala, Puebla y Chiapas, tambi\u00e9n pudieron documentar agresiones contra mujeres defensoras, migrantes, comunidades ind\u00edgenas, familiares de personas desaparecidas, v\u00edctimas de desplazamiento forzado y periodistas.<\/span><\/p>\n","protected":false},"excerpt":{"rendered":"<p>En M\u00e9xico, las personas defensoras de los derechos humanos siguen siendo vulneradas y criminalizadas por ejercer su derecho a la<\/p>\n","protected":false},"author":4,"featured_media":21306,"comment_status":"closed","ping_status":"closed","sticky":false,"template":"","format":"standard","meta":{"colormag_page_container_layout":"default_layout","colormag_page_sidebar_layout":"default_layout","_jetpack_memberships_contains_paid_content":false,"footnotes":"","jetpack_publicize_message":"","jetpack_publicize_feature_enabled":true,"jetpack_social_post_already_shared":true,"jetpack_social_options":{"image_generator_settings":{"template":"highway","default_image_id":0,"font":"","enabled":false},"version":2}},"categories":[4],"tags":[],"class_list":["post-21305","post","type-post","status-publish","format-standard","has-post-thumbnail","hentry","category-nacional"],"jetpack_publicize_connections":[],"jetpack_featured_media_url":"https:\/\/noticiasveracruz.com\/wp-content\/uploads\/2023\/12\/defensoras-en-mexico-son-vulneradas-y-criminalizadas-observadores-7688html-desplazadosjpg-6230html-6a52aa81-a687-4ad0-90cb-dbd2ac1766c1.jpg","jetpack_sharing_enabled":true,"publishpress_future_action":{"enabled":false,"date":"2026-05-06 14:54:35","action":"change-status","newStatus":"draft","terms":[],"taxonomy":"category","extraData":[]},"publishpress_future_workflow_manual_trigger":{"enabledWorkflows":[]},"_links":{"self":[{"href":"https:\/\/noticiasveracruz.com\/index.php\/wp-json\/wp\/v2\/posts\/21305","targetHints":{"allow":["GET"]}}],"collection":[{"href":"https:\/\/noticiasveracruz.com\/index.php\/wp-json\/wp\/v2\/posts"}],"about":[{"href":"https:\/\/noticiasveracruz.com\/index.php\/wp-json\/wp\/v2\/types\/post"}],"author":[{"embeddable":true,"href":"https:\/\/noticiasveracruz.com\/index.php\/wp-json\/wp\/v2\/users\/4"}],"replies":[{"embeddable":true,"href":"https:\/\/noticiasveracruz.com\/index.php\/wp-json\/wp\/v2\/comments?post=21305"}],"version-history":[{"count":0,"href":"https:\/\/noticiasveracruz.com\/index.php\/wp-json\/wp\/v2\/posts\/21305\/revisions"}],"wp:featuredmedia":[{"embeddable":true,"href":"https:\/\/noticiasveracruz.com\/index.php\/wp-json\/wp\/v2\/media\/21306"}],"wp:attachment":[{"href":"https:\/\/noticiasveracruz.com\/index.php\/wp-json\/wp\/v2\/media?parent=21305"}],"wp:term":[{"taxonomy":"category","embeddable":true,"href":"https:\/\/noticiasveracruz.com\/index.php\/wp-json\/wp\/v2\/categories?post=21305"},{"taxonomy":"post_tag","embeddable":true,"href":"https:\/\/noticiasveracruz.com\/index.php\/wp-json\/wp\/v2\/tags?post=21305"}],"curies":[{"name":"wp","href":"https:\/\/api.w.org\/{rel}","templated":true}]}}