{"id":21302,"date":"2023-12-02T12:35:19","date_gmt":"2023-12-02T18:35:19","guid":{"rendered":"https:\/\/noticiasveracruz.com\/?p=21302"},"modified":"2023-12-02T12:35:19","modified_gmt":"2023-12-02T18:35:19","slug":"rechaza-slim-iniciativa-de-jornada-laboral-a-40-horas","status":"publish","type":"post","link":"https:\/\/noticiasveracruz.com\/index.php\/2023\/12\/02\/rechaza-slim-iniciativa-de-jornada-laboral-a-40-horas\/","title":{"rendered":"Rechaza Slim iniciativa de jornada laboral a 40 horas"},"content":{"rendered":"<p><span style=\"font-size: 14pt;\">El magnate Carlos Slim Hel\u00fa rechaz\u00f3 la iniciativa de reforma laboral que reducir la jornada de los trabajadores de 48 a 40 horas a la semana.<\/span><\/p>\n<p><span style=\"font-size: 14pt;\">Entrevistado al concluir el acto de inauguraci\u00f3n del Aeropuerto Internacional de Tulum \u201cFelipe Carrillo Puerto\u201d, el fundador y presidente honorario vitalicio de Grupo Carso tambi\u00e9n plante\u00f3 que de cara a las elecciones de 2024 ve estabilidad econ\u00f3mica en el pa\u00eds.<\/span><\/p>\n<p><span style=\"font-size: 14pt;\">Al t\u00e9rmino de la ceremonia, que fue encabezada por el presidente Andr\u00e9s Manuel L\u00f3pez Obrador en la sede de la nueva terminal a\u00e9rea, reporteros abordaron al empresario mexicano para interrogarlo sobre el proceso electoral y su visi\u00f3n en materia econ\u00f3mica en los pr\u00f3ximos a\u00f1os.<\/span><\/p>\n<p><span style=\"font-size: 14pt;\">\u201cPues va a ser 24, 25, 26, 27, son para los pr\u00f3ximos 10, 15 a\u00f1os que va a haber mucho desarrollo y mucho crecimiento\u201d, estim\u00f3.<\/span><\/p>\n<p><span style=\"font-size: 14pt;\">-\u00bfY c\u00f3mo ve el proceso electoral? -se le cuestion\u00f3.<\/span><\/p>\n<p><span style=\"font-size: 14pt;\">-Ah, pues usted sabe m\u00e1s que yo \u2014respondi\u00f3.<\/span><\/p>\n<p><span style=\"font-size: 14pt;\">-\u00bfVe estabilidad econ\u00f3mica?<\/span><\/p>\n<p><span style=\"font-size: 14pt;\">-Claro que s\u00ed, claro que s\u00ed\u201d -remarc\u00f3.<\/span><\/p>\n<p><span style=\"font-size: 14pt;\">Sobre la iniciativa de reforma laboral que se discute en la C\u00e1mara de Diputados y que propone reducir a 40 horas la jornada, el magnate de inmediato expres\u00f3 su desacuerdo.<\/span><\/p>\n<p><span style=\"font-size: 14pt;\">\u201cNo, yo creo que es mejor que las personas trabajen 48 y ganen m\u00e1s a que trabajen 40 y ganen menos, eso es muy importante para la poblaci\u00f3n tener mejor ingreso para tener mayor poder adquisitivo, y es lo que se ha logrado\u201d con las pol\u00edticas del presidente.<\/span><\/p>\n<p><span style=\"font-size: 14pt;\">\u201c\u00bfQu\u00e9 es mejor? \u00bfGanar mucho m\u00e1s y vivir mucho mejor o trabajar menos y ganar menos?\u201d, interrog\u00f3 el empresario; a lo que de inmediato \u00e9l mismo contest\u00f3: \u201cCreo que es mejor trabajar m\u00e1s y ganar m\u00e1s\u201d.<\/span><\/p>\n","protected":false},"excerpt":{"rendered":"<p>El magnate Carlos Slim Hel\u00fa rechaz\u00f3 la iniciativa de reforma laboral que reducir la jornada de los trabajadores de 48<\/p>\n","protected":false},"author":4,"featured_media":21303,"comment_status":"closed","ping_status":"closed","sticky":false,"template":"","format":"standard","meta":{"colormag_page_container_layout":"default_layout","colormag_page_sidebar_layout":"default_layout","_jetpack_memberships_contains_paid_content":false,"footnotes":"","jetpack_publicize_message":"","jetpack_publicize_feature_enabled":true,"jetpack_social_post_already_shared":true,"jetpack_social_options":{"image_generator_settings":{"template":"highway","default_image_id":0,"font":"","enabled":false},"version":2}},"categories":[4],"tags":[],"class_list":["post-21302","post","type-post","status-publish","format-standard","has-post-thumbnail","hentry","category-nacional"],"jetpack_publicize_connections":[],"jetpack_featured_media_url":"https:\/\/noticiasveracruz.com\/wp-content\/uploads\/2023\/12\/slimm1.jpg","jetpack_sharing_enabled":true,"publishpress_future_action":{"enabled":false,"date":"2026-05-06 15:39:41","action":"change-status","newStatus":"draft","terms":[],"taxonomy":"category","extraData":[]},"publishpress_future_workflow_manual_trigger":{"enabledWorkflows":[]},"_links":{"self":[{"href":"https:\/\/noticiasveracruz.com\/index.php\/wp-json\/wp\/v2\/posts\/21302","targetHints":{"allow":["GET"]}}],"collection":[{"href":"https:\/\/noticiasveracruz.com\/index.php\/wp-json\/wp\/v2\/posts"}],"about":[{"href":"https:\/\/noticiasveracruz.com\/index.php\/wp-json\/wp\/v2\/types\/post"}],"author":[{"embeddable":true,"href":"https:\/\/noticiasveracruz.com\/index.php\/wp-json\/wp\/v2\/users\/4"}],"replies":[{"embeddable":true,"href":"https:\/\/noticiasveracruz.com\/index.php\/wp-json\/wp\/v2\/comments?post=21302"}],"version-history":[{"count":0,"href":"https:\/\/noticiasveracruz.com\/index.php\/wp-json\/wp\/v2\/posts\/21302\/revisions"}],"wp:featuredmedia":[{"embeddable":true,"href":"https:\/\/noticiasveracruz.com\/index.php\/wp-json\/wp\/v2\/media\/21303"}],"wp:attachment":[{"href":"https:\/\/noticiasveracruz.com\/index.php\/wp-json\/wp\/v2\/media?parent=21302"}],"wp:term":[{"taxonomy":"category","embeddable":true,"href":"https:\/\/noticiasveracruz.com\/index.php\/wp-json\/wp\/v2\/categories?post=21302"},{"taxonomy":"post_tag","embeddable":true,"href":"https:\/\/noticiasveracruz.com\/index.php\/wp-json\/wp\/v2\/tags?post=21302"}],"curies":[{"name":"wp","href":"https:\/\/api.w.org\/{rel}","templated":true}]}}