{"id":21297,"date":"2023-12-01T17:10:45","date_gmt":"2023-12-01T23:10:45","guid":{"rendered":"https:\/\/noticiasveracruz.com\/?p=21297"},"modified":"2023-12-01T17:10:45","modified_gmt":"2023-12-01T23:10:45","slug":"como-justifica-el-pri-sus-millonarios-gastos","status":"publish","type":"post","link":"https:\/\/noticiasveracruz.com\/index.php\/2023\/12\/01\/como-justifica-el-pri-sus-millonarios-gastos\/","title":{"rendered":"C\u00f3mo justifica el PRI sus millonarios gastos"},"content":{"rendered":"<ul>\n<li><span style=\"font-size: 14pt;\"><strong>Mediante \u201ctalleres y conferencias\u201d de capacitaci\u00f3n a su militancia<\/strong><\/span><\/li>\n<li><span style=\"font-size: 14pt;\"><strong>Para el a\u00f1o entrante significa un total de $60,081,426.60<\/strong><\/span><\/li>\n<li><span style=\"font-size: 14pt;\"><strong>En cada evento se tiene un presupuesto de $1,715,000.00<\/strong><\/span><\/li>\n<\/ul>\n<p><span style=\"font-size: 14pt;\"><strong>Por Miguel \u00c1ngel Cristiani G.<\/strong><\/span><\/p>\n<p><span style=\"font-size: 14pt;\">Los distintos partidos pol\u00edticos han encontrado una forma para \u201clavar\u201d el dinero que se les entrega en las llamadas prerrogativas, mediante talleres y conferencias de capacitaci\u00f3n, que nada m\u00e1s como un ejemplo, al Partido Revolucionario Institucional para el a\u00f1o entrante significa un total de $60,081,426.60<\/span><\/p>\n<p><span style=\"font-size: 14pt;\">De esa manera, justifican los millones de pesos, que se supone gastan en impartir cursos y conferencias pero que en cada evento se gastan o justifican $1,715,000.00<\/span><\/p>\n<p><span style=\"font-size: 14pt;\">El concepto que se maneja ante el INE en su programa anual para el a\u00f1o entrante es el de \u201cEducaci\u00f3n y Capacitaci\u00f3n Pol\u00edtica\u201d De conformidad con los art\u00edculos 163 numeral 1, 170 numeral 1 y 3, 175 numeral 1 inciso g) y 176 del Reglamento de Fiscalizaci\u00f3n<\/span><\/p>\n<p><span style=\"font-size: 14pt;\">El programa de gasto, incluye actas constitutivas con base en la siguiente cartera Los temas que se manejan como\u00a0\u00a0Actividades Espec\u00edficas son: Educaci\u00f3n y Capacitaci\u00f3n Pol\u00edtica, Proyecto planificaci\u00f3n estrat\u00e9gica de la comunicaci\u00f3n pol\u00edtica, nuevas formas de propaganda en tiempos de pandemia, movilizaci\u00f3n y emociones pol\u00edticas del ciudadano en el nuevo siglo, discurso y estrategia de persuasi\u00f3n pol\u00edtica, partidos pol\u00edticos en M\u00e9xico ante nuevos retos, planificaci\u00f3n estrat\u00e9gica de la comunicaci\u00f3n pol\u00edtica, discurso y estrategia de persuasi\u00f3n pol\u00edtica, partidos pol\u00edticos en M\u00e9xico, discurso y estrategia de persuasi\u00f3n pol\u00edtica, partidos pol\u00edticos en M\u00e9xico ante nuevos retos<\/span><\/p>\n<p><span style=\"font-size: 14pt;\">En cada evento se tiene un presupuesto de $1,715,000.00.<\/span><\/p>\n<p><span style=\"font-size: 14pt;\">Objetivos, metas e Indicadores del Objetivos: Mejorar, ampliar y desarrollar los conocimientos en materia de comunicaci\u00f3n pol\u00edtica y liderazgo de los militantes, simpatizantes, cuadros y ciudadan\u00eda en general, a trav\u00e9s de un curso para el fortalecimiento de la democracia desde el \u00e1mbito de la ciudadan\u00eda. Metas: Capacitar de 90 a 100 ciudadanas y\/o ciudadanos a trav\u00e9s del curso para identificar los valores democr\u00e1ticos y de liderazgo.<\/span><\/p>\n<p><span style=\"font-size: 14pt;\">Como puede verse a simple vista van a gastar\u00a0$1,715,000.00 para capacitar a 90 a 100 asistentes al curso o taller.<\/span><\/p>\n<p><span style=\"font-size: 14pt;\">Cobertura del \u00e1mbito nacional o Beneficios y\/o poblaci\u00f3n Total de NACIONAL Mujeres y hombres militantes, cuadros y simpatizantes del partido. 90 estimado de asistentes (Hombres): 45. Rango de Edad: 0-99. Estimado de asistentes (Mujeres): 45. Rango de Edad: 0-99.<\/span><\/p>\n<p><span style=\"font-size: 14pt;\">Para justificar ante el INE el gasto de esos millones de pesos se dice que \u201cExiste una baja participaci\u00f3n ciudadana en la vida democr\u00e1tica del pa\u00eds. Para contribuir a mejorar, ampliar y desarrollar los conocimientos de las ciudadanas y\/o los ciudadanos A trav\u00e9s de un curso de capacitaci\u00f3n Para el fomento liderazgos pol\u00edticos en beneficio de la cultura democr\u00e1tica.\u201d<\/span><\/p>\n<p><span style=\"font-size: 14pt;\">Pero eso es el gasto a nivel nacional en el CEN del PRI, pero ac\u00e1 en el terru\u00f1o veracruzano no cantan mal las rancheras, como habremos de detallar en pr\u00f3ximas entregas de la Bit\u00e1cora Pol\u00edtica, tambi\u00e9n se utiliza el rubro de capacitaci\u00f3n pol\u00edtica de sus militantes, para justificar gastos millonarios.<\/span><\/p>\n<p><span style=\"font-size: 14pt;\">\u00a0Para m\u00e1s informaci\u00f3n consulta nuestra p\u00e1gina\u00a0<a href=\"https:\/\/www.xn--bitacoraspolticas-ovb.com\/\" data-saferedirecturl=\"https:\/\/www.google.com\/url?q=https:\/\/www.xn--bitacoraspolticas-ovb.com\/&amp;source=gmail&amp;ust=1701555949356000&amp;usg=AOvVaw3FtwzlaEXXXFO0gbAk8-3z\">https:\/\/www.xn--bitacoraspolticas-ovb.com\/<\/a><\/span><\/p>\n<p><img loading=\"lazy\" decoding=\"async\" class=\"alignnone wp-image-21219 size-full\" src=\"http:\/\/noticiasveracruz.com\/wp-content\/uploads\/2023\/12\/FIRMA-EDITORIAL-PD.jpg\" alt=\"\" width=\"1024\" height=\"125\" srcset=\"https:\/\/noticiasveracruz.com\/wp-content\/uploads\/2023\/12\/FIRMA-EDITORIAL-PD.jpg 1024w, https:\/\/noticiasveracruz.com\/wp-content\/uploads\/2023\/12\/FIRMA-EDITORIAL-PD-300x37.jpg 300w, https:\/\/noticiasveracruz.com\/wp-content\/uploads\/2023\/12\/FIRMA-EDITORIAL-PD-768x94.jpg 768w\" sizes=\"auto, (max-width: 1024px) 100vw, 1024px\" \/><\/p>\n","protected":false},"excerpt":{"rendered":"<p>Mediante \u201ctalleres y conferencias\u201d de capacitaci\u00f3n a su militancia Para el a\u00f1o entrante significa un total de $60,081,426.60 En cada<\/p>\n","protected":false},"author":4,"featured_media":3280,"comment_status":"closed","ping_status":"closed","sticky":false,"template":"","format":"standard","meta":{"colormag_page_container_layout":"default_layout","colormag_page_sidebar_layout":"default_layout","_jetpack_memberships_contains_paid_content":false,"footnotes":"","jetpack_publicize_message":"","jetpack_publicize_feature_enabled":true,"jetpack_social_post_already_shared":true,"jetpack_social_options":{"image_generator_settings":{"template":"highway","default_image_id":0,"font":"","enabled":false},"version":2}},"categories":[6],"tags":[],"class_list":["post-21297","post","type-post","status-publish","format-standard","has-post-thumbnail","hentry","category-columnistas"],"jetpack_publicize_connections":[],"jetpack_featured_media_url":"https:\/\/noticiasveracruz.com\/wp-content\/uploads\/2022\/04\/NV-MIGUEL-A\u0301NGEL-CRISTIANI.png","jetpack_sharing_enabled":true,"publishpress_future_action":{"enabled":false,"date":"2026-05-06 19:56:04","action":"change-status","newStatus":"draft","terms":[],"taxonomy":"category","extraData":[]},"publishpress_future_workflow_manual_trigger":{"enabledWorkflows":[]},"_links":{"self":[{"href":"https:\/\/noticiasveracruz.com\/index.php\/wp-json\/wp\/v2\/posts\/21297","targetHints":{"allow":["GET"]}}],"collection":[{"href":"https:\/\/noticiasveracruz.com\/index.php\/wp-json\/wp\/v2\/posts"}],"about":[{"href":"https:\/\/noticiasveracruz.com\/index.php\/wp-json\/wp\/v2\/types\/post"}],"author":[{"embeddable":true,"href":"https:\/\/noticiasveracruz.com\/index.php\/wp-json\/wp\/v2\/users\/4"}],"replies":[{"embeddable":true,"href":"https:\/\/noticiasveracruz.com\/index.php\/wp-json\/wp\/v2\/comments?post=21297"}],"version-history":[{"count":0,"href":"https:\/\/noticiasveracruz.com\/index.php\/wp-json\/wp\/v2\/posts\/21297\/revisions"}],"wp:featuredmedia":[{"embeddable":true,"href":"https:\/\/noticiasveracruz.com\/index.php\/wp-json\/wp\/v2\/media\/3280"}],"wp:attachment":[{"href":"https:\/\/noticiasveracruz.com\/index.php\/wp-json\/wp\/v2\/media?parent=21297"}],"wp:term":[{"taxonomy":"category","embeddable":true,"href":"https:\/\/noticiasveracruz.com\/index.php\/wp-json\/wp\/v2\/categories?post=21297"},{"taxonomy":"post_tag","embeddable":true,"href":"https:\/\/noticiasveracruz.com\/index.php\/wp-json\/wp\/v2\/tags?post=21297"}],"curies":[{"name":"wp","href":"https:\/\/api.w.org\/{rel}","templated":true}]}}