{"id":21283,"date":"2023-12-01T12:42:48","date_gmt":"2023-12-01T18:42:48","guid":{"rendered":"https:\/\/noticiasveracruz.com\/?p=21283"},"modified":"2023-12-01T12:44:10","modified_gmt":"2023-12-01T18:44:10","slug":"abierta-la-convocatoria-para-el-concurso-de-carritos-del-dia-del-nino-perdido-el-7-de-diciembre","status":"publish","type":"post","link":"https:\/\/noticiasveracruz.com\/index.php\/2023\/12\/01\/abierta-la-convocatoria-para-el-concurso-de-carritos-del-dia-del-nino-perdido-el-7-de-diciembre\/","title":{"rendered":"Abierta la convocatoria para el Concurso de Carritos del D\u00eda del Ni\u00f1o Perdido, el 7 de diciembre"},"content":{"rendered":"<p><span style=\"font-size: 14pt;\">Tuxpan, Ver., 1 diciembre 2023.- El gobierno de Tuxpan lanz\u00f3 la convocatoria para participar en el Concurso de Carritos del D\u00eda del Ni\u00f1o Perdido, que se efectuar\u00e1 el pr\u00f3ximo jueves 7 de diciembre, a las 19:00 horas, en la plaza c\u00edvica municipal.<\/span><\/p>\n<p><span style=\"font-size: 14pt;\">La invitaci\u00f3n est\u00e1 dirigida a ni\u00f1as y ni\u00f1os entre 4 y 12 a\u00f1os de edad, quienes podr\u00e1n concursar en dos categor\u00edas: tradicional y libre.<\/span><\/p>\n<p><span style=\"font-size: 14pt;\">Los ganadores se determinar\u00e1n bas\u00e1ndose en la creatividad, dise\u00f1o y funcionalidad de cada carrito.<\/span><\/p>\n<p><span style=\"font-size: 14pt;\">Se premiar\u00e1 a los 3 primeros lugares de cada una de las categor\u00edas con 5 mil pesos para el primer lugar, 3 mil para el segundo y 2 mil a quien ocupe el tercer lugar.<\/span><\/p>\n<p><img loading=\"lazy\" decoding=\"async\" class=\"alignnone size-medium wp-image-21285\" src=\"http:\/\/noticiasveracruz.com\/wp-content\/uploads\/2023\/12\/WhatsApp-Image-2023-12-01-at-11.26.05-264x300.jpeg\" alt=\"\" width=\"264\" height=\"300\" srcset=\"https:\/\/noticiasveracruz.com\/wp-content\/uploads\/2023\/12\/WhatsApp-Image-2023-12-01-at-11.26.05-264x300.jpeg 264w, https:\/\/noticiasveracruz.com\/wp-content\/uploads\/2023\/12\/WhatsApp-Image-2023-12-01-at-11.26.05-902x1024.jpeg 902w, https:\/\/noticiasveracruz.com\/wp-content\/uploads\/2023\/12\/WhatsApp-Image-2023-12-01-at-11.26.05-768x871.jpeg 768w, https:\/\/noticiasveracruz.com\/wp-content\/uploads\/2023\/12\/WhatsApp-Image-2023-12-01-at-11.26.05-1354x1536.jpeg 1354w, https:\/\/noticiasveracruz.com\/wp-content\/uploads\/2023\/12\/WhatsApp-Image-2023-12-01-at-11.26.05.jpeg 1410w\" sizes=\"auto, (max-width: 264px) 100vw, 264px\" \/><\/p>\n<p><span style=\"font-size: 14pt;\">El registro es totalmente gratuito y se realiza en la oficina de la Direcci\u00f3n de Turismo, ubicada en la planta baja de la biblioteca municipal, en el Parque Reforma, en horario de 9:00 a 16:00 horas, teniendo como fecha l\u00edmite para inscribirse el mi\u00e9rcoles 6 de diciembre.<\/span><\/p>\n<p><span style=\"font-size: 14pt;\">El \u00fanico requisito es nombrar a un representante mayor de edad, quien deber\u00e1 presentar una copia de su identificaci\u00f3n al momento de la inscripci\u00f3n.<\/span><\/p>\n<p><span style=\"font-size: 14pt;\">Mantengamos viva esta bella tradici\u00f3n y juntos hagamos que, nuevamente, Tuxpan ilumine al mundo.<\/span><\/p>\n","protected":false},"excerpt":{"rendered":"<p>Tuxpan, Ver., 1 diciembre 2023.- El gobierno de Tuxpan lanz\u00f3 la convocatoria para participar en el Concurso de Carritos del<\/p>\n","protected":false},"author":4,"featured_media":21284,"comment_status":"closed","ping_status":"closed","sticky":false,"template":"","format":"standard","meta":{"colormag_page_container_layout":"default_layout","colormag_page_sidebar_layout":"default_layout","_jetpack_memberships_contains_paid_content":false,"footnotes":"","jetpack_publicize_message":"","jetpack_publicize_feature_enabled":true,"jetpack_social_post_already_shared":true,"jetpack_social_options":{"image_generator_settings":{"template":"highway","default_image_id":0,"font":"","enabled":false},"version":2}},"categories":[356],"tags":[],"class_list":["post-21283","post","type-post","status-publish","format-standard","has-post-thumbnail","hentry","category-veracruz"],"jetpack_publicize_connections":[],"jetpack_featured_media_url":"https:\/\/noticiasveracruz.com\/wp-content\/uploads\/2023\/12\/IMG-20221205-WA0004.jpg","jetpack_sharing_enabled":true,"publishpress_future_action":{"enabled":false,"date":"2026-05-06 23:02:52","action":"change-status","newStatus":"draft","terms":[],"taxonomy":"category","extraData":[]},"publishpress_future_workflow_manual_trigger":{"enabledWorkflows":[]},"_links":{"self":[{"href":"https:\/\/noticiasveracruz.com\/index.php\/wp-json\/wp\/v2\/posts\/21283","targetHints":{"allow":["GET"]}}],"collection":[{"href":"https:\/\/noticiasveracruz.com\/index.php\/wp-json\/wp\/v2\/posts"}],"about":[{"href":"https:\/\/noticiasveracruz.com\/index.php\/wp-json\/wp\/v2\/types\/post"}],"author":[{"embeddable":true,"href":"https:\/\/noticiasveracruz.com\/index.php\/wp-json\/wp\/v2\/users\/4"}],"replies":[{"embeddable":true,"href":"https:\/\/noticiasveracruz.com\/index.php\/wp-json\/wp\/v2\/comments?post=21283"}],"version-history":[{"count":0,"href":"https:\/\/noticiasveracruz.com\/index.php\/wp-json\/wp\/v2\/posts\/21283\/revisions"}],"wp:featuredmedia":[{"embeddable":true,"href":"https:\/\/noticiasveracruz.com\/index.php\/wp-json\/wp\/v2\/media\/21284"}],"wp:attachment":[{"href":"https:\/\/noticiasveracruz.com\/index.php\/wp-json\/wp\/v2\/media?parent=21283"}],"wp:term":[{"taxonomy":"category","embeddable":true,"href":"https:\/\/noticiasveracruz.com\/index.php\/wp-json\/wp\/v2\/categories?post=21283"},{"taxonomy":"post_tag","embeddable":true,"href":"https:\/\/noticiasveracruz.com\/index.php\/wp-json\/wp\/v2\/tags?post=21283"}],"curies":[{"name":"wp","href":"https:\/\/api.w.org\/{rel}","templated":true}]}}