{"id":21275,"date":"2023-12-01T02:31:24","date_gmt":"2023-12-01T08:31:24","guid":{"rendered":"https:\/\/noticiasveracruz.com\/?p=21275"},"modified":"2023-12-01T02:31:24","modified_gmt":"2023-12-01T08:31:24","slug":"veracruz-para-las-mujeres","status":"publish","type":"post","link":"https:\/\/noticiasveracruz.com\/index.php\/2023\/12\/01\/veracruz-para-las-mujeres\/","title":{"rendered":"Veracruz para las mujeres"},"content":{"rendered":"<p><span style=\"font-size: 18pt; color: #cc99ff;\"><strong>ALMA GRANDE<\/strong><\/span><\/p>\n<p><span style=\"font-size: 18pt; color: #cc99ff;\"><strong>Por \u00c1ngel \u00c1lvaro Pe\u00f1a<\/strong><\/span><\/p>\n<p><span style=\"font-size: 14pt;\">Desde Veracruz se apuntalan dos mujeres hacia el Senado de la Rep\u00fablica que pueden aportar al debate legislativo y gestionar apoyos a la entidad.<\/span><\/p>\n<p><span style=\"font-size: 14pt;\">El Gobierno Federal debe poner m\u00e1s atenci\u00f3n al desarrollo y la infraestructura de Veracruz, no s\u00f3lo visitar el estado para fortalecer liderazgos sino conocer lo que hace falta para impulsar las actividades de los pobres, pero tambi\u00e9n de los m\u00e1s ricos.<\/span><\/p>\n<p><span style=\"font-size: 18pt;\">Si se pasa al segundo piso de la Cuarta Transformaci\u00f3n, debe implicarse ahora a todos: la prioridad son los pobres que estuvieron castigados por a\u00f1os de explotaci\u00f3n, y es hora de reivindicar las tareas que movieron al pa\u00eds, pero tambi\u00e9n es necesario tomar en cuenta la otra parte de la poblaci\u00f3n.<\/span><\/p>\n<p><span style=\"font-size: 14pt;\">As\u00ed como el Gobierno Federal debe destinar mayores esfuerzos a la entidad y los mexicanos tambi\u00e9n deben dejarse seducir por los atractivos tur\u00edsticos de Veracruz que no se limitan a sol y playas. Quienes puedan realizar esa tarea que cubra de informaci\u00f3n al pa\u00eds para exaltar la trascendencia del estado ante el resto de la naci\u00f3n y el mundo.<\/span><\/p>\n<p><img loading=\"lazy\" decoding=\"async\" class=\"alignnone size-medium wp-image-21279\" src=\"http:\/\/noticiasveracruz.com\/wp-content\/uploads\/2023\/12\/TUXPAN-2-1024x768-1-300x225.jpg\" alt=\"\" width=\"300\" height=\"225\" srcset=\"https:\/\/noticiasveracruz.com\/wp-content\/uploads\/2023\/12\/TUXPAN-2-1024x768-1-300x225.jpg 300w, https:\/\/noticiasveracruz.com\/wp-content\/uploads\/2023\/12\/TUXPAN-2-1024x768-1-768x576.jpg 768w, https:\/\/noticiasveracruz.com\/wp-content\/uploads\/2023\/12\/TUXPAN-2-1024x768-1.jpg 1024w\" sizes=\"auto, (max-width: 300px) 100vw, 300px\" \/><\/p>\n<p><span style=\"font-size: 18pt;\">Uno de los lugares de mayor atractivo en Veracruz es Tuxpan que se presenta como una alternativa segura y muy cercana a la Ciudad de M\u00e9xico, se encuentra a 2:45 horas de la capital. Lugar que ha olvidado promocionar hasta el propio gobernador, quien se olvida de sus propias riquezas.<\/span><\/p>\n<p><span style=\"font-size: 14pt;\">El turismo veracruzano se fortalecer\u00eda si se le diera m\u00e1s transparencia y puntualidad al Fideicomiso del Impuesto al Hospedaje, instaurado en 1995, en el gobierno de Patricio Chirinos.<\/span><\/p>\n<p><span style=\"font-size: 14pt;\">Este fideicomiso ha servido por muchos a\u00f1os para que echaran mano indiscriminadamente algunos funcionarios porque el monto se quedaba atascado en la Secretar\u00eda de Finanzas y nunca llegaba, o no llegaba completo, a donde deber\u00eda, que son los hoteleros, ya que dicho fideicomiso fue creado con el objetivo de impulsar la promoci\u00f3n tur\u00edstica en Veracruz. Pr\u00e1cticamente desde su inicio los recursos de dicho fideicomiso deb\u00edan ser reclamados por los secretarios de Turismo del Estado, grupo del que form\u00e9 parte.<\/span><\/p>\n<p><span style=\"font-size: 14pt;\">Quienes deb\u00edamos estar solicitando las migajas que dejaban los voraces bur\u00f3cratas de Finanzas. Dicha instancia de apoyo a los hoteleros de la entidad es producto de la reforma al art\u00edculo 113 del C\u00f3digo Financiero del Estado, para que \u00e9ste destine los recursos del Fideicomiso en caso de que los empresarios no logren recaudar el monto que a\u00f1o tras a\u00f1o se fijan como meta.<\/span><\/p>\n<p><span style=\"font-size: 18pt;\">Actualmente los conflictos que crea este fideicomiso tienen que ver con la entrega puntual de los recursos, ya que los destinatarios o sea los hoteleros y restauranteros quieren que les llegue cada mes, y Finanzas del estado se los entrega cada cinco meses, a trav\u00e9s de la Canirac, Coparmex, Asociaci\u00f3n de Hoteles y Moteles; sin embargo, hasta el momento no existe transparencia en el manejo de dicho impuesto en ninguno de los puntos de referencia, donde, al parecer, puede quedarse parte del pastel. Hace falta transparentar este tipo de transacciones financieras, en beneficio de los veracruzanos y que no se afecte la promoci\u00f3n tur\u00edstica de la entidad.<\/span><\/p>\n<p><span style=\"font-size: 14pt;\">Ante esta situaci\u00f3n el Partido Acci\u00f3n Nacional propone que se sancione o inhabilite a la persona responsable, que no deposite en tiempo y forma, el recurso recaudado por este impuesto, ya que los hoteleros realizan un pron\u00f3stico de presupuesto por 50 millones de pesos, porque es la cantidad que recaudan de manera regular.<\/span><\/p>\n<figure id=\"attachment_21277\" aria-describedby=\"caption-attachment-21277\" style=\"width: 300px\" class=\"wp-caption alignnone\"><img loading=\"lazy\" decoding=\"async\" class=\"wp-image-21277 size-medium\" src=\"http:\/\/noticiasveracruz.com\/wp-content\/uploads\/2023\/12\/Keyla-Yaret-Medina-Zamudio-300x211.jpg\" alt=\"\" width=\"300\" height=\"211\" srcset=\"https:\/\/noticiasveracruz.com\/wp-content\/uploads\/2023\/12\/Keyla-Yaret-Medina-Zamudio-300x211.jpg 300w, https:\/\/noticiasveracruz.com\/wp-content\/uploads\/2023\/12\/Keyla-Yaret-Medina-Zamudio-130x90.jpg 130w, https:\/\/noticiasveracruz.com\/wp-content\/uploads\/2023\/12\/Keyla-Yaret-Medina-Zamudio.jpg 684w\" sizes=\"auto, (max-width: 300px) 100vw, 300px\" \/><figcaption id=\"caption-attachment-21277\" class=\"wp-caption-text\">Keyla Yaret Medina Zamudio<\/figcaption><\/figure>\n<p><span style=\"font-size: 14pt;\">Keyla Yaret Medina Zamudio, actual secretaria t\u00e9cnica del Fideicomiso del 2 por ciento al hospedaje, inform\u00f3 hace unos d\u00edas que, al corte de septiembre, que se han recaudado m\u00e1s de 50 millones de pesos, con lo cual se han realizado promociones tur\u00edsticas a nivel nacional e internacional.<\/span><\/p>\n<p><span style=\"font-size: 14pt;\">As\u00ed las labores de las mujeres se ubican en puntos neur\u00e1lgicos de la administraci\u00f3n p\u00fablica de todo el pa\u00eds.<\/span><\/p>\n<p><span style=\"font-size: 18pt;\">La sensibilidad femenina percibe detalles que por la inercia del trabajo pol\u00edtico otras visiones no descubren y eso es lo que hace falta en la administraci\u00f3n p\u00fablica. Mejorar lo que es bueno y reconstruir lo que no se realiza con honestidad y transparencia o simplemente no tiene ning\u00fan caso dedicarle tiempo.<\/span><\/p>\n<p><span style=\"font-size: 14pt;\">El protagonismo de los funcionarios debe quedar en segundo t\u00e9rmino, porque \u00e9ste ha estorbado a las tareas m\u00e1s importantes de la reconstrucci\u00f3n del pa\u00eds.<\/span><\/p>\n<p><span style=\"font-size: 18pt;\">As\u00ed, frente a las elecciones internas de Morena se presentan M\u00f3nica Robles y Dorheny Garc\u00eda Cayetano, quienes han dado muestra de sensibilidad y trabajo a trav\u00e9s de su trayectoria como funcionarias p\u00fablicas y representantes populares.<\/span><\/p>\n<p><span style=\"font-size: 14pt;\">Ambas militantes de Morena, convencidas de la responsabilidad que implica trabajar en la pol\u00edtica en este momento, porque la consolidaci\u00f3n de un proyecto es tan complejo como su inicio, y en esa tarea no hay descanso. Se deben conocer las leyes y la historia, pero tambi\u00e9n el ejercicio pol\u00edtico, incidir en la sociedad para escuchar al pueblo y obedecer, sin exaltar la personalidad de quien asume el mandato superior de la gente.<\/span><\/p>\n<figure id=\"attachment_21278\" aria-describedby=\"caption-attachment-21278\" style=\"width: 300px\" class=\"wp-caption alignnone\"><img loading=\"lazy\" decoding=\"async\" class=\"wp-image-21278 size-medium\" src=\"http:\/\/noticiasveracruz.com\/wp-content\/uploads\/2023\/12\/monica-robles-barajas-se-inscribe-rumbo-a-gubernatura-de-veracruz-2024-focus-min0.38-0.49-732-549-300x225.jpg\" alt=\"\" width=\"300\" height=\"225\" srcset=\"https:\/\/noticiasveracruz.com\/wp-content\/uploads\/2023\/12\/monica-robles-barajas-se-inscribe-rumbo-a-gubernatura-de-veracruz-2024-focus-min0.38-0.49-732-549-300x225.jpg 300w, https:\/\/noticiasveracruz.com\/wp-content\/uploads\/2023\/12\/monica-robles-barajas-se-inscribe-rumbo-a-gubernatura-de-veracruz-2024-focus-min0.38-0.49-732-549.jpg 732w\" sizes=\"auto, (max-width: 300px) 100vw, 300px\" \/><figcaption id=\"caption-attachment-21278\" class=\"wp-caption-text\">M\u00f3nica Robles<\/figcaption><\/figure>\n<p><span style=\"font-size: 18pt;\">As\u00ed tenemos el ejemplo de M\u00f3nica Robles, con una carrera de 25 a\u00f1os dedicada a apoyar a la poblaci\u00f3n vulnerable y defender los derechos humanos y de las mujeres, M\u00f3nica Robles ha trabajado tanto en la funci\u00f3n p\u00fablica como en el \u00e1mbito legislativo. Encabez\u00f3 el DIF Municipal de Coatzacoalcos, impulsando programas para grupos vulnerables y liderando la construcci\u00f3n del primer refugio para mujeres v\u00edctimas de violencia.<\/span><\/p>\n<p><span style=\"font-size: 14pt;\">En el Congreso del Estado, Robles fue la promotora de reformas al C\u00f3digo Civil que otorgaron derechos a la comunidad LGBTIQ+ y a las mujeres, as\u00ed como la impulsora de la iniciativa para la Interrupci\u00f3n Legal del Embarazo hasta las 12 semanas de gestaci\u00f3n.<\/span><\/p>\n<p><span style=\"font-size: 14pt;\">Su labor se ha centrado en fortalecer una legislaci\u00f3n progresista, con perspectiva de g\u00e9nero e igualitaria, garantizando el acceso a la justicia y los Derechos Humanos para todos.<\/span><\/p>\n<p><span style=\"font-size: 14pt;\">Actualmente Veracruz tiene tres Senadores, dos de Morena, electos directamente por la poblaci\u00f3n, Ernesto P\u00e9rez Astorga y Gloria S\u00e1nchez Hern\u00e1ndez. Adem\u00e1s, tiene un Senador plurinominal de Acci\u00f3n Nacional, por ser la primera minor\u00eda que es nada menos que Julen Rementer\u00eda, el coordinador de los senadores de su partido.<\/span><\/p>\n<p><span style=\"font-size: 14pt;\">El trabajo de estos experimentados legisladores debe ser superado por trabajo, donde la juventud no excluye la experiencia ni la experiencia desconoce la necesidad de estar actualizado en todas y cada una de las tareas de la funci\u00f3n p\u00fablica.<\/span><\/p>\n<figure id=\"attachment_21276\" aria-describedby=\"caption-attachment-21276\" style=\"width: 300px\" class=\"wp-caption alignnone\"><img loading=\"lazy\" decoding=\"async\" class=\"wp-image-21276 size-medium\" src=\"http:\/\/noticiasveracruz.com\/wp-content\/uploads\/2023\/12\/f1280x720-486822_618497_5050-300x169.jpg\" alt=\"\" width=\"300\" height=\"169\" srcset=\"https:\/\/noticiasveracruz.com\/wp-content\/uploads\/2023\/12\/f1280x720-486822_618497_5050-300x169.jpg 300w, https:\/\/noticiasveracruz.com\/wp-content\/uploads\/2023\/12\/f1280x720-486822_618497_5050-1024x576.jpg 1024w, https:\/\/noticiasveracruz.com\/wp-content\/uploads\/2023\/12\/f1280x720-486822_618497_5050-768x432.jpg 768w, https:\/\/noticiasveracruz.com\/wp-content\/uploads\/2023\/12\/f1280x720-486822_618497_5050.jpg 1280w\" sizes=\"auto, (max-width: 300px) 100vw, 300px\" \/><figcaption id=\"caption-attachment-21276\" class=\"wp-caption-text\">Dorheny Garc\u00eda Cayetano<\/figcaption><\/figure>\n<p><span style=\"font-size: 18pt;\">Dorheny Garc\u00eda Cayetano, quien se dice es media hermana del Gobernador actual Cuitl\u00e1huac Garc\u00eda, funge como titular de la Secretar\u00eda del Trabajo Prevenci\u00f3n Social y Productividad del Gobierno de Veracruz, lo cual implic\u00f3 que dejara en manos de su suplente la Diputaci\u00f3n Federal por Xalapa.<\/span><\/p>\n<p><span style=\"font-size: 14pt;\">Garc\u00eda Cayetano fue Diputada Federal plurinominal, particip\u00f3 en cargos internos del partido, donde adopt\u00f3 un profundo conocimiento sobre los procesos electorales.<\/span><\/p>\n<p><span style=\"font-size: 14pt;\">Dorheny ha sido vicecoordinadora de Morena, J\u00f3venes y Estudiantes, secretaria municipal del partido, consejera nacional y Diputada Federal Plurinominal.<\/span><\/p>\n<p><span style=\"font-size: 18pt;\">Veracruz merece mejor suerte. Requiere de mejores gobernantes, de experiencia demostradas de conocimientos profundos de todo lo que implica este gran territorio que recibe al oc\u00e9ano, al Viejo mundo, donde lo que fue historia ahora es comercio. Ba\u00f1ado por la fortuna de las aguas dulces y saladas, con una pesca que se ha vuelto un problema debiendo ser una bendici\u00f3n Veracruz; debe regresar la salud a los r\u00edos y el mar, la riqueza a los hombres que lo trabajan.<\/span><\/p>\n<p><span style=\"font-size: 14pt;\">Tarea fundamental del gobierno es acercar a la poblaci\u00f3n entre s\u00ed, donde las diferencias de todo tipo sean menores desde luego, incluyendo las distancias econ\u00f3micas. Por lo que no hay que hacer que los que tienen ganen menos sino al rev\u00e9s, lo cual no es imposible con una graduaci\u00f3n correcta de la econom\u00eda consciente de la realidad.<\/span><\/p>\n<p><span style=\"font-size: 14pt;\">La responsabilidad de las mujeres en la pol\u00edtica aumenta cada d\u00eda, el papel que juegan es determinante y como todo lo que hace la mujer en M\u00e9xico y en el mundo: crea futuro y define destinos.<\/span><\/p>\n<p><span style=\"font-size: 14pt;\">PEGA Y CORRE.- Ante la crisis pol\u00edtica que vive Nuevo Le\u00f3n, Luis Donaldo Colosio Riojas, sugiere que se desaparezcan los poderes en la entidad, lo cual, permitir\u00eda que el Senado nombrara un Gobernador interino\u2026Esta columna se publica los lunes, mi\u00e9rcoles y viernes.<\/span><\/p>\n<p><img loading=\"lazy\" decoding=\"async\" class=\"alignnone wp-image-21219 size-full\" src=\"http:\/\/noticiasveracruz.com\/wp-content\/uploads\/2023\/12\/FIRMA-EDITORIAL-PD.jpg\" alt=\"\" width=\"1024\" height=\"125\" srcset=\"https:\/\/noticiasveracruz.com\/wp-content\/uploads\/2023\/12\/FIRMA-EDITORIAL-PD.jpg 1024w, https:\/\/noticiasveracruz.com\/wp-content\/uploads\/2023\/12\/FIRMA-EDITORIAL-PD-300x37.jpg 300w, https:\/\/noticiasveracruz.com\/wp-content\/uploads\/2023\/12\/FIRMA-EDITORIAL-PD-768x94.jpg 768w\" sizes=\"auto, (max-width: 1024px) 100vw, 1024px\" \/><\/p>\n","protected":false},"excerpt":{"rendered":"<p>ALMA GRANDE Por \u00c1ngel \u00c1lvaro Pe\u00f1a Desde Veracruz se apuntalan dos mujeres hacia el Senado de la Rep\u00fablica que pueden<\/p>\n","protected":false},"author":4,"featured_media":18628,"comment_status":"closed","ping_status":"closed","sticky":false,"template":"","format":"standard","meta":{"colormag_page_container_layout":"default_layout","colormag_page_sidebar_layout":"default_layout","_jetpack_memberships_contains_paid_content":false,"footnotes":"","jetpack_publicize_message":"","jetpack_publicize_feature_enabled":true,"jetpack_social_post_already_shared":true,"jetpack_social_options":{"image_generator_settings":{"template":"highway","default_image_id":0,"font":"","enabled":false},"version":2}},"categories":[6],"tags":[],"class_list":["post-21275","post","type-post","status-publish","format-standard","has-post-thumbnail","hentry","category-columnistas"],"jetpack_publicize_connections":[],"jetpack_featured_media_url":"https:\/\/noticiasveracruz.com\/wp-content\/uploads\/2023\/09\/ANGEL-ALVARO-PENA-800x445-1.png","jetpack_sharing_enabled":true,"publishpress_future_action":{"enabled":false,"date":"2026-05-06 23:55:00","action":"change-status","newStatus":"draft","terms":[],"taxonomy":"category","extraData":[]},"publishpress_future_workflow_manual_trigger":{"enabledWorkflows":[]},"_links":{"self":[{"href":"https:\/\/noticiasveracruz.com\/index.php\/wp-json\/wp\/v2\/posts\/21275","targetHints":{"allow":["GET"]}}],"collection":[{"href":"https:\/\/noticiasveracruz.com\/index.php\/wp-json\/wp\/v2\/posts"}],"about":[{"href":"https:\/\/noticiasveracruz.com\/index.php\/wp-json\/wp\/v2\/types\/post"}],"author":[{"embeddable":true,"href":"https:\/\/noticiasveracruz.com\/index.php\/wp-json\/wp\/v2\/users\/4"}],"replies":[{"embeddable":true,"href":"https:\/\/noticiasveracruz.com\/index.php\/wp-json\/wp\/v2\/comments?post=21275"}],"version-history":[{"count":0,"href":"https:\/\/noticiasveracruz.com\/index.php\/wp-json\/wp\/v2\/posts\/21275\/revisions"}],"wp:featuredmedia":[{"embeddable":true,"href":"https:\/\/noticiasveracruz.com\/index.php\/wp-json\/wp\/v2\/media\/18628"}],"wp:attachment":[{"href":"https:\/\/noticiasveracruz.com\/index.php\/wp-json\/wp\/v2\/media?parent=21275"}],"wp:term":[{"taxonomy":"category","embeddable":true,"href":"https:\/\/noticiasveracruz.com\/index.php\/wp-json\/wp\/v2\/categories?post=21275"},{"taxonomy":"post_tag","embeddable":true,"href":"https:\/\/noticiasveracruz.com\/index.php\/wp-json\/wp\/v2\/tags?post=21275"}],"curies":[{"name":"wp","href":"https:\/\/api.w.org\/{rel}","templated":true}]}}