{"id":21268,"date":"2023-12-01T01:57:38","date_gmt":"2023-12-01T07:57:38","guid":{"rendered":"https:\/\/noticiasveracruz.com\/?p=21268"},"modified":"2023-12-01T01:57:38","modified_gmt":"2023-12-01T07:57:38","slug":"avala-jueza-destruccion-de-alambrada-fronteriza-en-texas","status":"publish","type":"post","link":"https:\/\/noticiasveracruz.com\/index.php\/2023\/12\/01\/avala-jueza-destruccion-de-alambrada-fronteriza-en-texas\/","title":{"rendered":"Avala jueza destrucci\u00f3n de alambrada fronteriza en Texas"},"content":{"rendered":"<p><span style=\"font-size: 14pt;\">Una jueza estadunidense rechaz\u00f3 este jueves un intento de Texas de impedir que las autoridades federales de inmigraci\u00f3n destruyeran las alambradas que el estado sure\u00f1o coloc\u00f3 a lo largo de la frontera con M\u00e9xico para impedir el cruce ilegal de la frontera.<\/span><\/p>\n<p><span style=\"font-size: 14pt;\">La magistrada de distrito Alia Moses, con sede en la ciudad texana de Del R\u00edo, critic\u00f3 en una orden escrita al Gobierno de Joe Biden por su \u00abfracaso absoluto\u00bb a la hora de impedir la entrada ilegal en el pa\u00eds, pero dijo que era improbable que Texas prevalece en sus alegaciones de que la pol\u00edtica federal de retirar las vallas estaba fuera de la ley.<\/span><\/p>\n<p><span style=\"font-size: 14pt;\">Moses deneg\u00f3 la petici\u00f3n de Texas de impedir que los funcionarios federales destruyeran la alambrada hasta que se resolviera la demanda presentada por el Estado en octubre.<\/span><\/p>\n<p><span style=\"font-size: 14pt;\">El mes pasado, la jueza hab\u00eda ordenado al gobierno federal que se abstuviera temporalmente de cortar o retirar el alambre de espino mientras estudiaba la moci\u00f3n del estado. El Departamento de Justicia estadunidense no respondi\u00f3 inmediatamente a solicitudes de comentarios.<\/span><\/p>\n<p><span style=\"font-size: 14pt;\">El fiscal general de Texas, el republicano Ken Paxton, afirm\u00f3 en un comunicado que su oficina estaba apelando la decisi\u00f3n. \u00abMe decepciona que se permita que contin\u00faen los flagrantes y perturbadores esfuerzos del gobierno federal para subvertir la ley y el orden en la frontera de nuestro estado con M\u00e9xico\u00bb, indic\u00f3.<\/span><\/p>\n<p><img loading=\"lazy\" decoding=\"async\" class=\"size-medium wp-image-21269\" src=\"http:\/\/noticiasveracruz.com\/wp-content\/uploads\/2023\/12\/37e8b5e77a451d3e237f1389d79b7496-300x168.jpg\" alt=\"\" width=\"300\" height=\"168\" srcset=\"https:\/\/noticiasveracruz.com\/wp-content\/uploads\/2023\/12\/37e8b5e77a451d3e237f1389d79b7496-300x168.jpg 300w, https:\/\/noticiasveracruz.com\/wp-content\/uploads\/2023\/12\/37e8b5e77a451d3e237f1389d79b7496-768x431.jpg 768w, https:\/\/noticiasveracruz.com\/wp-content\/uploads\/2023\/12\/37e8b5e77a451d3e237f1389d79b7496.jpg 800w\" sizes=\"auto, (max-width: 300px) 100vw, 300px\" \/><\/p>\n<p><span style=\"font-size: 14pt;\">La valla de alambre de concertina fue instalada en una propiedad privada a lo largo del r\u00edo Grande por la Guardia Nacional de Texas como parte de la Operaci\u00f3n Estrella Solitaria, una iniciativa lanzada por el gobernador republicano Greg Abbott en 2021 para disuadir el cruce ilegal de la frontera.<\/span><\/p>\n<p><span style=\"font-size: 14pt;\">La demanda de Paxton alega que los agentes de Aduanas y Protecci\u00f3n Fronteriza de Estados Unidos intensificaron recientemente una pr\u00e1ctica existente de cortar, destruir o da\u00f1ar de otra manera el alambrado que el estado hab\u00eda colocado estrat\u00e9gicamente con el permiso de los propietarios.<\/span><\/p>\n<p><span style=\"font-size: 14pt;\">A petici\u00f3n del gobierno de Biden, un juez federal orden\u00f3 en septiembre retirar la barrera de 305 metros, pero un tribunal de apelaciones permiti\u00f3 que se mantuviera temporalmente mientras la oficina de Paxton presentaba un recurso.<\/span><\/p>\n","protected":false},"excerpt":{"rendered":"<p>Una jueza estadunidense rechaz\u00f3 este jueves un intento de Texas de impedir que las autoridades federales de inmigraci\u00f3n destruyeran las<\/p>\n","protected":false},"author":4,"featured_media":21270,"comment_status":"closed","ping_status":"closed","sticky":false,"template":"","format":"standard","meta":{"colormag_page_container_layout":"default_layout","colormag_page_sidebar_layout":"default_layout","_jetpack_memberships_contains_paid_content":false,"footnotes":"","jetpack_publicize_message":"","jetpack_publicize_feature_enabled":true,"jetpack_social_post_already_shared":true,"jetpack_social_options":{"image_generator_settings":{"template":"highway","default_image_id":0,"font":"","enabled":false},"version":2}},"categories":[355],"tags":[],"class_list":["post-21268","post","type-post","status-publish","format-standard","has-post-thumbnail","hentry","category-internacional"],"jetpack_publicize_connections":[],"jetpack_featured_media_url":"https:\/\/noticiasveracruz.com\/wp-content\/uploads\/2023\/12\/ca-times.brightspotcdn.jpg","jetpack_sharing_enabled":true,"publishpress_future_action":{"enabled":false,"date":"2026-05-07 01:28:15","action":"change-status","newStatus":"draft","terms":[],"taxonomy":"category","extraData":[]},"publishpress_future_workflow_manual_trigger":{"enabledWorkflows":[]},"_links":{"self":[{"href":"https:\/\/noticiasveracruz.com\/index.php\/wp-json\/wp\/v2\/posts\/21268","targetHints":{"allow":["GET"]}}],"collection":[{"href":"https:\/\/noticiasveracruz.com\/index.php\/wp-json\/wp\/v2\/posts"}],"about":[{"href":"https:\/\/noticiasveracruz.com\/index.php\/wp-json\/wp\/v2\/types\/post"}],"author":[{"embeddable":true,"href":"https:\/\/noticiasveracruz.com\/index.php\/wp-json\/wp\/v2\/users\/4"}],"replies":[{"embeddable":true,"href":"https:\/\/noticiasveracruz.com\/index.php\/wp-json\/wp\/v2\/comments?post=21268"}],"version-history":[{"count":0,"href":"https:\/\/noticiasveracruz.com\/index.php\/wp-json\/wp\/v2\/posts\/21268\/revisions"}],"wp:featuredmedia":[{"embeddable":true,"href":"https:\/\/noticiasveracruz.com\/index.php\/wp-json\/wp\/v2\/media\/21270"}],"wp:attachment":[{"href":"https:\/\/noticiasveracruz.com\/index.php\/wp-json\/wp\/v2\/media?parent=21268"}],"wp:term":[{"taxonomy":"category","embeddable":true,"href":"https:\/\/noticiasveracruz.com\/index.php\/wp-json\/wp\/v2\/categories?post=21268"},{"taxonomy":"post_tag","embeddable":true,"href":"https:\/\/noticiasveracruz.com\/index.php\/wp-json\/wp\/v2\/tags?post=21268"}],"curies":[{"name":"wp","href":"https:\/\/api.w.org\/{rel}","templated":true}]}}