{"id":21262,"date":"2023-12-01T01:50:26","date_gmt":"2023-12-01T07:50:26","guid":{"rendered":"https:\/\/noticiasveracruz.com\/?p=21262"},"modified":"2023-12-01T01:50:26","modified_gmt":"2023-12-01T07:50:26","slug":"aterrizaje-suave-en-economia-de-eu-va-por-buen-camino-yellen","status":"publish","type":"post","link":"https:\/\/noticiasveracruz.com\/index.php\/2023\/12\/01\/aterrizaje-suave-en-economia-de-eu-va-por-buen-camino-yellen\/","title":{"rendered":"\u201cAterrizaje suave\u201d en econom\u00eda de EU va por buen camino: Yellen"},"content":{"rendered":"<p><span style=\"font-size: 14pt;\">La secretaria del Tesoro, Janet Yellen, dijo el jueves que cree que la econom\u00eda estadunidense no necesita un endurecimiento dr\u00e1stico de la pol\u00edtica monetaria para evitar que la inflaci\u00f3n se arraigue, y que est\u00e1 en camino de lograr un \u201caterrizaje suave\u201d con un empleo s\u00f3lido.<\/span><\/p>\n<p><span style=\"font-size: 14pt;\">Yellen dijo a periodistas tras un discurso en una planta de procesamiento de litio en Carolina del Norte que, en el pasado, la Reserva Federal (Fed) a veces tuvo que endurecer tanto la pol\u00edtica monetaria que llev\u00f3 a la econom\u00eda a una recesi\u00f3n.<\/span><\/p>\n<p><span style=\"font-size: 14pt;\">\u201cAhora no necesitamos eso\u201d, dijo Yellen. \u201cCreo que las se\u00f1ales son muy buenas de que lograremos este aterrizaje suave con el desempleo estabiliz\u00e1ndose m\u00e1s o menos donde estamos en este entorno general, y el crecimiento ralentiz\u00e1ndose hasta un nivel sostenible. Creo que en eso estamos\u201d.<\/span><\/p>\n<p><span style=\"font-size: 14pt;\">\u201cLa inflaci\u00f3n ha bajado mucho\u201d y los altos precios de algunos productos han vuelto a niveles anteriores a la pandemia, subray\u00f3.<\/span><\/p>\n<p><span style=\"font-size: 14pt;\">\u201cY ahora los avances salariales se est\u00e1n traduciendo realmente en m\u00e1s ingresos reales. As\u00ed que mi esperanza es que los estadounidenses vean poco a poco que las cosas est\u00e1n mejorando\u201d, expres\u00f3.<\/span><\/p>\n","protected":false},"excerpt":{"rendered":"<p>La secretaria del Tesoro, Janet Yellen, dijo el jueves que cree que la econom\u00eda estadunidense no necesita un endurecimiento dr\u00e1stico<\/p>\n","protected":false},"author":4,"featured_media":21263,"comment_status":"closed","ping_status":"closed","sticky":false,"template":"","format":"standard","meta":{"colormag_page_container_layout":"default_layout","colormag_page_sidebar_layout":"default_layout","_jetpack_memberships_contains_paid_content":false,"footnotes":"","jetpack_publicize_message":"","jetpack_publicize_feature_enabled":true,"jetpack_social_post_already_shared":true,"jetpack_social_options":{"image_generator_settings":{"template":"highway","default_image_id":0,"font":"","enabled":false},"version":2}},"categories":[1947],"tags":[],"class_list":["post-21262","post","type-post","status-publish","format-standard","has-post-thumbnail","hentry","category-economia"],"jetpack_publicize_connections":[],"jetpack_featured_media_url":"https:\/\/noticiasveracruz.com\/wp-content\/uploads\/2023\/12\/116584499_gettyimages-891774138.jpg","jetpack_sharing_enabled":true,"publishpress_future_action":{"enabled":false,"date":"2026-05-07 03:12:14","action":"change-status","newStatus":"draft","terms":[],"taxonomy":"category","extraData":[]},"publishpress_future_workflow_manual_trigger":{"enabledWorkflows":[]},"_links":{"self":[{"href":"https:\/\/noticiasveracruz.com\/index.php\/wp-json\/wp\/v2\/posts\/21262","targetHints":{"allow":["GET"]}}],"collection":[{"href":"https:\/\/noticiasveracruz.com\/index.php\/wp-json\/wp\/v2\/posts"}],"about":[{"href":"https:\/\/noticiasveracruz.com\/index.php\/wp-json\/wp\/v2\/types\/post"}],"author":[{"embeddable":true,"href":"https:\/\/noticiasveracruz.com\/index.php\/wp-json\/wp\/v2\/users\/4"}],"replies":[{"embeddable":true,"href":"https:\/\/noticiasveracruz.com\/index.php\/wp-json\/wp\/v2\/comments?post=21262"}],"version-history":[{"count":0,"href":"https:\/\/noticiasveracruz.com\/index.php\/wp-json\/wp\/v2\/posts\/21262\/revisions"}],"wp:featuredmedia":[{"embeddable":true,"href":"https:\/\/noticiasveracruz.com\/index.php\/wp-json\/wp\/v2\/media\/21263"}],"wp:attachment":[{"href":"https:\/\/noticiasveracruz.com\/index.php\/wp-json\/wp\/v2\/media?parent=21262"}],"wp:term":[{"taxonomy":"category","embeddable":true,"href":"https:\/\/noticiasveracruz.com\/index.php\/wp-json\/wp\/v2\/categories?post=21262"},{"taxonomy":"post_tag","embeddable":true,"href":"https:\/\/noticiasveracruz.com\/index.php\/wp-json\/wp\/v2\/tags?post=21262"}],"curies":[{"name":"wp","href":"https:\/\/api.w.org\/{rel}","templated":true}]}}