{"id":21235,"date":"2023-12-01T01:22:48","date_gmt":"2023-12-01T07:22:48","guid":{"rendered":"https:\/\/noticiasveracruz.com\/?p=21235"},"modified":"2023-12-01T01:22:48","modified_gmt":"2023-12-01T07:22:48","slug":"soy-coordinadora-no-precandidata-rn","status":"publish","type":"post","link":"https:\/\/noticiasveracruz.com\/index.php\/2023\/12\/01\/soy-coordinadora-no-precandidata-rn\/","title":{"rendered":"\u201cSoy coordinadora, no precandidata\u201d: RN"},"content":{"rendered":"<p><span style=\"font-size: 14pt;\">Pueblo Viejo, Ver.- La Coordinadora de los Comit\u00e9s de Defensa de la Cuarta Transformaci\u00f3n en el estado, Roc\u00edo Nahle Garc\u00eda, confirm\u00f3 que la ley electoral ha marcado el 2 de enero pr\u00f3ximo como fecha de inicio de precampa\u00f1as para todos los aspirantes a un cargo de elecci\u00f3n popular en el estado.<\/span><\/p>\n<p><span style=\"font-size: 14pt;\">En su caso, a\u00fan es coordinadora y las precandidaturas vendr\u00e1n despu\u00e9s, de acuerdo al proceso interno de cada partido pol\u00edtico.<\/span><\/p>\n<p><span style=\"font-size: 14pt;\">Por lo anterior, no se puede entregar a la ciudadan\u00eda, militantes y simpatizantes de las asambleas informativas que actualmente encabeza en la entidad, papeler\u00eda o material personalizado con su nombre o imagen, eso \u00fanicamente debe hacerlo el movimiento como tal.<\/span><\/p>\n<p><img loading=\"lazy\" decoding=\"async\" class=\"alignnone size-medium wp-image-21237\" src=\"http:\/\/noticiasveracruz.com\/wp-content\/uploads\/2023\/12\/8a1-258x300.jpg\" alt=\"\" width=\"258\" height=\"300\" srcset=\"https:\/\/noticiasveracruz.com\/wp-content\/uploads\/2023\/12\/8a1-258x300.jpg 258w, https:\/\/noticiasveracruz.com\/wp-content\/uploads\/2023\/12\/8a1.jpg 360w\" sizes=\"auto, (max-width: 258px) 100vw, 258px\" \/><\/p>\n<p><span style=\"font-size: 14pt;\">\u201cSin duda nosotros tenemos un material para entregar pero yo soy cuidadosa, muy cuidadosa de la ley y de los tiempos, y todav\u00eda no se nos permite entregar un material personalizado, es decir, material a mi nombre, hasta el 2 de enero inicia el proceso electoral en Veracruz, entonces yo estoy siendo cuidadosa, estoy enfoc\u00e1ndome nada m\u00e1s en la coordinaci\u00f3n, entonces si hay una parte donde piden material y eso es importante, sin embargo, hay material del propio movimiento que es el que se les est\u00e1 proporcionando\u201d, enfatiz\u00f3.<\/span><\/p>\n<p><span style=\"font-size: 14pt;\">Roc\u00edo Nahle indic\u00f3 que continuar\u00e1 con su recorrido en el estado para consolidar a los 12 mil 500 comit\u00e9s que se requieren para garantizar la continuidad de la 4T en Veracruz.<\/span><\/p>\n<p><span style=\"font-size: 14pt;\">\u201cLa otra es que efectivamente hemos avanzado mucho pero nos falta avanzar\u201d, reconoci\u00f3.<\/span><\/p>\n","protected":false},"excerpt":{"rendered":"<p>Pueblo Viejo, Ver.- La Coordinadora de los Comit\u00e9s de Defensa de la Cuarta Transformaci\u00f3n en el estado, Roc\u00edo Nahle Garc\u00eda,<\/p>\n","protected":false},"author":4,"featured_media":21236,"comment_status":"closed","ping_status":"closed","sticky":false,"template":"","format":"standard","meta":{"colormag_page_container_layout":"default_layout","colormag_page_sidebar_layout":"default_layout","_jetpack_memberships_contains_paid_content":false,"footnotes":"","jetpack_publicize_message":"","jetpack_publicize_feature_enabled":true,"jetpack_social_post_already_shared":true,"jetpack_social_options":{"image_generator_settings":{"template":"highway","default_image_id":0,"font":"","enabled":false},"version":2}},"categories":[356],"tags":[],"class_list":["post-21235","post","type-post","status-publish","format-standard","has-post-thumbnail","hentry","category-veracruz"],"jetpack_publicize_connections":[],"jetpack_featured_media_url":"https:\/\/noticiasveracruz.com\/wp-content\/uploads\/2023\/12\/8a.jpg","jetpack_sharing_enabled":true,"publishpress_future_action":{"enabled":false,"date":"2026-05-07 20:50:40","action":"change-status","newStatus":"draft","terms":[],"taxonomy":"category","extraData":[]},"publishpress_future_workflow_manual_trigger":{"enabledWorkflows":[]},"_links":{"self":[{"href":"https:\/\/noticiasveracruz.com\/index.php\/wp-json\/wp\/v2\/posts\/21235","targetHints":{"allow":["GET"]}}],"collection":[{"href":"https:\/\/noticiasveracruz.com\/index.php\/wp-json\/wp\/v2\/posts"}],"about":[{"href":"https:\/\/noticiasveracruz.com\/index.php\/wp-json\/wp\/v2\/types\/post"}],"author":[{"embeddable":true,"href":"https:\/\/noticiasveracruz.com\/index.php\/wp-json\/wp\/v2\/users\/4"}],"replies":[{"embeddable":true,"href":"https:\/\/noticiasveracruz.com\/index.php\/wp-json\/wp\/v2\/comments?post=21235"}],"version-history":[{"count":0,"href":"https:\/\/noticiasveracruz.com\/index.php\/wp-json\/wp\/v2\/posts\/21235\/revisions"}],"wp:featuredmedia":[{"embeddable":true,"href":"https:\/\/noticiasveracruz.com\/index.php\/wp-json\/wp\/v2\/media\/21236"}],"wp:attachment":[{"href":"https:\/\/noticiasveracruz.com\/index.php\/wp-json\/wp\/v2\/media?parent=21235"}],"wp:term":[{"taxonomy":"category","embeddable":true,"href":"https:\/\/noticiasveracruz.com\/index.php\/wp-json\/wp\/v2\/categories?post=21235"},{"taxonomy":"post_tag","embeddable":true,"href":"https:\/\/noticiasveracruz.com\/index.php\/wp-json\/wp\/v2\/tags?post=21235"}],"curies":[{"name":"wp","href":"https:\/\/api.w.org\/{rel}","templated":true}]}}