{"id":21231,"date":"2023-12-01T01:20:33","date_gmt":"2023-12-01T07:20:33","guid":{"rendered":"https:\/\/noticiasveracruz.com\/?p=21231"},"modified":"2023-12-01T01:20:33","modified_gmt":"2023-12-01T07:20:33","slug":"eligen-proyecto-de-memorial-de-heroes-de-la-salud","status":"publish","type":"post","link":"https:\/\/noticiasveracruz.com\/index.php\/2023\/12\/01\/eligen-proyecto-de-memorial-de-heroes-de-la-salud\/","title":{"rendered":"Eligen proyecto de Memorial de H\u00e9roes de la Salud"},"content":{"rendered":"<p><span style=\"font-size: 14pt;\">Veracruz.- El Comit\u00e9 Evaluador de las propuestas para la construcci\u00f3n del Memorial de las y los H\u00e9roes Veracruzanos de la Salud en el Palacio Legislativo eligi\u00f3 el proyecto presentado por la Universidad An\u00e1huac Veracruz campus Xalapa.<\/span><\/p>\n<p><span style=\"font-size: 14pt;\">Al dar la bienvenida a acad\u00e9micos, estudiantes y p\u00fablico en general, la presidenta de la Mesa Directiva de la LXVI Legislatura, diputada Adriana Esther Mart\u00ednez S\u00e1nchez, agradeci\u00f3 a todos los participantes que atendieron la convocatoria, toda vez que, dijo, su trabajo materializa un homenaje que se suma a la majestuosidad de este recinto, \u201cponiendo en manifiesto la gallard\u00eda, ejemplo y amor de quienes trascendieron a la eternidad por amor a las\u00a0 y los veracruzanos\u201d.<\/span><\/p>\n<p><span style=\"font-size: 14pt;\">Durante el acto celebrado en el auditorio Sebasti\u00e1n Lerdo de Tejada de la sede del Poder Legislativo, la representante popular reconoci\u00f3 que \u201cen todos los proyectos est\u00e1n plasmados conocimientos, virtudes, esfuerzos, pero sobre todo, el amplio deseo de edificar un recuerdo colectivo de la gesta hist\u00f3rica de mujeres y hombres que dieron su vida por salvaguardar la del pueblo veracruzano\u201d.<\/span><\/p>\n<p><img loading=\"lazy\" decoding=\"async\" class=\"alignnone size-medium wp-image-21233\" src=\"http:\/\/noticiasveracruz.com\/wp-content\/uploads\/2023\/12\/8c1-300x200.jpg\" alt=\"\" width=\"300\" height=\"200\" srcset=\"https:\/\/noticiasveracruz.com\/wp-content\/uploads\/2023\/12\/8c1-300x200.jpg 300w, https:\/\/noticiasveracruz.com\/wp-content\/uploads\/2023\/12\/8c1-1024x684.jpg 1024w, https:\/\/noticiasveracruz.com\/wp-content\/uploads\/2023\/12\/8c1-768x513.jpg 768w, https:\/\/noticiasveracruz.com\/wp-content\/uploads\/2023\/12\/8c1-1536x1025.jpg 1536w, https:\/\/noticiasveracruz.com\/wp-content\/uploads\/2023\/12\/8c1.jpg 1600w\" sizes=\"auto, (max-width: 300px) 100vw, 300px\" \/><\/p>\n<p><span style=\"font-size: 14pt;\">A su vez, la autora de la iniciativa, diputada Nora J\u00e9ssica Lagunes J\u00e1uregui, dijo que la decisi\u00f3n de cada uno de los participantes al registrar, estudiar y apoyar este proyecto es sin\u00f3nimo de la empat\u00eda, solidaridad, fortaleza y sentido de comunidad que las juventudes veracruzanas tienen con la sociedad y que \u201ccon su visi\u00f3n, tras un suceso que determin\u00f3 su formaci\u00f3n personal y acad\u00e9mica, materializar\u00e1n un memorial que mantendr\u00e1 encendidos los nombres de nuestras y nuestros h\u00e9roes veracruzanos de la salud\u201d.<\/span><\/p>\n<p><span style=\"font-size: 14pt;\">La legisladora agradeci\u00f3 a las y los integrantes de la Junta de Coordinaci\u00f3n Pol\u00edtica y a sus hom\u00f3logos el respaldo a esta iniciativa que \u201crepresenta un homenaje que tiene nombres y apellidos\u201d.<\/span><\/p>\n<p><span style=\"font-size: 14pt;\">Tras la resoluci\u00f3n, la diputada Nora Lagunes dio a conocer el inter\u00e9s de algunas autoridades municipales en los proyectos presentados por las universidades: De Xalapa (UX), Crist\u00f3bal Col\u00f3n (UCC), Jean Piaget, Gestalt de Dise\u00f1o, de Am\u00e9rica Latina (UDAL), plantel Xalapa, as\u00ed como de la Facultad de Arquitectura de la Universidad Veracruzana, Campus Xalapa y Euro Hispanoamericana para construirlos en sus respectivas demarcaciones.<\/span><\/p>\n","protected":false},"excerpt":{"rendered":"<p>Veracruz.- El Comit\u00e9 Evaluador de las propuestas para la construcci\u00f3n del Memorial de las y los H\u00e9roes Veracruzanos de la<\/p>\n","protected":false},"author":4,"featured_media":21232,"comment_status":"closed","ping_status":"closed","sticky":false,"template":"","format":"standard","meta":{"colormag_page_container_layout":"default_layout","colormag_page_sidebar_layout":"default_layout","_jetpack_memberships_contains_paid_content":false,"footnotes":"","jetpack_publicize_message":"","jetpack_publicize_feature_enabled":true,"jetpack_social_post_already_shared":true,"jetpack_social_options":{"image_generator_settings":{"template":"highway","default_image_id":0,"font":"","enabled":false},"version":2}},"categories":[356],"tags":[],"class_list":["post-21231","post","type-post","status-publish","format-standard","has-post-thumbnail","hentry","category-veracruz"],"jetpack_publicize_connections":[],"jetpack_featured_media_url":"https:\/\/noticiasveracruz.com\/wp-content\/uploads\/2023\/12\/8c.jpg","jetpack_sharing_enabled":true,"publishpress_future_action":{"enabled":false,"date":"2026-05-08 03:28:02","action":"change-status","newStatus":"draft","terms":[],"taxonomy":"category","extraData":[]},"publishpress_future_workflow_manual_trigger":{"enabledWorkflows":[]},"_links":{"self":[{"href":"https:\/\/noticiasveracruz.com\/index.php\/wp-json\/wp\/v2\/posts\/21231","targetHints":{"allow":["GET"]}}],"collection":[{"href":"https:\/\/noticiasveracruz.com\/index.php\/wp-json\/wp\/v2\/posts"}],"about":[{"href":"https:\/\/noticiasveracruz.com\/index.php\/wp-json\/wp\/v2\/types\/post"}],"author":[{"embeddable":true,"href":"https:\/\/noticiasveracruz.com\/index.php\/wp-json\/wp\/v2\/users\/4"}],"replies":[{"embeddable":true,"href":"https:\/\/noticiasveracruz.com\/index.php\/wp-json\/wp\/v2\/comments?post=21231"}],"version-history":[{"count":0,"href":"https:\/\/noticiasveracruz.com\/index.php\/wp-json\/wp\/v2\/posts\/21231\/revisions"}],"wp:featuredmedia":[{"embeddable":true,"href":"https:\/\/noticiasveracruz.com\/index.php\/wp-json\/wp\/v2\/media\/21232"}],"wp:attachment":[{"href":"https:\/\/noticiasveracruz.com\/index.php\/wp-json\/wp\/v2\/media?parent=21231"}],"wp:term":[{"taxonomy":"category","embeddable":true,"href":"https:\/\/noticiasveracruz.com\/index.php\/wp-json\/wp\/v2\/categories?post=21231"},{"taxonomy":"post_tag","embeddable":true,"href":"https:\/\/noticiasveracruz.com\/index.php\/wp-json\/wp\/v2\/tags?post=21231"}],"curies":[{"name":"wp","href":"https:\/\/api.w.org\/{rel}","templated":true}]}}