{"id":21227,"date":"2023-12-01T01:18:12","date_gmt":"2023-12-01T07:18:12","guid":{"rendered":"https:\/\/noticiasveracruz.com\/?p=21227"},"modified":"2023-12-01T01:18:12","modified_gmt":"2023-12-01T07:18:12","slug":"presentan-plan-de-movilidad","status":"publish","type":"post","link":"https:\/\/noticiasveracruz.com\/index.php\/2023\/12\/01\/presentan-plan-de-movilidad\/","title":{"rendered":"Presentan plan de movilidad"},"content":{"rendered":"<p><span style=\"font-size: 14pt;\">Xalapa.- Especialistas elaboraron recientemente un plan de movilidad que fue entregado al alcalde de Xalapa, Ricardo Ahued Bardahuil, para resolver el problema vial que enfrenta la capital de Veracruz.<\/span><\/p>\n<p><span style=\"font-size: 14pt;\">El arquitecto Antonio Sainz record\u00f3 que estudios del Instituto Mexicano para la Competitividad (IMCO) del a\u00f1o 2020 revelaban que cada xalape\u00f1o pierde 80 horas en el tr\u00e1fico por a\u00f1o y el equivalente entre la poblaci\u00f3n asciende a m\u00e1s de 600 millones de pesos al a\u00f1o.<\/span><\/p>\n<p><span style=\"font-size: 14pt;\">\u201cTodos nos percatamos de que se vive en una ciudad sin un plan de movilidad, considerando que la ciudad est\u00e1 en crecimiento y cuenta con una poblaci\u00f3n flotante bastante alta, necesitamos medidas alternas al autom\u00f3vil, de acuerdo a la\u00a0 ONU deber\u00edamos contar con 80 kil\u00f3metros de ciclov\u00eda, y solo quedamos como payasos con los planes del tren ligero que al sustituirse por puentes vehiculares,\u00a0 terminaron favoreciendo al uso del autom\u00f3vil, tenemos un gran rezago en materia de movilidad\u201d.<\/span><\/p>\n<p><img loading=\"lazy\" decoding=\"async\" class=\"alignnone size-medium wp-image-21229\" src=\"http:\/\/noticiasveracruz.com\/wp-content\/uploads\/2023\/12\/9a1-300x225.jpg\" alt=\"\" width=\"300\" height=\"225\" srcset=\"https:\/\/noticiasveracruz.com\/wp-content\/uploads\/2023\/12\/9a1-300x225.jpg 300w, https:\/\/noticiasveracruz.com\/wp-content\/uploads\/2023\/12\/9a1-768x576.jpg 768w, https:\/\/noticiasveracruz.com\/wp-content\/uploads\/2023\/12\/9a1.jpg 1024w\" sizes=\"auto, (max-width: 300px) 100vw, 300px\" \/><\/p>\n<p><span style=\"font-size: 14pt;\">Indic\u00f3 que Veracruz sigue sin actualizar su reglamento de tr\u00e1nsito hacia una ley de movilidad y seguridad vial como ya se hace en otros estados del pa\u00eds. Adem\u00e1s, tampoco ha habido mejoras al servicio de transporte p\u00fablico.<\/span><\/p>\n<p><span style=\"font-size: 14pt;\">\u201cY solo so\u00f1amos con la mejora del transporte p\u00fablico, cuando otras ciudades parecidas a la nuestra como Zacatecas ya se est\u00e1n llevando a cabo planes de implementar un SIT (Sistema Integral de Transporte) es decir, un metrobus. Al encontrarnos a\u00fan lejos de llevar a cabo la anhelada reforma al transporte p\u00fablico, se deben encontrar las soluciones que ayuden a aminorar el problema del tr\u00e1nsito vehicular y al mismo tiempo realizar las modificaciones viales necesarias que encaminen a nuestra ciudad a la implementaci\u00f3n de un mejor sistema de transporte\u201d.<\/span><\/p>\n<p><span style=\"font-size: 14pt;\">Por tal motivo, propuso un plan de movilidad, que fue presentado a la autoridad municipal y requerir\u00e1 del apoyo del gobierno del estado y de los ciudadanos.<\/span><\/p>\n<p><span style=\"font-size: 14pt;\">\u201cQuizas se han percatado de que toda la ciudad carece de un orden y control en el tema vehicular, tanto peatones como conductores se han desviado del lema: en Xalapa el peat\u00f3n es primero, observamos una conducta negativa en los comportamientos viales, al existir muchos autos, la gente los estaciona donde sea sin ninguna consecuencia, incluso en avenidas donde siempre fue prohibido estacionarse,\u00a0 tenemos completamente ocupados los carriles derechos de todas las avenidas principales de nuestra ciudad\u201d.<\/span><\/p>\n<p><span style=\"font-size: 14pt;\">El arquitecto propuso despejar los carriles \u201cociosos\u201d para rescatar espacios que sean destinados \u00fanicamente al transporte p\u00fablico urbano.<\/span><\/p>\n<p><span style=\"font-size: 14pt;\">A\u00f1adi\u00f3 que el manual de calles de la Sedatu da la gu\u00eda para llevar a cabo la modificaci\u00f3n de carriles y as\u00ed sean confinados, incluso, incorporar una ciclov\u00eda.<\/span><\/p>\n","protected":false},"excerpt":{"rendered":"<p>Xalapa.- Especialistas elaboraron recientemente un plan de movilidad que fue entregado al alcalde de Xalapa, Ricardo Ahued Bardahuil, para resolver<\/p>\n","protected":false},"author":4,"featured_media":21228,"comment_status":"closed","ping_status":"closed","sticky":false,"template":"","format":"standard","meta":{"colormag_page_container_layout":"default_layout","colormag_page_sidebar_layout":"default_layout","_jetpack_memberships_contains_paid_content":false,"footnotes":"","jetpack_publicize_message":"","jetpack_publicize_feature_enabled":true,"jetpack_social_post_already_shared":true,"jetpack_social_options":{"image_generator_settings":{"template":"highway","default_image_id":0,"font":"","enabled":false},"version":2}},"categories":[356],"tags":[],"class_list":["post-21227","post","type-post","status-publish","format-standard","has-post-thumbnail","hentry","category-veracruz"],"jetpack_publicize_connections":[],"jetpack_featured_media_url":"https:\/\/noticiasveracruz.com\/wp-content\/uploads\/2023\/12\/9a.jpg","jetpack_sharing_enabled":true,"publishpress_future_action":{"enabled":false,"date":"2026-05-05 23:13:13","action":"change-status","newStatus":"draft","terms":[],"taxonomy":"category","extraData":[]},"publishpress_future_workflow_manual_trigger":{"enabledWorkflows":[]},"_links":{"self":[{"href":"https:\/\/noticiasveracruz.com\/index.php\/wp-json\/wp\/v2\/posts\/21227","targetHints":{"allow":["GET"]}}],"collection":[{"href":"https:\/\/noticiasveracruz.com\/index.php\/wp-json\/wp\/v2\/posts"}],"about":[{"href":"https:\/\/noticiasveracruz.com\/index.php\/wp-json\/wp\/v2\/types\/post"}],"author":[{"embeddable":true,"href":"https:\/\/noticiasveracruz.com\/index.php\/wp-json\/wp\/v2\/users\/4"}],"replies":[{"embeddable":true,"href":"https:\/\/noticiasveracruz.com\/index.php\/wp-json\/wp\/v2\/comments?post=21227"}],"version-history":[{"count":0,"href":"https:\/\/noticiasveracruz.com\/index.php\/wp-json\/wp\/v2\/posts\/21227\/revisions"}],"wp:featuredmedia":[{"embeddable":true,"href":"https:\/\/noticiasveracruz.com\/index.php\/wp-json\/wp\/v2\/media\/21228"}],"wp:attachment":[{"href":"https:\/\/noticiasveracruz.com\/index.php\/wp-json\/wp\/v2\/media?parent=21227"}],"wp:term":[{"taxonomy":"category","embeddable":true,"href":"https:\/\/noticiasveracruz.com\/index.php\/wp-json\/wp\/v2\/categories?post=21227"},{"taxonomy":"post_tag","embeddable":true,"href":"https:\/\/noticiasveracruz.com\/index.php\/wp-json\/wp\/v2\/tags?post=21227"}],"curies":[{"name":"wp","href":"https:\/\/api.w.org\/{rel}","templated":true}]}}