{"id":21218,"date":"2023-12-01T01:08:05","date_gmt":"2023-12-01T07:08:05","guid":{"rendered":"https:\/\/noticiasveracruz.com\/?p=21218"},"modified":"2023-12-01T01:08:05","modified_gmt":"2023-12-01T07:08:05","slug":"que-murmuren-que-importa-que-murmuren","status":"publish","type":"post","link":"https:\/\/noticiasveracruz.com\/index.php\/2023\/12\/01\/que-murmuren-que-importa-que-murmuren\/","title":{"rendered":"Que murmuren, que importa que murmuren"},"content":{"rendered":"<p><span style=\"font-size: 14pt;\"><strong>Por Mois\u00e9s S\u00e1nchez Lim\u00f3n<\/strong><\/span><\/p>\n<p><span style=\"font-size: 14pt;\">Pues, \u00a1caray!, resulta que el licenciado presidente anda malito. Le duelen los talones y le sali\u00f3 una perrilla en\u2026 el ojo izquierdo<\/span><\/p>\n<p><span style=\"font-size: 14pt;\">Usted lo sabe, apenas lleg\u00f3 al s\u00e9ptimo piso, pero desde hace rato anda chocheando. \u00bfPorque lo corrieron en terracer\u00eda y sin aceite? S\u00ed, en efecto.<\/span><\/p>\n<p><span style=\"font-size: 14pt;\">\u00a1Hey!, \u00a1hey! \u00a1Momento!, fan\u00e1ticos, seguidores, simpatizantes, lambiscones y adoradores de la figura del licenciado Andr\u00e9s Manuel L\u00f3pez Obrador, no le ando inventando enfermedades o dese\u00e1ndole males.<\/span><\/p>\n<p><span style=\"font-size: 14pt;\">\u00a1Nooo!<\/span><\/p>\n<p><span style=\"font-size: 14pt;\">As\u00ed como todos los d\u00edas hacen acto de fe con la 4T, hagan un poquito de memoria. Recuerden: \u00e9l lo confes\u00f3 en alguno de esos momentos en los que se victimiza y presume que anda en chinga pese a las enfermedades que se le han sumado al llegar al s\u00e9ptimo piso.<\/span><\/p>\n<p><span style=\"font-size: 14pt;\">Vox populi refiere que el licenciado L\u00f3pez Obrador procura no tener agenda despu\u00e9s de la ma\u00f1anera y se va a dormir, o suele echarse un coyotito en el transcurso del d\u00eda.<\/span><\/p>\n<p><span style=\"font-size: 14pt;\">Pero \u00e9l confes\u00f3 que, antes de irse a la cama se zambute un coctel de medicamentos y, pues s\u00ed, ya anda chocheando.<\/span><\/p>\n<p><span style=\"font-size: 14pt;\">As\u00ed que no es raro que a la mezzosoprano y doctora Claudia Sheinbaum haya confiado que le duele el tal\u00f3n o los talones, que eso es lo que quiere decir el calca\u00f1ar, por eso camina medio pandeado, adem\u00e1s de que el martes le sali\u00f3 una perrilla en el ojo izquierdo.<\/span><\/p>\n<p><span style=\"font-size: 14pt;\">Para quienes recuerdan c\u00f3mo las abuelas curaban el empacho y hasta el mal de ojo, sabr\u00e1n que eso de las perrillas era motivo de buleo porque, aduc\u00edan las se\u00f1oras ya grandecitas:<\/span><\/p>\n<p><span style=\"font-size: 14pt;\">&#8211;\u00a1Condenado chamaco! Por andar viendo a los perros haciendo sus cosas le sali\u00f3 la perrilla.<\/span><\/p>\n<p><span style=\"font-size: 14pt;\">\u00a1Rec\u00e1spita doctor L\u00f3pez Gatell!<\/span><\/p>\n<p><span style=\"font-size: 14pt;\">Y en la escuela hab\u00eda que aguantar a la banda con el buleo.<\/span><\/p>\n<p><span style=\"font-size: 14pt;\">Pero, mire usted, al licenciado L\u00f3pez Obrador nadie en la ma\u00f1anera se atrevi\u00f3 a decirle que por andar viendo a los perros y, por supuesto si no c\u00f3mo, a las perritas haciendo sus cosas, le sali\u00f3 la perrilla.<\/span><\/p>\n<p><span style=\"font-size: 14pt;\">No creo, no, que la mezzosoprano Sheinbaum le haya dicho: \u201cse\u00f1or presidente, no ande viendo esas cosas\u201d. Mucho menos ofrecerle sus servicios como doctora porque no cura ni un pulque, aunque sabe hacer cocinas artesanales. Por lo menos de ello habl\u00f3 en su tesis.<\/span><\/p>\n<p><span style=\"font-size: 14pt;\">Pero el tema es que, en la ma\u00f1anera de ayer mi\u00e9rcoles, coment\u00f3 que con la doctora habl\u00f3, en la reuni\u00f3n privada que se recetaron el martes, de diversos temas. \u201cY tambi\u00e9n \u2013confi\u00f3 Su Alteza Seren\u00edsima&#8211; de los achaques, en mi caso, de que ya les hab\u00eda yo dicho que estoy malo del calca\u00f1ar, ayer me sali\u00f3 un tutupiche. Ah\u00ed se los dejo de tarea, es en mi lengua tabasque\u00f1a, un tutupiche. Pero todo va a bien, est\u00e1 muy bien\u201d.<\/span><\/p>\n<p><span style=\"font-size: 14pt;\">Dicen los que saben, que la doctora y mezzosoprano fue, dizque sin querer queriendo, a consultas con el licenciado L\u00f3pez Obrador para una evaluaci\u00f3n in situ de la precampa\u00f1a. Como unos canijos reporteros vieron a la doctora Sheinbaum salir de Palacio por la puerta de atr\u00e1s, pues, ya ve usted como es esto, se solt\u00f3 el chismer\u00edo.<\/span><\/p>\n<p><span style=\"font-size: 14pt;\">Unos dijeron que le fue a cobrar la tanda, otros que no, que le debe lo de las cremas antiarrugas y el Tupperware que le vendi\u00f3 a do\u00f1a Beatriz para guardar los tamales de chipil\u00edn.<\/span><\/p>\n<p><span style=\"font-size: 14pt;\">Hubo unos m\u00e1s abusados que dijeron:<\/span><\/p>\n<p><span style=\"font-size: 14pt;\">\u00a1Ajaj\u00e1!, la doctora vino a que le diera l\u00ednea el licenciado L\u00f3pez Obrador, pero en secreto para que la gente no ande por esas calles de Dios murmurando que el Duce tiene metido hasta el calca\u00f1ar en la campa\u00f1a.<\/span><\/p>\n<p><span style=\"font-size: 14pt;\">Y, bueno, ah\u00ed tiene usted que sin pregunta de por medio, el Duce confes\u00f3 y se quej\u00f3:<\/span><\/p>\n<p><span style=\"font-size: 14pt;\">&#8211;Nada m\u00e1s para decirles que estuvo Claudia aqu\u00ed ayer (\u2026). Pues vino, ten\u00eda inter\u00e9s en platicar conmigo, comentamos algunas cosas.<\/span><\/p>\n<p><span style=\"font-size: 14pt;\">&#8211;\u00bfCu\u00e1les? \u2013preguntaron al licenciado presidente.<\/span><\/p>\n<p><span style=\"font-size: 14pt;\">&#8211;Pues c\u00f3mo le ha ido. Somos amigos; adem\u00e1s es mi compa\u00f1era, es la dirigente del movimiento al que pertenezco\u2014respondi\u00f3 el Duce.<\/span><\/p>\n<p><span style=\"font-size: 14pt;\">&#8211;\u00bfHablaron de Marcelo?<\/span><\/p>\n<p><span style=\"font-size: 14pt;\">&#8211;No, no, no, yo ya de eso no hablo. Es que ella es la dirigente del movimiento, pero tambi\u00e9n es mi amiga y es mi compa\u00f1era.<\/span><\/p>\n<p><span style=\"font-size: 14pt;\">&#8211;\u00bfY la reforma al Poder Judicial?<\/span><\/p>\n<p><span style=\"font-size: 14pt;\">&#8211;No, no, no. NO nada de eso, nada m\u00e1s es: \u00bfc\u00f3mo te ha ido?, \u00bfc\u00f3mo est\u00e1s? Y ella tambi\u00e9n me pregunta, y sobre eso platicamos \u2013insisti\u00f3 Su Alteza Seren\u00edsima.<\/span><\/p>\n<p><span style=\"font-size: 14pt;\">Y por ah\u00ed se fue, con el \u00e1nimo de demostrar que son amiguis y pues no hablaron de pol\u00edtica ni nada de eso.<\/span><\/p>\n<p><span style=\"font-size: 14pt;\">\u00bfHabr\u00e1n hablado de los nuevos cap\u00edtulos de La Rosa de Guadalupe? \u00bfHabr\u00e1n compartido sus clases de macram\u00e9 y punto de cruz?<\/span><\/p>\n<p><span style=\"font-size: 14pt;\">Y, mire usted, no seamos mal pensados ni andemos murmurando. La mezzosoprano es comadre del licenciado Andr\u00e9s Manuel, tanto que, de como cada cuando se re\u00fanen o reunir\u00e1n, dijo que \u201ccuando se pueda, o sea, que yo la pueda invitar o ella me invite a cenar o a ir a alg\u00fan lugar, pues s\u00ed la veo\u201d.<\/span><\/p>\n<p><span style=\"font-size: 14pt;\">&#8211;\u00bfLe dir\u00eda algunas recomendaciones? \u2013se pregunt\u00f3 al licenciado.<\/span><\/p>\n<p><span style=\"font-size: 14pt;\">&#8212;\u00a0No, no, no, yo no. No, Claudia es muy inteligente, mucho muy inteligente. No lo olviden, si vamos a la formalidad, a lo acad\u00e9mico, tienen nivel de doctorado, yo a duras penas llegu\u00e9 a terminar mi licenciatura. Claudia es muy inteligente, es honesta. Tenemos, pues, relaciones de amistad de a\u00f1os. Ya les cont\u00e9 de cuando la conoc\u00ed en el 2000, hace 23 a\u00f1os.<\/span><\/p>\n<p><span style=\"font-size: 14pt;\">\u00a1Z\u00e1catelas, San Valent\u00edn!<\/span><\/p>\n<p><span style=\"font-size: 14pt;\">Y pues ah\u00ed tiene usted que el licenciado presidente anda malito pero con toda la actitud para platicar con la doctora, de todo pero nada de pol\u00edtica.<\/span><\/p>\n<p><span style=\"font-size: 14pt;\">Porque, bueno, ya ha escuchado usted al jovenazo Mario Delgado declarar que la campa\u00f1a o precampa\u00f1a de la doctora va requetebi\u00e9n y que no es necesario llamar a la unidad a cada ratito, pero lo hace para que la feligres\u00eda no olvide qui\u00e9n le da su lanita bimestral.<\/span><\/p>\n<p><span style=\"font-size: 14pt;\">S\u00ed, Mario como el fil\u00f3sofo Epigmenio Ibarra, cuya defensa del licenciado presidente linda en la idolatr\u00eda. Y que ni le toquen un pelo a Su Alteza Seren\u00edsima porque Epi entra en un frenes\u00ed de defensa y justificaciones. \u00a1Ay, Epi!<\/span><\/p>\n<p><span style=\"font-size: 14pt;\">\u00a1Nooo!, no confundir con los lambiscones que Andr\u00e9s Manuel refiere como un mal que suele gravitar en torno del presidente en turno. Pero, la verdad, la verdad\u2026 que murmuren, que me importa que murmuren \u2013Marco Antonio Mu\u00f1iz dixit&#8211;. \u00bfTambi\u00e9n le doler\u00e1 el cuadril a Su Alteza Seren\u00edsima? \u00a1Sopas! Drakko. Digo.<\/span><\/p>\n<p><img loading=\"lazy\" decoding=\"async\" class=\"alignnone wp-image-21219 size-full\" src=\"http:\/\/noticiasveracruz.com\/wp-content\/uploads\/2023\/12\/FIRMA-EDITORIAL-PD.jpg\" alt=\"\" width=\"1024\" height=\"125\" srcset=\"https:\/\/noticiasveracruz.com\/wp-content\/uploads\/2023\/12\/FIRMA-EDITORIAL-PD.jpg 1024w, https:\/\/noticiasveracruz.com\/wp-content\/uploads\/2023\/12\/FIRMA-EDITORIAL-PD-300x37.jpg 300w, https:\/\/noticiasveracruz.com\/wp-content\/uploads\/2023\/12\/FIRMA-EDITORIAL-PD-768x94.jpg 768w\" sizes=\"auto, (max-width: 1024px) 100vw, 1024px\" \/><\/p>\n","protected":false},"excerpt":{"rendered":"<p>Por Mois\u00e9s S\u00e1nchez Lim\u00f3n Pues, \u00a1caray!, resulta que el licenciado presidente anda malito. Le duelen los talones y le sali\u00f3<\/p>\n","protected":false},"author":4,"featured_media":12769,"comment_status":"closed","ping_status":"closed","sticky":false,"template":"","format":"standard","meta":{"colormag_page_container_layout":"default_layout","colormag_page_sidebar_layout":"default_layout","_jetpack_memberships_contains_paid_content":false,"footnotes":"","jetpack_publicize_message":"","jetpack_publicize_feature_enabled":true,"jetpack_social_post_already_shared":true,"jetpack_social_options":{"image_generator_settings":{"template":"highway","default_image_id":0,"font":"","enabled":false},"version":2}},"categories":[6],"tags":[],"class_list":["post-21218","post","type-post","status-publish","format-standard","has-post-thumbnail","hentry","category-columnistas"],"jetpack_publicize_connections":[],"jetpack_featured_media_url":"https:\/\/noticiasveracruz.com\/wp-content\/uploads\/2023\/02\/P-MOISES-SANCHEZ.png","jetpack_sharing_enabled":true,"publishpress_future_action":{"enabled":false,"date":"2026-05-05 22:52:42","action":"change-status","newStatus":"draft","terms":[],"taxonomy":"category","extraData":[]},"publishpress_future_workflow_manual_trigger":{"enabledWorkflows":[]},"_links":{"self":[{"href":"https:\/\/noticiasveracruz.com\/index.php\/wp-json\/wp\/v2\/posts\/21218","targetHints":{"allow":["GET"]}}],"collection":[{"href":"https:\/\/noticiasveracruz.com\/index.php\/wp-json\/wp\/v2\/posts"}],"about":[{"href":"https:\/\/noticiasveracruz.com\/index.php\/wp-json\/wp\/v2\/types\/post"}],"author":[{"embeddable":true,"href":"https:\/\/noticiasveracruz.com\/index.php\/wp-json\/wp\/v2\/users\/4"}],"replies":[{"embeddable":true,"href":"https:\/\/noticiasveracruz.com\/index.php\/wp-json\/wp\/v2\/comments?post=21218"}],"version-history":[{"count":0,"href":"https:\/\/noticiasveracruz.com\/index.php\/wp-json\/wp\/v2\/posts\/21218\/revisions"}],"wp:featuredmedia":[{"embeddable":true,"href":"https:\/\/noticiasveracruz.com\/index.php\/wp-json\/wp\/v2\/media\/12769"}],"wp:attachment":[{"href":"https:\/\/noticiasveracruz.com\/index.php\/wp-json\/wp\/v2\/media?parent=21218"}],"wp:term":[{"taxonomy":"category","embeddable":true,"href":"https:\/\/noticiasveracruz.com\/index.php\/wp-json\/wp\/v2\/categories?post=21218"},{"taxonomy":"post_tag","embeddable":true,"href":"https:\/\/noticiasveracruz.com\/index.php\/wp-json\/wp\/v2\/tags?post=21218"}],"curies":[{"name":"wp","href":"https:\/\/api.w.org\/{rel}","templated":true}]}}