{"id":21212,"date":"2023-11-30T17:55:15","date_gmt":"2023-11-30T23:55:15","guid":{"rendered":"https:\/\/noticiasveracruz.com\/?p=21212"},"modified":"2023-11-30T17:55:15","modified_gmt":"2023-11-30T23:55:15","slug":"murio-kissinger-el-hitler-de-ee-uu-mas-sanguinario-en-el-mundo","status":"publish","type":"post","link":"https:\/\/noticiasveracruz.com\/index.php\/2023\/11\/30\/murio-kissinger-el-hitler-de-ee-uu-mas-sanguinario-en-el-mundo\/","title":{"rendered":"Muri\u00f3 Kissinger, el Hitler de EE.UU. m\u00e1s sanguinario  en el mundo"},"content":{"rendered":"<p><span style=\"font-size: 14pt;\">Mera coincidencia, puede significar, pero apenas ayer un grupo de senadores republicanos -racistas, clasistas y energ\u00famenos de todo que pueda invocarse como solidaridad humana-se pronunciaron e impulsan una resoluci\u00f3n legislativa, para que prevalezca en Am\u00e9rica latina y el mundo la doctrina que estableci\u00f3 el presidente Monroe, con lo que se justifica la intervenci\u00f3n del gobierno norteamericano para que, ese pa\u00eds siga socavando la libertad y la democracia en Am\u00e9rica y el Caribe mediante una pol\u00edtica diplom\u00e1tica consistente en el intervencionismo en las decisiones de los pa\u00edses, para aniquilar cualquier soberan\u00eda, precisamente\u00a0 previa a la muerte de Henry\u00a0 Kissinger, a los cien a\u00f1os de edad, en su cama y con la conciencia de que no pas\u00f3 nada.<\/span><\/p>\n<p><span style=\"font-size: 14pt;\">Este criminal de guerra -de todas las guerras y sufrimientos de los pa\u00edses del mundo- no muri\u00f3 en prisi\u00f3n como hubiera sido lo correcto, sino en su casa y acogido de las temperaturas del cercano invierno, y menos tuvo la necesidad de apurar la cicuta, que prob\u00f3 S\u00f3crates\u00a0 o el veneno de Hitler -antes de caer en manos de los aliados de la segunda guerra mundial o bien en tribunal que impusieron a los que participaron en esa contienda-cuando viene a ser m\u00e1s lo que el gobierno de Estados Unidos ha hecho en el mundo y cuyas consecuencias se siguen resintiendo y lo ser\u00e1 as\u00ed, tanto no se revolucione a fondo la conciencia de la solidaridad social, del humanismo.<\/span><\/p>\n<p><span style=\"font-size: 14pt;\">Si bien en la guerra de Vietnam, a quien no pudieron derrotar, pese a las miles de bombas jam\u00e1s usadas en una guerra y tuvieron que salir con la cola entre la piernas, no menos dolorosos es lo que hizo con Chile donde, para demostrar que la democracia solo se puede aplicar en el gobierno de los Estados Unidos, junto con su pol\u00edtica de expolici\u00f3n, atracos y saqueo de los recursos naturales para el enriquecimiento criminal, que conducen a fomentar un golpe de estado o varios, utilizando al chacal Pinochet, a quien colocan en el gobierno y derraman la sangre de miles de chilenos o que vive en el exilio y que ese pueblo no ha podido encontrar en treinta a\u00f1os de dictadura el mejor camino por las resistencias enraizadas en las connivencias criminales y que, al igual con Argentina, Brasil, Centro Am\u00e9rica, en fin, ah\u00ed queda el legado criminal y se extiende a Cub,a Venezuela, Nicaragua, etc\u00e9tera.<\/span><\/p>\n<p><span style=\"font-size: 14pt;\">Siendo Kissinger el promotor de las guerras en el mundo y responsable de la migraci\u00f3n que permea en todos los pa\u00edses donde lleg\u00f3 su mano, en el caso particular de Am\u00e9rica Latina y el Caribe, est\u00e1n, sobre todo, los golpes de Estado, que si bien era una constante, con el se afianzan, al ejercer su influencia desde 1969-1977 y al ser retirado de la vida pol\u00edtica. Luego de recibir, sin rubor alguno el Premio Noble de la Paz, ese organismo que premia los cr\u00edmenes de lesa humanidad y a quien desprecian\u00a0 los derechos\u00a0 humanos.<\/span><\/p>\n<p><span style=\"font-size: 14pt;\">Kissinger y Hitler, ambos alemanes de origen, aunque el primero nacionalizado estadounidense son los paradigmas de la liberad, la democracia, de la modernidad y el bienestar social de la humanidad y a ellos\u00a0 se les debe rendir permanente homenaje de su\u00a0 insigne proceder, que queda en la historia de la humanidad y recordarlos siempre para que no se olvide ni se repitan esas atrocidades, y lo mismo tiene que hacerse en nuestro pa\u00eds con Salinas de Gortari, Zedillo, Fox, Calder\u00f3n y Pe\u00f1a porque enajenaron los bienes de la naci\u00f3n a los extranjeros\u00a0 y nos condenaron a la miseria y pobreza de una naci\u00f3n con \u00a0tanta riqueza pero con muchos bandidos y corruptos que se niegan a morir y que resistir\u00e1n , quedando la esperanza que no hay mal que dure cien a\u00f1os, y veremos, en la esperanza, \u00a0que se anide un futuro distinto.<\/span><\/p>\n<p><span style=\"font-size: 14pt;\">Ahora vemos c\u00f3mo el partido de la hegemon\u00eda pol\u00edtica en M\u00e9xico,- el nacionalismo revolucionario de la expropiaci\u00f3n petrolera, el del reparto agrario, de la electrificaci\u00f3n del pa\u00eds, de la educaci\u00f3n laica y gratuita y dem\u00e1s bienestar social, ahora que se redujo al \u00a0PRIAN, en manos de quienes se opusieron a aquella \u00a0pol\u00edtica \u00a0social, \u00a0ha ca\u00eddo en el fango de su corrupci\u00f3n y \u00a0en la peor miseria de su vida, al no tener la capacidad de designar un candidato a la presidencia de la rep\u00fablica, perdiendo su\u00a0 figura y dignidad hist\u00f3rica de un solo golpe, de manera tal que solo quedar\u00e1 rescatar sus restos, porque de miserias ya no podr\u00e1 vivir. Su tumba esta preparada para su entierro, pues si el criminal de guerra \u00a0duro \u00a0\u00a0sus cien a\u00f1os, el PRI solo aguant\u00f3 los setenta.<\/span><\/p>\n<p><img loading=\"lazy\" decoding=\"async\" class=\"alignnone wp-image-20959 size-full\" src=\"http:\/\/noticiasveracruz.com\/wp-content\/uploads\/2023\/11\/FIRMA-EDITORIAL-PD-3.jpg\" alt=\"\" width=\"1024\" height=\"125\" srcset=\"https:\/\/noticiasveracruz.com\/wp-content\/uploads\/2023\/11\/FIRMA-EDITORIAL-PD-3.jpg 1024w, https:\/\/noticiasveracruz.com\/wp-content\/uploads\/2023\/11\/FIRMA-EDITORIAL-PD-3-300x37.jpg 300w, https:\/\/noticiasveracruz.com\/wp-content\/uploads\/2023\/11\/FIRMA-EDITORIAL-PD-3-768x94.jpg 768w\" sizes=\"auto, (max-width: 1024px) 100vw, 1024px\" \/><\/p>\n","protected":false},"excerpt":{"rendered":"<p>Mera coincidencia, puede significar, pero apenas ayer un grupo de senadores republicanos -racistas, clasistas y energ\u00famenos de todo que pueda<\/p>\n","protected":false},"author":4,"featured_media":1113,"comment_status":"closed","ping_status":"closed","sticky":false,"template":"","format":"standard","meta":{"colormag_page_container_layout":"default_layout","colormag_page_sidebar_layout":"default_layout","_jetpack_memberships_contains_paid_content":false,"footnotes":"","jetpack_publicize_message":"","jetpack_publicize_feature_enabled":true,"jetpack_social_post_already_shared":true,"jetpack_social_options":{"image_generator_settings":{"template":"highway","default_image_id":0,"font":"","enabled":false},"version":2}},"categories":[6],"tags":[],"class_list":["post-21212","post","type-post","status-publish","format-standard","has-post-thumbnail","hentry","category-columnistas"],"jetpack_publicize_connections":[],"jetpack_featured_media_url":"https:\/\/noticiasveracruz.com\/wp-content\/uploads\/2022\/01\/NV-JOSE\u0301-LUIS-COBOS.png","jetpack_sharing_enabled":true,"publishpress_future_action":{"enabled":false,"date":"2026-05-05 22:36:01","action":"change-status","newStatus":"draft","terms":[],"taxonomy":"category","extraData":[]},"publishpress_future_workflow_manual_trigger":{"enabledWorkflows":[]},"_links":{"self":[{"href":"https:\/\/noticiasveracruz.com\/index.php\/wp-json\/wp\/v2\/posts\/21212","targetHints":{"allow":["GET"]}}],"collection":[{"href":"https:\/\/noticiasveracruz.com\/index.php\/wp-json\/wp\/v2\/posts"}],"about":[{"href":"https:\/\/noticiasveracruz.com\/index.php\/wp-json\/wp\/v2\/types\/post"}],"author":[{"embeddable":true,"href":"https:\/\/noticiasveracruz.com\/index.php\/wp-json\/wp\/v2\/users\/4"}],"replies":[{"embeddable":true,"href":"https:\/\/noticiasveracruz.com\/index.php\/wp-json\/wp\/v2\/comments?post=21212"}],"version-history":[{"count":0,"href":"https:\/\/noticiasveracruz.com\/index.php\/wp-json\/wp\/v2\/posts\/21212\/revisions"}],"wp:featuredmedia":[{"embeddable":true,"href":"https:\/\/noticiasveracruz.com\/index.php\/wp-json\/wp\/v2\/media\/1113"}],"wp:attachment":[{"href":"https:\/\/noticiasveracruz.com\/index.php\/wp-json\/wp\/v2\/media?parent=21212"}],"wp:term":[{"taxonomy":"category","embeddable":true,"href":"https:\/\/noticiasveracruz.com\/index.php\/wp-json\/wp\/v2\/categories?post=21212"},{"taxonomy":"post_tag","embeddable":true,"href":"https:\/\/noticiasveracruz.com\/index.php\/wp-json\/wp\/v2\/tags?post=21212"}],"curies":[{"name":"wp","href":"https:\/\/api.w.org\/{rel}","templated":true}]}}