{"id":21210,"date":"2023-11-30T17:38:14","date_gmt":"2023-11-30T23:38:14","guid":{"rendered":"https:\/\/noticiasveracruz.com\/?p=21210"},"modified":"2023-11-30T17:38:14","modified_gmt":"2023-11-30T23:38:14","slug":"el-periodiquito-de-morena","status":"publish","type":"post","link":"https:\/\/noticiasveracruz.com\/index.php\/2023\/11\/30\/el-periodiquito-de-morena\/","title":{"rendered":"El periodiquito de MORENA"},"content":{"rendered":"<ul>\n<li><span style=\"font-size: 14pt;\"><strong>Aprueban diputados desaparici\u00f3n de la agencia NOTIMEX<\/strong><\/span><\/li>\n<li><span style=\"font-size: 14pt;\"><strong>Los 5\u00b4000,000 de ejemplares al mes del peri\u00f3dico oficial del partido<\/strong><\/span><\/li>\n<li><span style=\"font-size: 14pt;\"><strong>Entre el peri\u00f3dico y la revista se gastan $118,375,200.00 al a\u00f1o<\/strong><\/span><\/li>\n<\/ul>\n<p><span style=\"font-size: 14pt;\"><strong>Por Miguel \u00c1ngel Cristiani G.<\/strong><\/span><\/p>\n<p><span style=\"font-size: 14pt;\">La c\u00e1mara de diputados federal aprob\u00f3 la desaparici\u00f3n de NOTIMEX que durante muchos a\u00f1os fuera la primera agencia de noticias oficial en nuestro pa\u00eds, lo anterior como parte de la pol\u00edtica de monopolizar los medios oficiales del partido en el poder.<\/span><\/p>\n<p><span style=\"font-size: 14pt;\">Lo que s\u00ed se mantiene, es la huelga de los trabajadores que est\u00e1n demandando una justa liquidaci\u00f3n por sus a\u00f1os de trabajo.<\/span><\/p>\n<p><span style=\"font-size: 14pt;\">NOTIMEX cumpl\u00eda con la funci\u00f3n de dar a conocer las informaciones nacionales y de las dependencias de gobierno.<\/span><\/p>\n<p><span style=\"font-size: 14pt;\">Pero como para la actual administraci\u00f3n federal el \u00fanico medio para informar-criticar a todos los que piensan u opinan diferente, son las llamadas conferencias ma\u00f1aneras que se transmiten todos los d\u00edas, cada vez con menor audiencia por el poco inter\u00e9s que despiertan entre los mexicanos.<\/span><\/p>\n<p><span style=\"font-size: 14pt;\">El otro medio oficialista, que sigue saliendo es el periodiquito Renegaci\u00f3n, que muy poco se le ve y mucho menos se le lee, pero sigue public\u00e1ndose gracias a que es subsidiado totalmente.<\/span><\/p>\n<p><span style=\"font-size: 14pt;\">El periodico Regeneraci\u00f3n es el \u00f3rgano oficial del partido Morena y por eso recibe parte de las prerrogativas y subsidios presupuestales, al igual que una revista que tampoco nadie ve ni lee llamada Conciencias y que al igual que el periodico se reparte a trav\u00e9s de los Comit\u00e9s Estatales del partido.<\/span><\/p>\n<p><span style=\"font-size: 14pt;\">En la justificaci\u00f3n de la publicaci\u00f3n del peri\u00f3dico se establecen como objetivos, metas e Indicadores del Objetivos: \u201cDifundir informaci\u00f3n y an\u00e1lisis referente a la situaci\u00f3n actual del pa\u00eds, as\u00ed como los principales problemas para los militantes, simpatizantes y poblaci\u00f3n en general. Por medio de un peri\u00f3dico con 5,000,000 de ejemplares, se imprimir\u00e1n en enero de 2024 y ser\u00e1n distribuidos en febrero de 2024 para promover una aut\u00e9ntica democracia participativa mejor informada.\u00a0<\/span><\/p>\n<p><span style=\"font-size: 14pt;\">Metas: Distribuir en el territorio nacional 5,000,000 ejemplares del peri\u00f3dico Regeneraci\u00f3n enero 2024. El tiraje se har\u00e1 disponible a la poblaci\u00f3n en general, por medio de los Comit\u00e9s Ejecutivos Estatales de todo el pa\u00eds En un periodo de 60 d\u00edas.<\/span><\/p>\n<p><span style=\"font-size: 14pt;\">Se distribuir\u00e1 a los 32 estados de la rep\u00fablica, a militantes simpatizantes y ciudadan\u00eda en general Cobertura del \u00e1mbito nacional o NACIONAL Estimado de asistentes (Hombres): 250000. Rango de Edad: 18-99. Estimado de asistentes (Mujeres): 250000. Rango de Edad: 18-99<\/span><\/p>\n<p><span style=\"font-size: 14pt;\">Los costos mensuales son por DISE\u00d1O 139,200.00 FLETE (DISTRIBUCI\u00d3N) $1,680,000.00 IMPRESI\u00d3N $7,250,000.00 Total: $9,069,200.00.<\/span><\/p>\n<p><span style=\"font-size: 14pt;\">Hay que destacar que entre el peri\u00f3dico y la revista se gastan un total de $118,375,200.00 al a\u00f1o.\u00a0<\/span><\/p>\n<p><span style=\"font-size: 14pt;\">En la descripci\u00f3n del periodico se asegura que se encontr\u00f3 que los medios de informaci\u00f3n tradicionales no mostraban los hechos relevantes sobre la vida democr\u00e1tica del pa\u00eds, es por eso que se busca y fomenta una nueva cultura democr\u00e1tica entre la poblaci\u00f3n. Sera por medio del peri\u00f3dico \u00abRegeneraci\u00f3n\u00bb, un instrumento fundamental que el partido Morena ha generado para poder motivar y difundir informaci\u00f3n, como tambi\u00e9n construyendo un espacio plural e incluyente que busca motivar a la ciudadan\u00eda a informase y a participar en la vida democr\u00e1tica del pa\u00eds. Este proyecto cumple con los requisitos normativos del Gasto Programado y el Programa Anual de Trabajo (PAT), respecto al contenido, estructura, conceptos integrantes y objetivos del mismo.<\/span><\/p>\n<p><span style=\"font-size: 14pt;\">Con esta edici\u00f3n se lograr\u00e1 una cobertura de 3% de la poblaci\u00f3n adulta nacional, adicional a la militancia. En virtud de que no se puede seleccionar todos los estados, se se\u00f1ala que se trata de cobertura nacional (32 estados) y se beneficiar\u00e1 a 5,000,000 es decir, 2,500,000 mujeres y 2,500,000 hombres aproximadamente.\u00a0<\/span><\/p>\n<p><span style=\"font-size: 14pt;\">En el caso de la revista Conciencias se mencionan como los objetivos: Difundir el an\u00e1lisis de nivel acad\u00e9mico y cr\u00edtico, de la situaci\u00f3n pol\u00edtica actual, para los militantes, simpatizantes y poblaci\u00f3n en general por medio una revista semestral, para dar a conocer el posicionamiento del partido. En el segundo semestre del 2024. Metas: Distribuir en el territorio nacional 50,000 ejemplares de la revista CONCIENCIAS Este tiraje estar\u00e1 disponible a trav\u00e9s de los militantes para simpatizantes y ciudadan\u00eda en general por medio de los Comit\u00e9s Ejecutivos Estatales de todo el pa\u00eds. para fomentar el an\u00e1lisis y la discusi\u00f3n entre la poblaci\u00f3n durante el segundo semestre del a\u00f1o 2024.<\/span><\/p>\n<p><span style=\"font-size: 14pt;\">DISE\u00d1O $92,800.00 FLETE (DISTRIBUCI\u00d3N) $280,000.00 IMPRESI\u00d3N $1,218,000.00 Total: $1,590,800.00<\/span><\/p>\n<p><span style=\"font-size: 14pt;\">Descripci\u00f3n Se identifico que hay falta de un instrumento de informaci\u00f3n como tambi\u00e9n de an\u00e1lisis te\u00f3rico-acad\u00e9mico, que busca fomentar y enriquecer una nueva cultura democr\u00e1tica. Se constituye como un medio de comunicaci\u00f3n plural e incluyente ante la diversidad de corrientes de pensamiento pol\u00edtico, social o econ\u00f3mico. Para concretar la reflexi\u00f3n hacia una cultura pol\u00edtica y democr\u00e1tica. Tambi\u00e9n es importante indicar que este proyecto es parte de las obligaciones que tiene el partido de editar por lo menos una publicaci\u00f3n semestral de car\u00e1cter te\u00f3rico de conformidad con el art\u00edculo 25 p\u00e1rrafo 1 inciso h) de la LGPP. Este proyecto cumple con los requisitos normativos del Gasto Programado y el Programa Anual de Trabajo (PAT), respecto al contenido, estructura, conceptos integrantes y objetivos del mismo.<\/span><\/p>\n<p><span style=\"font-size: 14pt;\">Para m\u00e1s informaci\u00f3n consulta nuestra p\u00e1gina <a href=\"https:\/\/www.xn--bitacoraspolticas-ovb.com\/\" data-saferedirecturl=\"https:\/\/www.google.com\/url?q=https:\/\/www.xn--bitacoraspolticas-ovb.com\/&amp;source=gmail&amp;ust=1701473666759000&amp;usg=AOvVaw1fW5UArPu_XK3xjJ7XEY6F\">https:\/\/www.xn--bitacoraspolticas-ovb.com\/<\/a>\u00a0<\/span><\/p>\n<p><img loading=\"lazy\" decoding=\"async\" class=\"alignnone wp-image-20959 size-full\" src=\"http:\/\/noticiasveracruz.com\/wp-content\/uploads\/2023\/11\/FIRMA-EDITORIAL-PD-3.jpg\" alt=\"\" width=\"1024\" height=\"125\" srcset=\"https:\/\/noticiasveracruz.com\/wp-content\/uploads\/2023\/11\/FIRMA-EDITORIAL-PD-3.jpg 1024w, https:\/\/noticiasveracruz.com\/wp-content\/uploads\/2023\/11\/FIRMA-EDITORIAL-PD-3-300x37.jpg 300w, https:\/\/noticiasveracruz.com\/wp-content\/uploads\/2023\/11\/FIRMA-EDITORIAL-PD-3-768x94.jpg 768w\" sizes=\"auto, (max-width: 1024px) 100vw, 1024px\" \/><\/p>\n","protected":false},"excerpt":{"rendered":"<p>Aprueban diputados desaparici\u00f3n de la agencia NOTIMEX Los 5\u00b4000,000 de ejemplares al mes del peri\u00f3dico oficial del partido Entre el<\/p>\n","protected":false},"author":4,"featured_media":3280,"comment_status":"closed","ping_status":"closed","sticky":false,"template":"","format":"standard","meta":{"colormag_page_container_layout":"default_layout","colormag_page_sidebar_layout":"default_layout","_jetpack_memberships_contains_paid_content":false,"footnotes":"","jetpack_publicize_message":"","jetpack_publicize_feature_enabled":true,"jetpack_social_post_already_shared":true,"jetpack_social_options":{"image_generator_settings":{"template":"highway","default_image_id":0,"font":"","enabled":false},"version":2}},"categories":[6],"tags":[],"class_list":["post-21210","post","type-post","status-publish","format-standard","has-post-thumbnail","hentry","category-columnistas"],"jetpack_publicize_connections":[],"jetpack_featured_media_url":"https:\/\/noticiasveracruz.com\/wp-content\/uploads\/2022\/04\/NV-MIGUEL-A\u0301NGEL-CRISTIANI.png","jetpack_sharing_enabled":true,"publishpress_future_action":{"enabled":false,"date":"2026-05-05 22:26:13","action":"change-status","newStatus":"draft","terms":[],"taxonomy":"category","extraData":[]},"publishpress_future_workflow_manual_trigger":{"enabledWorkflows":[]},"_links":{"self":[{"href":"https:\/\/noticiasveracruz.com\/index.php\/wp-json\/wp\/v2\/posts\/21210","targetHints":{"allow":["GET"]}}],"collection":[{"href":"https:\/\/noticiasveracruz.com\/index.php\/wp-json\/wp\/v2\/posts"}],"about":[{"href":"https:\/\/noticiasveracruz.com\/index.php\/wp-json\/wp\/v2\/types\/post"}],"author":[{"embeddable":true,"href":"https:\/\/noticiasveracruz.com\/index.php\/wp-json\/wp\/v2\/users\/4"}],"replies":[{"embeddable":true,"href":"https:\/\/noticiasveracruz.com\/index.php\/wp-json\/wp\/v2\/comments?post=21210"}],"version-history":[{"count":0,"href":"https:\/\/noticiasveracruz.com\/index.php\/wp-json\/wp\/v2\/posts\/21210\/revisions"}],"wp:featuredmedia":[{"embeddable":true,"href":"https:\/\/noticiasveracruz.com\/index.php\/wp-json\/wp\/v2\/media\/3280"}],"wp:attachment":[{"href":"https:\/\/noticiasveracruz.com\/index.php\/wp-json\/wp\/v2\/media?parent=21210"}],"wp:term":[{"taxonomy":"category","embeddable":true,"href":"https:\/\/noticiasveracruz.com\/index.php\/wp-json\/wp\/v2\/categories?post=21210"},{"taxonomy":"post_tag","embeddable":true,"href":"https:\/\/noticiasveracruz.com\/index.php\/wp-json\/wp\/v2\/tags?post=21210"}],"curies":[{"name":"wp","href":"https:\/\/api.w.org\/{rel}","templated":true}]}}