{"id":21207,"date":"2023-11-30T09:19:17","date_gmt":"2023-11-30T15:19:17","guid":{"rendered":"https:\/\/noticiasveracruz.com\/?p=21207"},"modified":"2023-11-30T09:19:17","modified_gmt":"2023-11-30T15:19:17","slug":"google-pagara-74-millones-al-ano-a-medios-por-usar-contenidos","status":"publish","type":"post","link":"https:\/\/noticiasveracruz.com\/index.php\/2023\/11\/30\/google-pagara-74-millones-al-ano-a-medios-por-usar-contenidos\/","title":{"rendered":"Google pagar\u00e1 74 millones al a\u00f1o a medios por usar contenidos"},"content":{"rendered":"<p><span style=\"font-size: 14pt;\">El gobierno canadiense dijo este mi\u00e9rcoles que lleg\u00f3 a un acuerdo con Google seg\u00fan el cual la compa\u00f1\u00eda contribuir\u00e1 con cien millones de d\u00f3lares canadienses (74 millones de d\u00f3lares estadunidenses) al a\u00f1o a la industria de medios noticiosos del pa\u00eds, para cumplir con una nueva ley que obliga a las compa\u00f1\u00edas tecnol\u00f3gicas a compensar a los medios por el uso de su contenido.<\/span><\/p>\n<p><span style=\"font-size: 14pt;\">El acuerdo elimina la amenaza de Google de bloquear la capacidad de buscar por noticias canadienses en Google en Canad\u00e1.<\/span><\/p>\n<p><span style=\"font-size: 14pt;\">Meta, la empresa matriz de Facebook e Instagram, ya ha empezado a bloquear noticias canadienses desde inicios de a\u00f1o.<\/span><\/p>\n<p><span style=\"font-size: 14pt;\">\u201cGoogle ha acordado apoyar adecuadamente a los periodistas, incluido el periodismo local\u201d, dijo el primer ministro canadiense, Justin Trudeau. \u201cDesafortunadamente, Meta contin\u00faa abdicando por completo de cualquier responsabilidad hacia las instituciones democr\u00e1ticas\u201d.<\/span><\/p>\n<p><span style=\"font-size: 14pt;\">Pascale St-Onge, ministra de Patrimonio Canadiense, dijo que Google contribuir\u00e1 cien millones de d\u00f3lares canadienses cada a\u00f1o para mantener una amplia variedad de medios noticiosos en el pa\u00eds.<\/span><\/p>\n<p><span style=\"font-size: 14pt;\">\u201cEs bueno para el sector de noticias. Si hay alg\u00fan acuerdo mejor en alguna otra parte del mundo, Canad\u00e1 se reserva el derecho de reabrir la regulaci\u00f3n\u201d, dijo St-Onge en conferencia de prensa.<\/span><\/p>\n<p><span style=\"font-size: 14pt;\">\u201cEsto demuestra que esta legislaci\u00f3n funciona, que es equitativa. Y ahora le queda a Facebook explicar por qu\u00e9 est\u00e1 dejando su plataforma abierta a la desinformaci\u00f3n y a la desinformaci\u00f3n en vez de apoyar a nuestro sistema noticioso\u201d, agreg\u00f3 la ministra.<\/span><\/p>\n<p><span style=\"font-size: 14pt;\">A fines de junio, Canad\u00e1 aprob\u00f3 una ley que obliga a las compa\u00f1\u00edas tecnol\u00f3gicas a pagarle a los medios por enlazar o usar de cualquier otra manera sus contenidos on line.<\/span><\/p>\n<p><span style=\"font-size: 14pt;\">Meta respondi\u00f3 bloqueando contenidos noticiosos en Canad\u00e1 en sus plataformas. Alphabet, la propietaria de Google, hab\u00eda dicho que har\u00eda lo mismo cuando entrara en vigor la ley conocida como C-18, el pr\u00f3ximo 19 de diciembre.<\/span><\/p>\n","protected":false},"excerpt":{"rendered":"<p>El gobierno canadiense dijo este mi\u00e9rcoles que lleg\u00f3 a un acuerdo con Google seg\u00fan el cual la compa\u00f1\u00eda contribuir\u00e1 con<\/p>\n","protected":false},"author":4,"featured_media":21208,"comment_status":"closed","ping_status":"closed","sticky":false,"template":"","format":"standard","meta":{"colormag_page_container_layout":"default_layout","colormag_page_sidebar_layout":"default_layout","_jetpack_memberships_contains_paid_content":false,"footnotes":"","jetpack_publicize_message":"","jetpack_publicize_feature_enabled":true,"jetpack_social_post_already_shared":true,"jetpack_social_options":{"image_generator_settings":{"template":"highway","default_image_id":0,"font":"","enabled":false},"version":2}},"categories":[1947],"tags":[],"class_list":["post-21207","post","type-post","status-publish","format-standard","has-post-thumbnail","hentry","category-economia"],"jetpack_publicize_connections":[],"jetpack_featured_media_url":"https:\/\/noticiasveracruz.com\/wp-content\/uploads\/2023\/11\/google-inc-e1537467602232.jpg","jetpack_sharing_enabled":true,"publishpress_future_action":{"enabled":false,"date":"2026-05-05 22:14:17","action":"change-status","newStatus":"draft","terms":[],"taxonomy":"category","extraData":[]},"publishpress_future_workflow_manual_trigger":{"enabledWorkflows":[]},"_links":{"self":[{"href":"https:\/\/noticiasveracruz.com\/index.php\/wp-json\/wp\/v2\/posts\/21207","targetHints":{"allow":["GET"]}}],"collection":[{"href":"https:\/\/noticiasveracruz.com\/index.php\/wp-json\/wp\/v2\/posts"}],"about":[{"href":"https:\/\/noticiasveracruz.com\/index.php\/wp-json\/wp\/v2\/types\/post"}],"author":[{"embeddable":true,"href":"https:\/\/noticiasveracruz.com\/index.php\/wp-json\/wp\/v2\/users\/4"}],"replies":[{"embeddable":true,"href":"https:\/\/noticiasveracruz.com\/index.php\/wp-json\/wp\/v2\/comments?post=21207"}],"version-history":[{"count":0,"href":"https:\/\/noticiasveracruz.com\/index.php\/wp-json\/wp\/v2\/posts\/21207\/revisions"}],"wp:featuredmedia":[{"embeddable":true,"href":"https:\/\/noticiasveracruz.com\/index.php\/wp-json\/wp\/v2\/media\/21208"}],"wp:attachment":[{"href":"https:\/\/noticiasveracruz.com\/index.php\/wp-json\/wp\/v2\/media?parent=21207"}],"wp:term":[{"taxonomy":"category","embeddable":true,"href":"https:\/\/noticiasveracruz.com\/index.php\/wp-json\/wp\/v2\/categories?post=21207"},{"taxonomy":"post_tag","embeddable":true,"href":"https:\/\/noticiasveracruz.com\/index.php\/wp-json\/wp\/v2\/tags?post=21207"}],"curies":[{"name":"wp","href":"https:\/\/api.w.org\/{rel}","templated":true}]}}