{"id":21192,"date":"2023-11-30T08:22:57","date_gmt":"2023-11-30T14:22:57","guid":{"rendered":"https:\/\/noticiasveracruz.com\/?p=21192"},"modified":"2023-11-30T08:22:57","modified_gmt":"2023-11-30T14:22:57","slug":"modelo-economico-elitista-amenaza-la-paz-mundial-sre","status":"publish","type":"post","link":"https:\/\/noticiasveracruz.com\/index.php\/2023\/11\/30\/modelo-economico-elitista-amenaza-la-paz-mundial-sre\/","title":{"rendered":"Modelo econ\u00f3mico elitista amenaza la paz mundial: SRE"},"content":{"rendered":"<div class=\"col col1\">\n<p class=\"s-s\"><span style=\"font-size: 14pt;\">El agotamiento del modelo econ\u00f3mico basado en los privilegios de unas minor\u00edas y en la profundizaci\u00f3n de las asimetr\u00edas y desigualdades\u00a0<q>ha llevado a amenazas muy serias a la paz y a la seguridad en el mundo entero<\/q>, se\u00f1al\u00f3 ayer la canciller Alicia B\u00e1rcena.<\/span><\/p>\n<p><span style=\"font-size: 14pt;\">En la inauguraci\u00f3n de la cuarta Conferencia Anual del Centro de Investigaci\u00f3n Internacional, titulada\u00a0<em>Nuevos retos geopol\u00edticos a la seguridad colectiva internacional<\/em>, expuso que existen m\u00e1s de 50 conflictos armados activos, adem\u00e1s de terrorismos y extremismos violentos, lo que conlleva a una crisis humanitaria y migraci\u00f3n forzada.<\/span><\/p>\n<p><span style=\"font-size: 14pt;\"><q>Tenemos m\u00e1s de 200 millones de personas movi\u00e9ndose en un amplio espectro de flujo humano en b\u00fasqueda de refugio y asilo, desplazados<\/q>, subray\u00f3 en el Instituto Mat\u00edas Romero, de acuerdo con informaci\u00f3n de la Secretar\u00eda de Relaciones Exteriores.<\/span><\/p>\n<p><span style=\"font-size: 14pt;\">B\u00e1rcena expuso que el sistema internacional cambia de manera muy r\u00e1pida.\u00a0<q>Estamos ante el agotamiento de un modelo econ\u00f3mico que se bas\u00f3 por muchos a\u00f1os en los privilegios que niegan derechos y profundizan asimetr\u00edas y desigualdades. Este agotamiento del modelo econ\u00f3mico tambi\u00e9n ha llevado a amenazas muy serias a la paz y a la seguridad en el mundo<\/q>.<\/span><\/p>\n<\/div>\n<div class=\"col col2\">\n<p><span style=\"font-size: 14pt;\">Destac\u00f3 el importante papel que juega el multilateralismo en la reorganizaci\u00f3n econ\u00f3mica del planeta al restructurar relaciones de poder econ\u00f3mico y social.\u00a0<q>Uno de los compromisos es c\u00f3mo logramos un mundo m\u00e1s justo, donde se reduzcan las asimetr\u00edas; todo lo que hagamos tiene que mejorar la vida de la gente<\/q>, enfatiz\u00f3.<\/span><\/p>\n<p><span style=\"font-size: 14pt;\">Los pa\u00edses, dijo, empiezan a integrar regiones geoecon\u00f3micas, como lo vemos en Asia-Pac\u00edfico, Europa y el bloque de Norteam\u00e9rica.<\/span><\/p>\n<p><span style=\"font-size: 14pt;\"><q>M\u00e9xico est\u00e1 jugando un papel muy interesante, porque al crear una zona geoecon\u00f3mica muy potente con Estados Unidos y Canad\u00e1, se convierte en centro productivo muy atractivo para Asia y Europa, y, por lo tanto, nos ven como una opci\u00f3n para poder relocalizar empresas e inversiones. Nuestro pa\u00eds empieza a jugar aqu\u00ed un papel relevante, sigue siendo una regi\u00f3n, junto con Estados Unidos y Canad\u00e1, posiblemente la m\u00e1s potente hoy d\u00eda en materia econ\u00f3mica y con un futuro bastante promisorio<\/q>, enfatiz\u00f3.<\/span><\/p>\n<\/div>\n","protected":false},"excerpt":{"rendered":"<p>El agotamiento del modelo econ\u00f3mico basado en los privilegios de unas minor\u00edas y en la profundizaci\u00f3n de las asimetr\u00edas y<\/p>\n","protected":false},"author":4,"featured_media":21193,"comment_status":"closed","ping_status":"closed","sticky":false,"template":"","format":"standard","meta":{"colormag_page_container_layout":"default_layout","colormag_page_sidebar_layout":"default_layout","_jetpack_memberships_contains_paid_content":false,"footnotes":"","jetpack_publicize_message":"","jetpack_publicize_feature_enabled":true,"jetpack_social_post_already_shared":true,"jetpack_social_options":{"image_generator_settings":{"template":"highway","default_image_id":0,"font":"","enabled":false},"version":2}},"categories":[355],"tags":[],"class_list":["post-21192","post","type-post","status-publish","format-standard","has-post-thumbnail","hentry","category-internacional"],"jetpack_publicize_connections":[],"jetpack_featured_media_url":"https:\/\/noticiasveracruz.com\/wp-content\/uploads\/2023\/11\/Alicia-Barcena-3.jpg","jetpack_sharing_enabled":true,"publishpress_future_action":{"enabled":false,"date":"2026-05-05 21:21:47","action":"change-status","newStatus":"draft","terms":[],"taxonomy":"category","extraData":[]},"publishpress_future_workflow_manual_trigger":{"enabledWorkflows":[]},"_links":{"self":[{"href":"https:\/\/noticiasveracruz.com\/index.php\/wp-json\/wp\/v2\/posts\/21192","targetHints":{"allow":["GET"]}}],"collection":[{"href":"https:\/\/noticiasveracruz.com\/index.php\/wp-json\/wp\/v2\/posts"}],"about":[{"href":"https:\/\/noticiasveracruz.com\/index.php\/wp-json\/wp\/v2\/types\/post"}],"author":[{"embeddable":true,"href":"https:\/\/noticiasveracruz.com\/index.php\/wp-json\/wp\/v2\/users\/4"}],"replies":[{"embeddable":true,"href":"https:\/\/noticiasveracruz.com\/index.php\/wp-json\/wp\/v2\/comments?post=21192"}],"version-history":[{"count":0,"href":"https:\/\/noticiasveracruz.com\/index.php\/wp-json\/wp\/v2\/posts\/21192\/revisions"}],"wp:featuredmedia":[{"embeddable":true,"href":"https:\/\/noticiasveracruz.com\/index.php\/wp-json\/wp\/v2\/media\/21193"}],"wp:attachment":[{"href":"https:\/\/noticiasveracruz.com\/index.php\/wp-json\/wp\/v2\/media?parent=21192"}],"wp:term":[{"taxonomy":"category","embeddable":true,"href":"https:\/\/noticiasveracruz.com\/index.php\/wp-json\/wp\/v2\/categories?post=21192"},{"taxonomy":"post_tag","embeddable":true,"href":"https:\/\/noticiasveracruz.com\/index.php\/wp-json\/wp\/v2\/tags?post=21192"}],"curies":[{"name":"wp","href":"https:\/\/api.w.org\/{rel}","templated":true}]}}