{"id":21189,"date":"2023-11-30T08:17:13","date_gmt":"2023-11-30T14:17:13","guid":{"rendered":"https:\/\/noticiasveracruz.com\/?p=21189"},"modified":"2023-11-30T08:17:13","modified_gmt":"2023-11-30T14:17:13","slug":"se-restablecio-el-agua-y-la-luz-en-acapulco-amlo","status":"publish","type":"post","link":"https:\/\/noticiasveracruz.com\/index.php\/2023\/11\/30\/se-restablecio-el-agua-y-la-luz-en-acapulco-amlo\/","title":{"rendered":"Se restableci\u00f3 el agua y la luz en Acapulco: AMLO"},"content":{"rendered":"<p><span style=\"font-size: 14pt;\">El presidente Andr\u00e9s Manuel L\u00f3pez Obrador inform\u00f3 que como parte de la rehabilitaci\u00f3n de Acapulco, el suministro de agua pr\u00e1cticamente ha llegado a los niveles anteriores al paso del hurac\u00e1n <em>Otis<\/em>, pues desde entonces hab\u00eda colonias que ten\u00edan el l\u00edquido por tandeos. Asimismo, coment\u00f3 que se ha logrado ya restablecer la energ\u00eda el\u00e9ctrica y el consumo actual es ya del 68 por ciento de antes de este fen\u00f3meno, toda vez que hay hoteles que a\u00fan no est\u00e1n operando.<\/span><\/p>\n<p><span style=\"font-size: 14pt;\">En su conferencia, inform\u00f3 que ayer dio inicio la entrega de material de limpieza a 32 mil familias, reparto que continuar\u00e1 diariamente hasta el 7 de diciembre para lograr la limpieza de los lugares. Una vez concluida esta etapa, se iniciar\u00e1 la entrega de los apoyos para la construcci\u00f3n y reconstrucci\u00f3n de las viviendas.<\/span><\/p>\n<p><span style=\"font-size: 14pt;\">L\u00f3pez Obrador dijo que no ha faltado alimento ni el agua, hay seguridad, se est\u00e1 regresando a la normalidad, ya hay m\u00e1s abasto de agua. \u00abVamos avanzando. Sigue la b\u00fasqueda de desaparecidos, la Marina tiene un operativo en toda la bah\u00eda, en embarcaciones que se hundieron, la mayor\u00eda se piensa que est\u00e1n en el mar y se sigue un operativo especial con buzos, acompa\u00f1ados de los familiares de los desaparecidos.\u00bb<\/span><\/p>\n<p><span style=\"font-size: 14pt;\">El mandatario dio a conocer lo anterior como parte de un reporte de la reuni\u00f3n evacuatoria que ayer tuvo en el puerto a donde, dijo, volver\u00e1 la pr\u00f3xima semana y despu\u00e9s de lo se dar\u00e1 un informe amplio de los avances en las acciones de gobierno para recuperar a Acapulco.<\/span><\/p>\n","protected":false},"excerpt":{"rendered":"<p>El presidente Andr\u00e9s Manuel L\u00f3pez Obrador inform\u00f3 que como parte de la rehabilitaci\u00f3n de Acapulco, el suministro de agua pr\u00e1cticamente<\/p>\n","protected":false},"author":4,"featured_media":21190,"comment_status":"closed","ping_status":"closed","sticky":false,"template":"","format":"standard","meta":{"colormag_page_container_layout":"default_layout","colormag_page_sidebar_layout":"default_layout","_jetpack_memberships_contains_paid_content":false,"footnotes":"","jetpack_publicize_message":"","jetpack_publicize_feature_enabled":true,"jetpack_social_post_already_shared":true,"jetpack_social_options":{"image_generator_settings":{"template":"highway","default_image_id":0,"font":"","enabled":false},"version":2}},"categories":[145],"tags":[],"class_list":["post-21189","post","type-post","status-publish","format-standard","has-post-thumbnail","hentry","category-estados"],"jetpack_publicize_connections":[],"jetpack_featured_media_url":"https:\/\/noticiasveracruz.com\/wp-content\/uploads\/2023\/11\/20231104094044994-0-2117115.jpg","jetpack_sharing_enabled":true,"publishpress_future_action":{"enabled":false,"date":"2026-05-05 21:05:19","action":"change-status","newStatus":"draft","terms":[],"taxonomy":"category","extraData":[]},"publishpress_future_workflow_manual_trigger":{"enabledWorkflows":[]},"_links":{"self":[{"href":"https:\/\/noticiasveracruz.com\/index.php\/wp-json\/wp\/v2\/posts\/21189","targetHints":{"allow":["GET"]}}],"collection":[{"href":"https:\/\/noticiasveracruz.com\/index.php\/wp-json\/wp\/v2\/posts"}],"about":[{"href":"https:\/\/noticiasveracruz.com\/index.php\/wp-json\/wp\/v2\/types\/post"}],"author":[{"embeddable":true,"href":"https:\/\/noticiasveracruz.com\/index.php\/wp-json\/wp\/v2\/users\/4"}],"replies":[{"embeddable":true,"href":"https:\/\/noticiasveracruz.com\/index.php\/wp-json\/wp\/v2\/comments?post=21189"}],"version-history":[{"count":0,"href":"https:\/\/noticiasveracruz.com\/index.php\/wp-json\/wp\/v2\/posts\/21189\/revisions"}],"wp:featuredmedia":[{"embeddable":true,"href":"https:\/\/noticiasveracruz.com\/index.php\/wp-json\/wp\/v2\/media\/21190"}],"wp:attachment":[{"href":"https:\/\/noticiasveracruz.com\/index.php\/wp-json\/wp\/v2\/media?parent=21189"}],"wp:term":[{"taxonomy":"category","embeddable":true,"href":"https:\/\/noticiasveracruz.com\/index.php\/wp-json\/wp\/v2\/categories?post=21189"},{"taxonomy":"post_tag","embeddable":true,"href":"https:\/\/noticiasveracruz.com\/index.php\/wp-json\/wp\/v2\/tags?post=21189"}],"curies":[{"name":"wp","href":"https:\/\/api.w.org\/{rel}","templated":true}]}}