{"id":21173,"date":"2023-11-30T07:55:33","date_gmt":"2023-11-30T13:55:33","guid":{"rendered":"https:\/\/noticiasveracruz.com\/?p=21173"},"modified":"2023-11-30T07:55:33","modified_gmt":"2023-11-30T13:55:33","slug":"con-unidad-se-evitara-regreso-del-pri-y-el-pan","status":"publish","type":"post","link":"https:\/\/noticiasveracruz.com\/index.php\/2023\/11\/30\/con-unidad-se-evitara-regreso-del-pri-y-el-pan\/","title":{"rendered":"Con unidad, se evitar\u00e1 regreso del PRI y el PAN"},"content":{"rendered":"<p><span style=\"font-size: 14pt;\">Zozocolco de Hgo. Ver.- <\/span><span style=\"font-size: 14pt;\">El pasado a\u00f1ora regresar y por ello es importante informar al pueblo de los avances y logros de esta Cuarta Transformaci\u00f3n para evitar que el PRI y el PAN vuelvan a instaurar el r\u00e9gimen neoliberal que fue erradicado en 2018, asever\u00f3\u00a0 la Coordinadora de los Comit\u00e9s de Defensa de la Cuarta Transformaci\u00f3n en el estado, Roc\u00edo Nahle Garc\u00eda.<\/span><\/p>\n<p><span style=\"font-size: 14pt;\">Desde la sierra del Totonacapan, que tambi\u00e9n es Veracruz, afirm\u00f3, la Cuarta Transformaci\u00f3n tiene una tarea pendiente por continuar a favor de sus habitantes y de las etnias que orgullosamente forman parte de nuestra tierra, nuestra cultura y de d\u00f3nde parten nuestros or\u00edgenes.<\/span><\/p>\n<p><span style=\"font-size: 14pt;\">Por ellos, casa por casa, ciudadano por ciudadano, hay que informar y decirles que fueron el PAN y el PRI quienes votaron en contra de los programas sociales y el beneficio del pueblo.<\/span><\/p>\n<p><span style=\"font-size: 14pt;\">\u201cEs importante, muy importante decirle a la gente quienes votaron en contra. Votaron en contra de los programas sociales el PRI y el PAN, votaron en contra de fortalecer a la Comisi\u00f3n Federal de Electricidad, votaron en contra de las reformas que ha propuesto el presidente L\u00f3pez Obrador incluso para el Poder Judicial porque ellos extra\u00f1an y a\u00f1oran los tiempos pasados pero hoy la realidad en M\u00e9xico y en el mundo es otra\u201d, enfatiz\u00f3.<\/span><\/p>\n<p><span style=\"font-size: 14pt;\">Ellos, los priistas y panistas, dijo, son los grandes representantes del neoliberalismo que a\u00f1oran centralizar nuevamente el poder y el presupuesto p\u00fablico en beneficio de sus familias y negocios pero no del pueblo, contrario a lo que actualmente ocurre en la administraci\u00f3n de Andr\u00e9s Manuel L\u00f3pez Obrador.<\/span><\/p>\n<p><span style=\"font-size: 14pt;\">En este punto de la entidad veracruzana, donde la gente, hombres y mujeres de todas las edades, llegaron para mostrarle su afecto y cari\u00f1o, explic\u00f3 a los presentes en la Asamblea Informativa y Toma de Protesta de los Comit\u00e9s de Defensa de la 4T, que el mensaje debe transmitirse casa por casa y en territorio.<\/span><\/p>\n<p><img loading=\"lazy\" decoding=\"async\" class=\"alignnone size-medium wp-image-21174\" src=\"http:\/\/noticiasveracruz.com\/wp-content\/uploads\/2023\/11\/8a-5-300x200.jpg\" alt=\"\" width=\"300\" height=\"200\" srcset=\"https:\/\/noticiasveracruz.com\/wp-content\/uploads\/2023\/11\/8a-5-300x200.jpg 300w, https:\/\/noticiasveracruz.com\/wp-content\/uploads\/2023\/11\/8a-5-768x512.jpg 768w, https:\/\/noticiasveracruz.com\/wp-content\/uploads\/2023\/11\/8a-5.jpg 1024w\" sizes=\"auto, (max-width: 300px) 100vw, 300px\" \/><\/p>\n<p><span style=\"font-size: 14pt;\">\u201cVamos a estar nosotros, nuestros dirigentes de Morena, el Partido Verde y el Partido del Trabajo, y los diputados que son dirigentes de Morena, en las diferentes comunidades de la sierra, voy a estar entrando y saliendo las veces que sean necesarias porque esta es mi responsabilidad, organizarlos, y puede haber 10 mil personas o puede haber 10 y con las 10 o con las 10 mil vamos a hablar, todas y todos son importantes\u201d, a\u00f1adi\u00f3.<\/span><\/p>\n<p><span style=\"font-size: 14pt;\">Agreg\u00f3 que est\u00e1 transformaci\u00f3n que inici\u00f3 el presidente Andr\u00e9s Manuel L\u00f3pez Obrador es transexenal, es decir, lleg\u00f3 para quedarse.<\/span><\/p>\n<p><span style=\"font-size: 14pt;\">\u201cY esta asamblea con simpatizantes y con militantes es para decirles: hay que organizarnos, (\u2026), no est\u00e1 en juego el proyecto personal de alguien, est\u00e1 en juego el futuro de todos los mexicanos, de nuestros ni\u00f1os, de nuestro hijos, nosotros tenemos un deber civil y patri\u00f3tico para seguir transformado M\u00e9xico por eso es que estoy aqu\u00ed\u201d, apunt\u00f3.<\/span><\/p>\n<p><span style=\"font-size: 14pt;\">Quien garantiza esta continuidad, puntualiz\u00f3, es la precandidata presidencial de la coalici\u00f3n #SigamosHaciendoHistoria, Claudia Sheinbaum Pardo.<\/span><\/p>\n<p><span style=\"font-size: 14pt;\">\u201cTodas las mujeres que estamos en cargos de representaci\u00f3n tenemos resultados comprobados, eso es nuestro movimiento y por eso la compa\u00f1era Claudia Sheinbaum va a continuar con la transformaci\u00f3n pero necesitamos todo, todo: las c\u00e1maras, los gobiernos, los congresos, todo, porque la Cuarta Transformaci\u00f3n debe continuar\u201d, subray\u00f3.<\/span><\/p>\n<p><span style=\"font-size: 14pt;\">Hoy, detall\u00f3, los programas sociales llegan directo a los beneficiarios quienes determinan en qu\u00e9 aplicar ese recurso proveniente de sus impuestos, producto del esfuerzo y trabajo de d\u00e9cadas, asimismo, no se debe dejar de mencionar el paquetes de grandes obras que ser\u00e1n el sello de la gesti\u00f3n de L\u00f3pez Obrador.<\/span><\/p>\n<p><span style=\"font-size: 14pt;\">Acompa\u00f1aron a la Coordinadora de los Comit\u00e9s de Defensa de la Cuarta Transformaci\u00f3n en el estado, Roc\u00edo Nahle Garc\u00eda, los diputados locales Juan Javier G\u00f3mez Cazar\u00edn, Juan Enrique Santos Mendoza y Perla Romero Rodr\u00edguez; dirigente de Morena en el estado, Esteban Ram\u00edrez Zepeta as\u00ed como el delegado nacional del Partido Verde en la entidad, Marcelo Ruiz S\u00e1nchez.<\/span><\/p>\n","protected":false},"excerpt":{"rendered":"<p>Zozocolco de Hgo. Ver.- El pasado a\u00f1ora regresar y por ello es importante informar al pueblo de los avances y<\/p>\n","protected":false},"author":4,"featured_media":21175,"comment_status":"closed","ping_status":"closed","sticky":false,"template":"","format":"standard","meta":{"colormag_page_container_layout":"default_layout","colormag_page_sidebar_layout":"default_layout","_jetpack_memberships_contains_paid_content":false,"footnotes":"","jetpack_publicize_message":"","jetpack_publicize_feature_enabled":true,"jetpack_social_post_already_shared":true,"jetpack_social_options":{"image_generator_settings":{"template":"highway","default_image_id":0,"font":"","enabled":false},"version":2}},"categories":[356],"tags":[],"class_list":["post-21173","post","type-post","status-publish","format-standard","has-post-thumbnail","hentry","category-veracruz"],"jetpack_publicize_connections":[],"jetpack_featured_media_url":"https:\/\/noticiasveracruz.com\/wp-content\/uploads\/2023\/11\/8a2.jpg","jetpack_sharing_enabled":true,"publishpress_future_action":{"enabled":false,"date":"2026-05-05 19:42:17","action":"change-status","newStatus":"draft","terms":[],"taxonomy":"category","extraData":[]},"publishpress_future_workflow_manual_trigger":{"enabledWorkflows":[]},"_links":{"self":[{"href":"https:\/\/noticiasveracruz.com\/index.php\/wp-json\/wp\/v2\/posts\/21173","targetHints":{"allow":["GET"]}}],"collection":[{"href":"https:\/\/noticiasveracruz.com\/index.php\/wp-json\/wp\/v2\/posts"}],"about":[{"href":"https:\/\/noticiasveracruz.com\/index.php\/wp-json\/wp\/v2\/types\/post"}],"author":[{"embeddable":true,"href":"https:\/\/noticiasveracruz.com\/index.php\/wp-json\/wp\/v2\/users\/4"}],"replies":[{"embeddable":true,"href":"https:\/\/noticiasveracruz.com\/index.php\/wp-json\/wp\/v2\/comments?post=21173"}],"version-history":[{"count":0,"href":"https:\/\/noticiasveracruz.com\/index.php\/wp-json\/wp\/v2\/posts\/21173\/revisions"}],"wp:featuredmedia":[{"embeddable":true,"href":"https:\/\/noticiasveracruz.com\/index.php\/wp-json\/wp\/v2\/media\/21175"}],"wp:attachment":[{"href":"https:\/\/noticiasveracruz.com\/index.php\/wp-json\/wp\/v2\/media?parent=21173"}],"wp:term":[{"taxonomy":"category","embeddable":true,"href":"https:\/\/noticiasveracruz.com\/index.php\/wp-json\/wp\/v2\/categories?post=21173"},{"taxonomy":"post_tag","embeddable":true,"href":"https:\/\/noticiasveracruz.com\/index.php\/wp-json\/wp\/v2\/tags?post=21173"}],"curies":[{"name":"wp","href":"https:\/\/api.w.org\/{rel}","templated":true}]}}