{"id":21168,"date":"2023-11-30T00:09:27","date_gmt":"2023-11-30T06:09:27","guid":{"rendered":"https:\/\/noticiasveracruz.com\/?p=21168"},"modified":"2023-11-30T00:09:27","modified_gmt":"2023-11-30T06:09:27","slug":"del-tiempo-y-la-salud","status":"publish","type":"post","link":"https:\/\/noticiasveracruz.com\/index.php\/2023\/11\/30\/del-tiempo-y-la-salud\/","title":{"rendered":"Del tiempo y la salud"},"content":{"rendered":"<p><span style=\"font-size: 14pt;\"><strong>Por Norma Meraz<\/strong><\/span><\/p>\n<p><span style=\"font-size: 14pt;\">Todo lo que no s\u00e9 debe, se puede\u2026\u00a1Como de que no!<\/span><\/p>\n<p><span style=\"font-size: 14pt;\">Y eso es justo lo que hace el Presidente Andr\u00e9s Manuel L\u00f3pez Obrador.<\/span><\/p>\n<p><span style=\"font-size: 14pt;\">Si algo no se deber\u00eda de hacer, es: cerrar Palacio Nacional al p\u00fablico .<\/span><\/p>\n<p><span style=\"font-size: 14pt;\">Es un edificio construido en 40 mil metros cuadrados, depositario de gran historia, de m\u00faltiples estilos y modas de muebles, pinturas y obras de arte.<\/span><\/p>\n<p><span style=\"font-size: 14pt;\">Este magn\u00edfico edificio alberga el Museo dedicado a Benito Ju\u00e1rez, fue la Antigua C\u00e1mara de Diputados, la Galer\u00eda Nacional, la Antigua Casa de Moneda, el Fondo Hist\u00f3rico de Hacienda y la biblioteca llamada: Archivo de Francisco I. Madero.<\/span><\/p>\n<p><span style=\"font-size: 14pt;\">Destacan los murales del pintor Diego Rivera, y una pieza de gran importancia\u00a0 hist\u00f3rica: La\u00a0 Campana de Dolores.<\/span><\/p>\n<p><span style=\"font-size: 14pt;\">Vale la pena recordar que la construcci\u00f3n de este Palacio, se inici\u00f3 en 1522, fue la segunda\u00a0 residencia de Hern\u00e1n Cortes.<\/span><\/p>\n<p><span style=\"font-size: 14pt;\">Se construy\u00f3 sobre un antiguo palacio azteca, el del Tlatoani Moctezuma Xocoyotzin. Desgraciadamente sufri\u00f3 un incendio en 1692 y es hasta la \u00e9poca de Independencia que fue reconstruido; tiene una fachada principal que, combina los estilos barroco y neocolonial.<\/span><\/p>\n<p><span style=\"font-size: 14pt;\">El Palacio Nacional, es desde 1987, declarado por la UNESCO; Patrimonio de la Humanidad.<\/span><\/p>\n<p><span style=\"font-size: 14pt;\">Pero sobre todo es, \u00a1patrimonio de los mexicanos!<\/span><\/p>\n<p><span style=\"font-size: 14pt;\">\u00a1Qu\u00e9 orgullo y qu\u00e9 pena!<\/span><\/p>\n<p><span style=\"font-size: 14pt;\">Que orgullo porque es una joya arquitect\u00f3nica, hist\u00f3rica y cultural invaluable; pero, qu\u00e9 pena, nosotros los due\u00f1os no tenemos acceso, pues el actual Presidente de la Rep\u00fablica, provinciano y austero, lo tomo como su \u201cmodesta residencia\u201d.<\/span><\/p>\n<p><img loading=\"lazy\" decoding=\"async\" class=\"alignnone size-medium wp-image-21169\" src=\"http:\/\/noticiasveracruz.com\/wp-content\/uploads\/2023\/11\/74EV7GDWRJCQDPFTI7XQW62VUQ-300x169.jpg\" alt=\"\" width=\"300\" height=\"169\" srcset=\"https:\/\/noticiasveracruz.com\/wp-content\/uploads\/2023\/11\/74EV7GDWRJCQDPFTI7XQW62VUQ-300x169.jpg 300w, https:\/\/noticiasveracruz.com\/wp-content\/uploads\/2023\/11\/74EV7GDWRJCQDPFTI7XQW62VUQ-1024x576.jpg 1024w, https:\/\/noticiasveracruz.com\/wp-content\/uploads\/2023\/11\/74EV7GDWRJCQDPFTI7XQW62VUQ-768x432.jpg 768w, https:\/\/noticiasveracruz.com\/wp-content\/uploads\/2023\/11\/74EV7GDWRJCQDPFTI7XQW62VUQ.jpg 1440w\" sizes=\"auto, (max-width: 300px) 100vw, 300px\" \/><\/p>\n<p><span style=\"font-size: 14pt;\">Nos ha privado de esto que es nuestro, como nos ha privado de otras tantas cosas como: la seguridad con la que camin\u00e1bamos por la calle, el acceso a un sistema de salud y a todas las vacunas b\u00e1sicas, medicamentos para enfermedades catastr\u00f3ficas, de un sistema educativo de calidad, \u00a0de fuentes de trabajo en la burocracia, a que crezca la investigaci\u00f3n cient\u00edfica, de dar cr\u00e9ditos al campo y nos quiere quitar hasta las aspiraciones a tener una vida mejor; a que el Poder Judicial sea un verdadero contrapeso pol\u00edtico y el defensor de los derechos constitucionales de todos los mexicanos .<\/span><\/p>\n<p><span style=\"font-size: 14pt;\">El poder y solo el poder, est\u00e1 en la agenda del Presidente.<\/span><\/p>\n<p><span style=\"font-size: 14pt;\">La simulaci\u00f3n es su fuerte.<\/span><\/p>\n<p><span style=\"font-size: 14pt;\">Para muestra, la reuni\u00f3n que tuvo con Claudia Sheimbaun en su Palacio.<\/span><\/p>\n<p><img loading=\"lazy\" decoding=\"async\" class=\"alignnone size-medium wp-image-21171\" src=\"http:\/\/noticiasveracruz.com\/wp-content\/uploads\/2023\/11\/SHEINBAUM-INFORME-DESPEDIDA-300x169.jpeg\" alt=\"\" width=\"300\" height=\"169\" srcset=\"https:\/\/noticiasveracruz.com\/wp-content\/uploads\/2023\/11\/SHEINBAUM-INFORME-DESPEDIDA-300x169.jpeg 300w, https:\/\/noticiasveracruz.com\/wp-content\/uploads\/2023\/11\/SHEINBAUM-INFORME-DESPEDIDA-1024x576.jpeg 1024w, https:\/\/noticiasveracruz.com\/wp-content\/uploads\/2023\/11\/SHEINBAUM-INFORME-DESPEDIDA-768x432.jpeg 768w, https:\/\/noticiasveracruz.com\/wp-content\/uploads\/2023\/11\/SHEINBAUM-INFORME-DESPEDIDA.jpeg 1200w\" sizes=\"auto, (max-width: 300px) 100vw, 300px\" \/><\/p>\n<p><span style=\"font-size: 14pt;\">Claudia, que entr\u00f3 por la puerta de atr\u00e1s del edificio, estuvo largo rato platicando en privado con el Presidente, y este, c\u00ednicamente\u00a0 afirm\u00f3 que solo hablaron \u201cdel tiempo y la salud\u201d, de sus achaques y de la familia, cuando claramente la mando llamar para seguir dict\u00e1ndole la agenda electoral .<\/span><\/p>\n<p><span style=\"font-size: 14pt;\">Eso, precisamente eso, que se puede, \u00a1es lo que no se debe hacer!<\/span><\/p>\n<p><span style=\"font-size: 14pt;\">\u00bfPorque no llama a X\u00f3chitl G\u00e1lvez para platicar de c\u00f3mo est\u00e1n en su casa?<\/span><\/p>\n<p><img loading=\"lazy\" decoding=\"async\" class=\"alignnone size-medium wp-image-21170\" src=\"http:\/\/noticiasveracruz.com\/wp-content\/uploads\/2023\/11\/Quien-Xochitl-Galvez-la-senadora-y-ganadora-de-la-encuesta-del-Frente-Amplio-300x200.jpeg\" alt=\"\" width=\"300\" height=\"200\" srcset=\"https:\/\/noticiasveracruz.com\/wp-content\/uploads\/2023\/11\/Quien-Xochitl-Galvez-la-senadora-y-ganadora-de-la-encuesta-del-Frente-Amplio-300x200.jpeg 300w, https:\/\/noticiasveracruz.com\/wp-content\/uploads\/2023\/11\/Quien-Xochitl-Galvez-la-senadora-y-ganadora-de-la-encuesta-del-Frente-Amplio-1024x682.jpeg 1024w, https:\/\/noticiasveracruz.com\/wp-content\/uploads\/2023\/11\/Quien-Xochitl-Galvez-la-senadora-y-ganadora-de-la-encuesta-del-Frente-Amplio-768x512.jpeg 768w, https:\/\/noticiasveracruz.com\/wp-content\/uploads\/2023\/11\/Quien-Xochitl-Galvez-la-senadora-y-ganadora-de-la-encuesta-del-Frente-Amplio-1536x1023.jpeg 1536w, https:\/\/noticiasveracruz.com\/wp-content\/uploads\/2023\/11\/Quien-Xochitl-Galvez-la-senadora-y-ganadora-de-la-encuesta-del-Frente-Amplio.jpeg 1600w\" sizes=\"auto, (max-width: 300px) 100vw, 300px\" \/><\/p>\n<p><span style=\"font-size: 14pt;\">Desplante tras desplante y todo para abonar a la carrera por la sucesi\u00f3n presidencial de su candidata que ojal\u00e1 -esta-, mostrara verdadero inter\u00e9s por el bienestar de los ciudadanos, porque vestirse con la imagen de la Virgen de Guadalupe y blusas bordadas por ind\u00edgenas, no la hacen m\u00e1s mexicana ni m\u00e1s emp\u00e1tica; jam\u00e1s\u00a0 esboza una sonrisa y sus discursos son solo el eco de las peroratas de su progenitor pol\u00edtico, L\u00f3pez Obrador.<\/span><\/p>\n<p><span style=\"font-size: 14pt;\">Han transcurrido cinco a\u00f1os desde que jur\u00f3 gobernar para todos los mexicanos y gobernar es lo que menos hemos visto. Se ha seguido de largo haciendo campa\u00f1a pol\u00edtica, llevando agua a su molino y ni un apapacho para los miserables\u00a0 guerrerenses azotados por el hurac\u00e1n.<\/span><\/p>\n<p><span style=\"font-size: 14pt;\">No sea que se les acerca, le vayan a ensuciar la guayabera.<\/span><\/p>\n<p><span style=\"font-size: 14pt;\">Cualquier Presidente anterior, se hubiera presentado en Acapulco luego de la tragedia, en menos de 10 horas para ver los da\u00f1os y a la gente, pero L\u00f3pez Obrador, a 30 d\u00edas del desastre, vi\u00f3 desde un barco la bah\u00eda; \u201ccomo los toros desde la barrera\u201d.<\/span><\/p>\n<p><span style=\"font-size: 14pt;\">Hoy reina en \u00e9l, la soberbia, la prepotencia, el disimulo y la mentira, \u00a1am\u00e9n del miedo a que le griten reclamos!<\/span><\/p>\n<p><span style=\"font-size: 14pt;\">Por lo pronto, L\u00f3pez Obrador estar\u00e1 pasando un corajin porque le rechaz\u00f3 el Senado su terna para elegir a la nueva Ministra de la Suprema Corte .<\/span><\/p>\n<p><span style=\"font-size: 14pt;\">Ahora enviar\u00e1 una nueva terna que, de volv\u00e9rsela a rechazar, el Presidente, con el poder de su cargo, \u00a1nombra a quien quiera!<\/span><\/p>\n<p><span style=\"font-size: 14pt;\">\u00a1Digamos la Verdad!<\/span><\/p>\n<p><img loading=\"lazy\" decoding=\"async\" class=\"alignnone wp-image-20959 size-full\" src=\"http:\/\/noticiasveracruz.com\/wp-content\/uploads\/2023\/11\/FIRMA-EDITORIAL-PD-3.jpg\" alt=\"\" width=\"1024\" height=\"125\" srcset=\"https:\/\/noticiasveracruz.com\/wp-content\/uploads\/2023\/11\/FIRMA-EDITORIAL-PD-3.jpg 1024w, https:\/\/noticiasveracruz.com\/wp-content\/uploads\/2023\/11\/FIRMA-EDITORIAL-PD-3-300x37.jpg 300w, https:\/\/noticiasveracruz.com\/wp-content\/uploads\/2023\/11\/FIRMA-EDITORIAL-PD-3-768x94.jpg 768w\" sizes=\"auto, (max-width: 1024px) 100vw, 1024px\" \/><\/p>\n","protected":false},"excerpt":{"rendered":"<p>Por Norma Meraz Todo lo que no s\u00e9 debe, se puede\u2026\u00a1Como de que no! Y eso es justo lo que<\/p>\n","protected":false},"author":4,"featured_media":10124,"comment_status":"closed","ping_status":"closed","sticky":false,"template":"","format":"standard","meta":{"colormag_page_container_layout":"default_layout","colormag_page_sidebar_layout":"default_layout","_jetpack_memberships_contains_paid_content":false,"footnotes":"","jetpack_publicize_message":"","jetpack_publicize_feature_enabled":true,"jetpack_social_post_already_shared":true,"jetpack_social_options":{"image_generator_settings":{"template":"highway","default_image_id":0,"font":"","enabled":false},"version":2}},"categories":[6],"tags":[],"class_list":["post-21168","post","type-post","status-publish","format-standard","has-post-thumbnail","hentry","category-columnistas"],"jetpack_publicize_connections":[],"jetpack_featured_media_url":"https:\/\/noticiasveracruz.com\/wp-content\/uploads\/2022\/11\/P-NORMA-MERAZ-NV.png","jetpack_sharing_enabled":true,"publishpress_future_action":{"enabled":false,"date":"2026-05-05 19:26:40","action":"change-status","newStatus":"draft","terms":[],"taxonomy":"category","extraData":[]},"publishpress_future_workflow_manual_trigger":{"enabledWorkflows":[]},"_links":{"self":[{"href":"https:\/\/noticiasveracruz.com\/index.php\/wp-json\/wp\/v2\/posts\/21168","targetHints":{"allow":["GET"]}}],"collection":[{"href":"https:\/\/noticiasveracruz.com\/index.php\/wp-json\/wp\/v2\/posts"}],"about":[{"href":"https:\/\/noticiasveracruz.com\/index.php\/wp-json\/wp\/v2\/types\/post"}],"author":[{"embeddable":true,"href":"https:\/\/noticiasveracruz.com\/index.php\/wp-json\/wp\/v2\/users\/4"}],"replies":[{"embeddable":true,"href":"https:\/\/noticiasveracruz.com\/index.php\/wp-json\/wp\/v2\/comments?post=21168"}],"version-history":[{"count":0,"href":"https:\/\/noticiasveracruz.com\/index.php\/wp-json\/wp\/v2\/posts\/21168\/revisions"}],"wp:featuredmedia":[{"embeddable":true,"href":"https:\/\/noticiasveracruz.com\/index.php\/wp-json\/wp\/v2\/media\/10124"}],"wp:attachment":[{"href":"https:\/\/noticiasveracruz.com\/index.php\/wp-json\/wp\/v2\/media?parent=21168"}],"wp:term":[{"taxonomy":"category","embeddable":true,"href":"https:\/\/noticiasveracruz.com\/index.php\/wp-json\/wp\/v2\/categories?post=21168"},{"taxonomy":"post_tag","embeddable":true,"href":"https:\/\/noticiasveracruz.com\/index.php\/wp-json\/wp\/v2\/tags?post=21168"}],"curies":[{"name":"wp","href":"https:\/\/api.w.org\/{rel}","templated":true}]}}