{"id":21154,"date":"2023-11-29T19:05:31","date_gmt":"2023-11-30T01:05:31","guid":{"rendered":"https:\/\/noticiasveracruz.com\/?p=21154"},"modified":"2023-11-29T19:08:35","modified_gmt":"2023-11-30T01:08:35","slug":"escuelas-de-mas-de-un-siglo-de-fundadas-son-beneficiadas-en-tuxpan-con-el-programa-escuela-garantizada-escritura-garante","status":"publish","type":"post","link":"https:\/\/noticiasveracruz.com\/index.php\/2023\/11\/29\/escuelas-de-mas-de-un-siglo-de-fundadas-son-beneficiadas-en-tuxpan-con-el-programa-escuela-garantizada-escritura-garante\/","title":{"rendered":"Escuelas de m\u00e1s de un siglo de fundadas, son beneficiadas en Tuxpan con el programa \u201cEscuela Garantizada, Escritura Garante\u201d"},"content":{"rendered":"<audio class=\"wp-audio-shortcode\" id=\"audio-21154-1\" preload=\"none\" style=\"width: 100%;\" controls=\"controls\"><source type=\"audio\/mpeg\" src=\"http:\/\/noticiasveracruz.com\/wp-content\/uploads\/2023\/11\/WhatsApp-Audio-2023-11-29-at-17.04.05.mp3?_=1\" \/><a href=\"http:\/\/noticiasveracruz.com\/wp-content\/uploads\/2023\/11\/WhatsApp-Audio-2023-11-29-at-17.04.05.mp3\">http:\/\/noticiasveracruz.com\/wp-content\/uploads\/2023\/11\/WhatsApp-Audio-2023-11-29-at-17.04.05.mp3<\/a><\/audio>\n<p><span style=\"font-size: 14pt;\">Tuxpan, Ver., 29 noviembre 2023.- Como parte del programa \u201cEscuela Garantizada, Escritura Garante\u201d, el Lic. Jos\u00e9 Manuel Pozos Castro y la s\u00edndica Mtra. Beatriz Pi\u00f1a Vergara, llevaron a cabo la firma de escrituras de 11 planteles educativos del municipio.<\/span><\/p>\n<p><img loading=\"lazy\" decoding=\"async\" class=\"alignnone size-medium wp-image-21160\" src=\"http:\/\/noticiasveracruz.com\/wp-content\/uploads\/2023\/11\/WhatsApp-Image-2023-11-29-at-17.04.43-300x199.jpeg\" alt=\"\" width=\"300\" height=\"199\" srcset=\"https:\/\/noticiasveracruz.com\/wp-content\/uploads\/2023\/11\/WhatsApp-Image-2023-11-29-at-17.04.43-300x199.jpeg 300w, https:\/\/noticiasveracruz.com\/wp-content\/uploads\/2023\/11\/WhatsApp-Image-2023-11-29-at-17.04.43-1024x681.jpeg 1024w, https:\/\/noticiasveracruz.com\/wp-content\/uploads\/2023\/11\/WhatsApp-Image-2023-11-29-at-17.04.43-768x511.jpeg 768w, https:\/\/noticiasveracruz.com\/wp-content\/uploads\/2023\/11\/WhatsApp-Image-2023-11-29-at-17.04.43.jpeg 1280w\" sizes=\"auto, (max-width: 300px) 100vw, 300px\" \/><\/p>\n<p><span style=\"font-size: 14pt;\">La firma se realiz\u00f3 ante el notario p\u00fablico N\u00fam. 1, Luis L\u00f3pez Constantino, y tambi\u00e9n cont\u00f3 con la presencia del regidor comisionado en Educaci\u00f3n, Prof. Luis Demetrio L\u00f3pez Mar\u00edn.<\/span><\/p>\n<p><span style=\"font-size: 14pt;\">Tambi\u00e9n asistieron las regidoras y los regidores Maryanela Monroy Flores, Juan G\u00f3mez Garc\u00eda, Lucero Res\u00e9ndis Ambrocio y Axel Bernal Herrera.<\/span><\/p>\n<p><img loading=\"lazy\" decoding=\"async\" class=\"alignnone size-medium wp-image-21158\" src=\"http:\/\/noticiasveracruz.com\/wp-content\/uploads\/2023\/11\/WhatsApp-Image-2023-11-29-at-17.04.432-300x199.jpeg\" alt=\"\" width=\"300\" height=\"199\" srcset=\"https:\/\/noticiasveracruz.com\/wp-content\/uploads\/2023\/11\/WhatsApp-Image-2023-11-29-at-17.04.432-300x199.jpeg 300w, https:\/\/noticiasveracruz.com\/wp-content\/uploads\/2023\/11\/WhatsApp-Image-2023-11-29-at-17.04.432-1024x681.jpeg 1024w, https:\/\/noticiasveracruz.com\/wp-content\/uploads\/2023\/11\/WhatsApp-Image-2023-11-29-at-17.04.432-768x511.jpeg 768w, https:\/\/noticiasveracruz.com\/wp-content\/uploads\/2023\/11\/WhatsApp-Image-2023-11-29-at-17.04.432.jpeg 1280w\" sizes=\"auto, (max-width: 300px) 100vw, 300px\" \/><\/p>\n<p><span style=\"font-size: 14pt;\">El alcalde se dijo contento de signar estos t\u00edtulos de propiedad: \u201cLa firma de estas escrituras tiene un significado realmente especial, porque en este paquete se encuentra el plantel m\u00e1s antiguo de Tuxpan, que en abril cumpli\u00f3 113 A\u00f1os, me refiero a la primaria Antonia Nava\u201d.<\/span><\/p>\n<p><span style=\"font-size: 14pt;\">\u201cTambi\u00e9n, contar\u00e1n con escrituras otros planteles como la primaria Enrique C. R\u00e9bsamen y el Jard\u00edn de Ni\u00f1os Francisca Cano\u201d, refiri\u00f3.<\/span><\/p>\n<p><img loading=\"lazy\" decoding=\"async\" class=\"alignnone size-medium wp-image-21159\" src=\"http:\/\/noticiasveracruz.com\/wp-content\/uploads\/2023\/11\/WhatsApp-Image-2023-11-29-at-17.04.433-300x199.jpeg\" alt=\"\" width=\"300\" height=\"199\" srcset=\"https:\/\/noticiasveracruz.com\/wp-content\/uploads\/2023\/11\/WhatsApp-Image-2023-11-29-at-17.04.433-300x199.jpeg 300w, https:\/\/noticiasveracruz.com\/wp-content\/uploads\/2023\/11\/WhatsApp-Image-2023-11-29-at-17.04.433-1024x681.jpeg 1024w, https:\/\/noticiasveracruz.com\/wp-content\/uploads\/2023\/11\/WhatsApp-Image-2023-11-29-at-17.04.433-768x511.jpeg 768w, https:\/\/noticiasveracruz.com\/wp-content\/uploads\/2023\/11\/WhatsApp-Image-2023-11-29-at-17.04.433.jpeg 1280w\" sizes=\"auto, (max-width: 300px) 100vw, 300px\" \/><\/p>\n<p><span style=\"font-size: 14pt;\">Pozos Castro destac\u00f3 que Tuxpan es de los municipios que m\u00e1s ha beneficiado a escuelas con la entrega de escrituras, motivo por el cual agradeci\u00f3 el apoyo del gobierno estatal:<\/span><\/p>\n<p><span style=\"font-size: 14pt;\">\u201cHoy reafirmo el compromiso, vamos a seguir trabajando de manera coordinada con los tres niveles de gobierno. Hoy contamos con el respaldo de quien dirige los destinos de nuestro estado, el gobernador Cuitl\u00e1huac Garc\u00eda Jim\u00e9nez, porque Veracruz es uno de los estados que m\u00e1s ha luchado por regularizar a todas las escuelas de la entidad\u201d.<\/span><\/p>\n<p><img loading=\"lazy\" decoding=\"async\" class=\"alignnone size-medium wp-image-21156\" src=\"http:\/\/noticiasveracruz.com\/wp-content\/uploads\/2023\/11\/WhatsApp-Image-2023-11-29-at-17.04.42-300x199.jpeg\" alt=\"\" width=\"300\" height=\"199\" srcset=\"https:\/\/noticiasveracruz.com\/wp-content\/uploads\/2023\/11\/WhatsApp-Image-2023-11-29-at-17.04.42-300x199.jpeg 300w, https:\/\/noticiasveracruz.com\/wp-content\/uploads\/2023\/11\/WhatsApp-Image-2023-11-29-at-17.04.42-1024x681.jpeg 1024w, https:\/\/noticiasveracruz.com\/wp-content\/uploads\/2023\/11\/WhatsApp-Image-2023-11-29-at-17.04.42-768x511.jpeg 768w, https:\/\/noticiasveracruz.com\/wp-content\/uploads\/2023\/11\/WhatsApp-Image-2023-11-29-at-17.04.42.jpeg 1280w\" sizes=\"auto, (max-width: 300px) 100vw, 300px\" \/><\/p>\n<p><span style=\"font-size: 14pt;\">As\u00ed mismo, reconoci\u00f3 a directivos de los planteles y padres de familia, asegurando que cuando se trabaja en equipo se consiguen buenos resultados.<\/span><\/p>\n<p><span style=\"font-size: 14pt;\">\u201cCon certeza jur\u00eddica sus escuelas est\u00e1n listas para continuar mejorando la calidad del servicio educativo, y responder con resultados a los retos de la Nueva Escuela Mexicana. Vamos a redoblar esfuerzos y a seguir trabajando para que nuestros ni\u00f1os tengan educaci\u00f3n y espacios dignos, porque la educaci\u00f3n es prioridad en nuestro gobierno\u201d.<\/span><\/p>\n<p><span style=\"font-size: 14pt;\">Al inicio del evento, el alumno de 6\u00ba grado de la primaria \u201cJos\u00e9 Fern\u00e1ndez G\u00f3mez\u201d, Luis Ricardo Gamboa, en representaci\u00f3n de todos los estudiantes, maestros y padres de familia agradeci\u00f3 al gobierno de Tuxpan por la entrega de las escrituras luego de muchos a\u00f1os de espera:<\/span><\/p>\n<p><span style=\"font-size: 14pt;\">\u201cRecibir las escrituras de nuestras queridas escuelas ha sido un regalo que nos llena de alegr\u00eda. Es tan emocionante saber que ahora tenemos documentos que respaldan la historia de nuestras escuelas\u2026 Ahora podemos construir un futuro s\u00f3lido y lleno de aprendizaje\u201d.<\/span><\/p>\n<p><span style=\"font-size: 14pt;\">La Profa. Ana Guadalupe Castellanos del \u00c1ngel, directora de la primaria \u201cAntonia Nava\u201d, agradeci\u00f3 a las autoridades municipales:<\/span><\/p>\n<p><span style=\"font-size: 14pt;\">\u201cEste gesto no solo fortalece los cimientos de la educaci\u00f3n, sino que permite que cada una de las instituciones beneficiadas podamos integrarnos a los diferentes programas gubernamentales y solicitar apoyos que antes no pod\u00edamos al no contar con certeza jur\u00eddica sobre los predios: Su compromiso con el futuro de nuestros ni\u00f1os, verdaderamente es inspirador\u201d.<\/span><\/p>\n<p><img loading=\"lazy\" decoding=\"async\" class=\"alignnone size-medium wp-image-21161\" src=\"http:\/\/noticiasveracruz.com\/wp-content\/uploads\/2023\/11\/WhatsApp-Image-2023-11-29-at-17.04.44-300x199.jpeg\" alt=\"\" width=\"300\" height=\"199\" srcset=\"https:\/\/noticiasveracruz.com\/wp-content\/uploads\/2023\/11\/WhatsApp-Image-2023-11-29-at-17.04.44-300x199.jpeg 300w, https:\/\/noticiasveracruz.com\/wp-content\/uploads\/2023\/11\/WhatsApp-Image-2023-11-29-at-17.04.44-1024x681.jpeg 1024w, https:\/\/noticiasveracruz.com\/wp-content\/uploads\/2023\/11\/WhatsApp-Image-2023-11-29-at-17.04.44-768x511.jpeg 768w, https:\/\/noticiasveracruz.com\/wp-content\/uploads\/2023\/11\/WhatsApp-Image-2023-11-29-at-17.04.44.jpeg 1280w\" sizes=\"auto, (max-width: 300px) 100vw, 300px\" \/><\/p>\n<p><span style=\"font-size: 14pt;\">De la misma manera, la Psic. Mar\u00eda Cristina del \u00c1ngel D\u00edaz, directora del \u201cCentro de Atenci\u00f3n Psicopedag\u00f3gica de Educaci\u00f3n Preescolar Leopoldo Kiel\u201d (CAPEP), destac\u00f3 que el CAPEP de Tuxpan ser\u00e1 el primero en el estado en contar con escrituras, por lo que dio las gracias al gobierno municipal y al alcalde Jos\u00e9 Manuel Pozos Castro:<\/span><\/p>\n<p><span style=\"font-size: 14pt;\">\u201cSabemos de su empe\u00f1o por darle prioridad a la educaci\u00f3n, es por ello que agradecemos el respaldo que nos ha brindado para la adquisici\u00f3n de nuestras escrituras, que son requisito indispensable para gestionar apoyos e ingresar a programas para la mejora de instituciones educativas\u201d.<\/span><\/p>\n","protected":false},"excerpt":{"rendered":"<p>Tuxpan, Ver., 29 noviembre 2023.- Como parte del programa \u201cEscuela Garantizada, Escritura Garante\u201d, el Lic. Jos\u00e9 Manuel Pozos Castro y<\/p>\n","protected":false},"author":4,"featured_media":21155,"comment_status":"closed","ping_status":"closed","sticky":false,"template":"","format":"standard","meta":{"colormag_page_container_layout":"default_layout","colormag_page_sidebar_layout":"default_layout","_jetpack_memberships_contains_paid_content":false,"footnotes":"","jetpack_publicize_message":"","jetpack_publicize_feature_enabled":true,"jetpack_social_post_already_shared":true,"jetpack_social_options":{"image_generator_settings":{"template":"highway","default_image_id":0,"font":"","enabled":false},"version":2}},"categories":[356],"tags":[],"class_list":["post-21154","post","type-post","status-publish","format-standard","has-post-thumbnail","hentry","category-veracruz"],"jetpack_publicize_connections":[],"jetpack_featured_media_url":"https:\/\/noticiasveracruz.com\/wp-content\/uploads\/2023\/11\/WhatsApp-Image-2023-11-29-at-17.04.41.jpeg","jetpack_sharing_enabled":true,"publishpress_future_action":{"enabled":false,"date":"2026-05-05 18:52:21","action":"change-status","newStatus":"draft","terms":[],"taxonomy":"category","extraData":[]},"publishpress_future_workflow_manual_trigger":{"enabledWorkflows":[]},"_links":{"self":[{"href":"https:\/\/noticiasveracruz.com\/index.php\/wp-json\/wp\/v2\/posts\/21154","targetHints":{"allow":["GET"]}}],"collection":[{"href":"https:\/\/noticiasveracruz.com\/index.php\/wp-json\/wp\/v2\/posts"}],"about":[{"href":"https:\/\/noticiasveracruz.com\/index.php\/wp-json\/wp\/v2\/types\/post"}],"author":[{"embeddable":true,"href":"https:\/\/noticiasveracruz.com\/index.php\/wp-json\/wp\/v2\/users\/4"}],"replies":[{"embeddable":true,"href":"https:\/\/noticiasveracruz.com\/index.php\/wp-json\/wp\/v2\/comments?post=21154"}],"version-history":[{"count":0,"href":"https:\/\/noticiasveracruz.com\/index.php\/wp-json\/wp\/v2\/posts\/21154\/revisions"}],"wp:featuredmedia":[{"embeddable":true,"href":"https:\/\/noticiasveracruz.com\/index.php\/wp-json\/wp\/v2\/media\/21155"}],"wp:attachment":[{"href":"https:\/\/noticiasveracruz.com\/index.php\/wp-json\/wp\/v2\/media?parent=21154"}],"wp:term":[{"taxonomy":"category","embeddable":true,"href":"https:\/\/noticiasveracruz.com\/index.php\/wp-json\/wp\/v2\/categories?post=21154"},{"taxonomy":"post_tag","embeddable":true,"href":"https:\/\/noticiasveracruz.com\/index.php\/wp-json\/wp\/v2\/tags?post=21154"}],"curies":[{"name":"wp","href":"https:\/\/api.w.org\/{rel}","templated":true}]}}