{"id":21150,"date":"2023-11-29T18:50:23","date_gmt":"2023-11-30T00:50:23","guid":{"rendered":"https:\/\/noticiasveracruz.com\/?p=21150"},"modified":"2023-11-29T18:50:23","modified_gmt":"2023-11-30T00:50:23","slug":"reciclados-como-la-basura","status":"publish","type":"post","link":"https:\/\/noticiasveracruz.com\/index.php\/2023\/11\/29\/reciclados-como-la-basura\/","title":{"rendered":"Reciclados, como la basura"},"content":{"rendered":"<p><span style=\"font-size: 14pt;\">Cuando el gobernador Cuitl\u00e1huac Garc\u00eda afirma que en el pasado no tan lejano se llevaban a cabo elecciones de Estado de Veracruz, no le falta raz\u00f3n.<\/span><\/p>\n<p><span style=\"font-size: 14pt;\">En la tradici\u00f3n del viejo r\u00e9gimen, pr\u00e1cticamente no hab\u00eda diferencia alguna entre el gobierno y el partido oficial. Eran uno mismo. As\u00ed que los recursos p\u00fablicos de las diferentes administraciones se trasladaban de manera cuasi natural a los candidatos, las estructuras partidistas y los operadores electorales para que, invariablemente, ganaran los abanderados del r\u00e9gimen en turno. Eso es lo que caracteriza a una elecci\u00f3n de Estado.<\/span><\/p>\n<p><span style=\"font-size: 14pt;\">Adem\u00e1s, conforme a una muy mexicana costumbre, el titular del Ejecutivo \u2013el presidente, el gobernador- buscaba designar a su sucesor. Y si bien no siempre consegu\u00eda dejar a su favorito, siempre tomaba la decisi\u00f3n de favorecer a quien hubiese sido el \u2013porque en ese tiempo no hab\u00eda espacio para ellas- beneficiado por la circunstancia.<\/span><\/p>\n<p><span style=\"font-size: 14pt;\">El presidente de la Rep\u00fablica era el gran elector por excelencia de las \u00e9pocas del PRI hegem\u00f3nico. Adem\u00e1s de determinar a su sucesor, usaba sus facultades \u201cmetaconstitucionales\u201d para \u201cpalomear\u201d o decidir directamente sobre qui\u00e9nes ir\u00edan a las gubernaturas e incluso a las alcald\u00edas m\u00e1s importantes. Era un sistema monol\u00edtico, centralizado y, claramente, nada democr\u00e1tico. Pero eficaz para mantener un f\u00e9rreo control.<\/span><\/p>\n<p><span style=\"font-size: 14pt;\">Tras la alternancia en la Presidencia de la Rep\u00fablica a partir del a\u00f1o 2000, los gobernadores en funciones pasaron a ejercer la prerrogativa sucesoria en sus entidades. Y no solo los priistas. Panistas y perredistas tambi\u00e9n le agarraron el gusto al poder ilimitado.<\/span><\/p>\n<p><span style=\"font-size: 14pt;\">As\u00ed, Fidel Herrera Beltr\u00e1n decidi\u00f3 \u201cheredar\u201d la gubernatura al infame soci\u00f3pata Javier Duarte de Ochoa e hizo de todo, legal y sobre todo ilegal \u2013se lo permit\u00eda estar en \u201cla plenitud del pinche poder\u201d, como \u00e9l mismo lo llam\u00f3- para imponer a su \u201cdelf\u00edn\u201d. Antes, y aun contra sus deseos, Miguel Alem\u00e1n Velasco us\u00f3 todo el aparato del Estado para imponer a Herrera.<\/span><\/p>\n<p><span style=\"font-size: 14pt;\">Javier Duarte no pudo dejar sucesor. Pero no porque no lo intentara. Las circunstancias pol\u00edticas le impidieron escoger al candidato del PRI \u2013quer\u00eda imponer un plum\u00edfero que hoy le canta loas a la \u201c4t\u201d-, termin\u00f3 peleado con el abanderado de su partido, apoy\u00f3 \u201cen lo oscurito\u201d a los que hoy se dicen impolutos y \u201ctransformadores\u201d, y acab\u00f3 arrollado por el descontento hacia su administraci\u00f3n, la m\u00e1s corrupta de la historia. Por lo menos hasta ese momento.<\/span><\/p>\n<p><span style=\"font-size: 14pt;\">El neopanista formado en el PRI, Miguel \u00c1ngel Yunes Linares, no fue diferente. Durante su bienio puso toda la estructura y los recursos del gobierno de Veracruz a disposici\u00f3n de su hijo Miguel \u00c1ngel Yunes M\u00e1rquez, a quien intent\u00f3, literalmente, heredarle la gubernatura cual si fuese un \u201cderecho de sangre\u201d. Solo se lo impidi\u00f3 el \u201cefecto AMLO\u201d en la elecci\u00f3n de ese a\u00f1o.<\/span><\/p>\n<p><span style=\"font-size: 14pt;\">Fueron todas \u00e9sas unas elecciones de Estado, ni duda cabe. Justo como la que se organiza actualmente a nivel federal y estatal. Todos los recursos p\u00fablicos \u2013humanos, financieros y en especie- est\u00e1n puestos al servicio de las candidaturas de Morena. Y a diferencia de c\u00f3mo lo hac\u00edan en el pasado, hoy lo hacen en abierto, con singular descaro, sin pudor y, al igual que sus antecesores, violando la ley flagrantemente.<\/span><\/p>\n<p><span style=\"font-size: 14pt;\">Mientras en Palacio Nacional el presidente L\u00f3pez Obrador se re\u00fane con Claudia Sheinbaum, en Veracruz Cuitl\u00e1huac Garc\u00eda hace lo propio con Roc\u00edo Nahle en Casa Veracruz y movilizan a cientos, si no es que miles de bur\u00f3cratas, para llenarle eventos proselitistas, repartir propaganda e intentar adoctrinar a la ciudadan\u00eda para que vote por Morena.<\/span><\/p>\n<p><span style=\"font-size: 14pt;\">Como los priistas en su momento, los morenistas \u2013llenos de priistas que hoy ya se \u201cpurificaron\u201d por obra y gracia de la \u201ctransformaci\u00f3n\u201d- condicionan los programas sociales, coaccionan el voto y abusan del poder. Nada hay de lo que puedan vanagloriarse ni diferenciarse de lo que se\u00f1alan del \u201cpasado\u201d.<\/span><\/p>\n<p><span style=\"font-size: 14pt;\">Son id\u00e9nticos. Y en buena medida, muchos de ellos son los mismos. Solo est\u00e1n \u201creciclados\u201d. Como la basura.<\/span><\/p>\n<p><img loading=\"lazy\" decoding=\"async\" class=\"alignnone wp-image-20959 size-full\" src=\"http:\/\/noticiasveracruz.com\/wp-content\/uploads\/2023\/11\/FIRMA-EDITORIAL-PD-3.jpg\" alt=\"\" width=\"1024\" height=\"125\" srcset=\"https:\/\/noticiasveracruz.com\/wp-content\/uploads\/2023\/11\/FIRMA-EDITORIAL-PD-3.jpg 1024w, https:\/\/noticiasveracruz.com\/wp-content\/uploads\/2023\/11\/FIRMA-EDITORIAL-PD-3-300x37.jpg 300w, https:\/\/noticiasveracruz.com\/wp-content\/uploads\/2023\/11\/FIRMA-EDITORIAL-PD-3-768x94.jpg 768w\" sizes=\"auto, (max-width: 1024px) 100vw, 1024px\" \/><\/p>\n","protected":false},"excerpt":{"rendered":"<p>Cuando el gobernador Cuitl\u00e1huac Garc\u00eda afirma que en el pasado no tan lejano se llevaban a cabo elecciones de Estado<\/p>\n","protected":false},"author":4,"featured_media":3578,"comment_status":"closed","ping_status":"closed","sticky":false,"template":"","format":"standard","meta":{"colormag_page_container_layout":"default_layout","colormag_page_sidebar_layout":"default_layout","_jetpack_memberships_contains_paid_content":false,"footnotes":"","jetpack_publicize_message":"","jetpack_publicize_feature_enabled":true,"jetpack_social_post_already_shared":true,"jetpack_social_options":{"image_generator_settings":{"template":"highway","default_image_id":0,"font":"","enabled":false},"version":2}},"categories":[6],"tags":[],"class_list":["post-21150","post","type-post","status-publish","format-standard","has-post-thumbnail","hentry","category-columnistas"],"jetpack_publicize_connections":[],"jetpack_featured_media_url":"https:\/\/noticiasveracruz.com\/wp-content\/uploads\/2022\/04\/P-AURELIO-CONTRERAS.png","jetpack_sharing_enabled":true,"publishpress_future_action":{"enabled":false,"date":"2026-05-05 18:30:26","action":"change-status","newStatus":"draft","terms":[],"taxonomy":"category","extraData":[]},"publishpress_future_workflow_manual_trigger":{"enabledWorkflows":[]},"_links":{"self":[{"href":"https:\/\/noticiasveracruz.com\/index.php\/wp-json\/wp\/v2\/posts\/21150","targetHints":{"allow":["GET"]}}],"collection":[{"href":"https:\/\/noticiasveracruz.com\/index.php\/wp-json\/wp\/v2\/posts"}],"about":[{"href":"https:\/\/noticiasveracruz.com\/index.php\/wp-json\/wp\/v2\/types\/post"}],"author":[{"embeddable":true,"href":"https:\/\/noticiasveracruz.com\/index.php\/wp-json\/wp\/v2\/users\/4"}],"replies":[{"embeddable":true,"href":"https:\/\/noticiasveracruz.com\/index.php\/wp-json\/wp\/v2\/comments?post=21150"}],"version-history":[{"count":0,"href":"https:\/\/noticiasveracruz.com\/index.php\/wp-json\/wp\/v2\/posts\/21150\/revisions"}],"wp:featuredmedia":[{"embeddable":true,"href":"https:\/\/noticiasveracruz.com\/index.php\/wp-json\/wp\/v2\/media\/3578"}],"wp:attachment":[{"href":"https:\/\/noticiasveracruz.com\/index.php\/wp-json\/wp\/v2\/media?parent=21150"}],"wp:term":[{"taxonomy":"category","embeddable":true,"href":"https:\/\/noticiasveracruz.com\/index.php\/wp-json\/wp\/v2\/categories?post=21150"},{"taxonomy":"post_tag","embeddable":true,"href":"https:\/\/noticiasveracruz.com\/index.php\/wp-json\/wp\/v2\/tags?post=21150"}],"curies":[{"name":"wp","href":"https:\/\/api.w.org\/{rel}","templated":true}]}}