{"id":21132,"date":"2023-11-29T12:21:14","date_gmt":"2023-11-29T18:21:14","guid":{"rendered":"https:\/\/noticiasveracruz.com\/?p=21132"},"modified":"2023-11-29T12:21:14","modified_gmt":"2023-11-29T18:21:14","slug":"crecimiento-mundial-se-ralentizara-pero-evitara-aterrizaje-brusco-ocde","status":"publish","type":"post","link":"https:\/\/noticiasveracruz.com\/index.php\/2023\/11\/29\/crecimiento-mundial-se-ralentizara-pero-evitara-aterrizaje-brusco-ocde\/","title":{"rendered":"Crecimiento mundial se ralentizar\u00e1, pero evitar\u00e1 aterrizaje brusco: OCDE"},"content":{"rendered":"<p><span style=\"font-size: 14pt;\">La econom\u00eda mundial se desacelerar\u00e1 levemente el pr\u00f3ximo a\u00f1o, pero el riesgo de un aterrizaje brusco ha disminuido pese a los altos niveles de deuda y la incertidumbre sobre las tasas de inter\u00e9s, dijo este mi\u00e9rcoles la Organizaci\u00f3n para la Cooperaci\u00f3n y el Desarrollo Econ\u00f3mico (OCDE).<\/span><\/p>\n<p><span style=\"font-size: 14pt;\">El crecimiento mundial se moderar\u00e1 de 2.9 por ciento este a\u00f1o a 2.7 en 2024, antes de repuntar en 2025 hasta 3 por ciento, seg\u00fan el \u00faltimo informe de Perspectivas Econ\u00f3micas del foro con sede en Par\u00eds.<\/span><\/p>\n<p><span style=\"font-size: 14pt;\">El crecimiento de las econom\u00edas avanzadas, que componen los 38 miembros de la OCDE, se encamina hacia un aterrizaje suave, con Estados Unidos resistiendo mejor de lo esperado hasta ahora.<\/span><\/p>\n<p><img loading=\"lazy\" decoding=\"async\" class=\"alignnone size-medium wp-image-21133\" src=\"http:\/\/noticiasveracruz.com\/wp-content\/uploads\/2023\/11\/Cormann-990x557-1-300x169.png\" alt=\"\" width=\"300\" height=\"169\" srcset=\"https:\/\/noticiasveracruz.com\/wp-content\/uploads\/2023\/11\/Cormann-990x557-1-300x169.png 300w, https:\/\/noticiasveracruz.com\/wp-content\/uploads\/2023\/11\/Cormann-990x557-1-768x432.png 768w, https:\/\/noticiasveracruz.com\/wp-content\/uploads\/2023\/11\/Cormann-990x557-1.png 990w\" sizes=\"auto, (max-width: 300px) 100vw, 300px\" \/><\/p>\n<p><span style=\"font-size: 14pt;\">La OCDE pronostic\u00f3 que el crecimiento de Estados Unidos se desacelerar\u00e1 de 2.4 por ciento este a\u00f1o a 1.5 el pr\u00f3ximo, revisando al alza sus estimaciones de septiembre, cuando predijo un crecimiento de 2.2 por ciento en 2023 y de 1.3 en 2024.<\/span><\/p>\n<p><span style=\"font-size: 14pt;\">Aunque el riesgo de un aterrizaje brusco en Estados Unidos y otros pa\u00edses ha disminuido, la OCDE afirma que el riesgo de recesi\u00f3n no est\u00e1 descartado, dada la debilidad de los mercados inmobiliarios, los altos precios del petr\u00f3leo y la aton\u00eda del cr\u00e9dito.<\/span><\/p>\n<p><span style=\"font-size: 14pt;\">Tambi\u00e9n se espera que la econom\u00eda china se ralentice, ya que se enfrenta a una burbuja inmobiliaria que se est\u00e1 desinflando y los consumidores ahorran m\u00e1s ante la mayor incertidumbre sobre las perspectivas.<\/span><\/p>\n<p><span style=\"font-size: 14pt;\">Seg\u00fan las previsiones de la OCDE, su crecimiento disminuir\u00e1 de 5.2 por ciento este a\u00f1o a 4.7 en 2024, algo por encima de lo previsto en septiembre, antes de ralentizarse a\u00fan m\u00e1s en 2025, hasta 4.2 por ciento.<\/span><\/p>\n<p><span style=\"font-size: 14pt;\">En la zona euro, el crecimiento repuntar\u00e1 de 0.6 por ciento este a\u00f1o a 0.9 en 2024 y a 1.1 en 2025, ya que Alemania, la mayor econom\u00eda de la regi\u00f3n, ha salido de una recesi\u00f3n este a\u00f1o.<\/span><\/p>\n","protected":false},"excerpt":{"rendered":"<p>La econom\u00eda mundial se desacelerar\u00e1 levemente el pr\u00f3ximo a\u00f1o, pero el riesgo de un aterrizaje brusco ha disminuido pese a<\/p>\n","protected":false},"author":4,"featured_media":21134,"comment_status":"closed","ping_status":"closed","sticky":false,"template":"","format":"standard","meta":{"colormag_page_container_layout":"default_layout","colormag_page_sidebar_layout":"default_layout","_jetpack_memberships_contains_paid_content":false,"footnotes":"","jetpack_publicize_message":"","jetpack_publicize_feature_enabled":true,"jetpack_social_post_already_shared":true,"jetpack_social_options":{"image_generator_settings":{"template":"highway","default_image_id":0,"font":"","enabled":false},"version":2}},"categories":[1947],"tags":[],"class_list":["post-21132","post","type-post","status-publish","format-standard","has-post-thumbnail","hentry","category-economia"],"jetpack_publicize_connections":[],"jetpack_featured_media_url":"https:\/\/noticiasveracruz.com\/wp-content\/uploads\/2023\/11\/Economia-Mundial.jpg","jetpack_sharing_enabled":true,"publishpress_future_action":{"enabled":false,"date":"2026-05-08 10:56:22","action":"change-status","newStatus":"draft","terms":[],"taxonomy":"category","extraData":[]},"publishpress_future_workflow_manual_trigger":{"enabledWorkflows":[]},"_links":{"self":[{"href":"https:\/\/noticiasveracruz.com\/index.php\/wp-json\/wp\/v2\/posts\/21132","targetHints":{"allow":["GET"]}}],"collection":[{"href":"https:\/\/noticiasveracruz.com\/index.php\/wp-json\/wp\/v2\/posts"}],"about":[{"href":"https:\/\/noticiasveracruz.com\/index.php\/wp-json\/wp\/v2\/types\/post"}],"author":[{"embeddable":true,"href":"https:\/\/noticiasveracruz.com\/index.php\/wp-json\/wp\/v2\/users\/4"}],"replies":[{"embeddable":true,"href":"https:\/\/noticiasveracruz.com\/index.php\/wp-json\/wp\/v2\/comments?post=21132"}],"version-history":[{"count":0,"href":"https:\/\/noticiasveracruz.com\/index.php\/wp-json\/wp\/v2\/posts\/21132\/revisions"}],"wp:featuredmedia":[{"embeddable":true,"href":"https:\/\/noticiasveracruz.com\/index.php\/wp-json\/wp\/v2\/media\/21134"}],"wp:attachment":[{"href":"https:\/\/noticiasveracruz.com\/index.php\/wp-json\/wp\/v2\/media?parent=21132"}],"wp:term":[{"taxonomy":"category","embeddable":true,"href":"https:\/\/noticiasveracruz.com\/index.php\/wp-json\/wp\/v2\/categories?post=21132"},{"taxonomy":"post_tag","embeddable":true,"href":"https:\/\/noticiasveracruz.com\/index.php\/wp-json\/wp\/v2\/tags?post=21132"}],"curies":[{"name":"wp","href":"https:\/\/api.w.org\/{rel}","templated":true}]}}