{"id":21129,"date":"2023-11-29T12:13:31","date_gmt":"2023-11-29T18:13:31","guid":{"rendered":"https:\/\/noticiasveracruz.com\/?p=21129"},"modified":"2023-11-29T12:13:31","modified_gmt":"2023-11-29T18:13:31","slug":"lamenta-amlo-el-ataque-contra-cuatro-periodistas-en-chilpancingo","status":"publish","type":"post","link":"https:\/\/noticiasveracruz.com\/index.php\/2023\/11\/29\/lamenta-amlo-el-ataque-contra-cuatro-periodistas-en-chilpancingo\/","title":{"rendered":"Lamenta AMLO el ataque contra cuatro periodistas en Chilpancingo"},"content":{"rendered":"<p><span style=\"font-size: 14pt;\">El presidente Andr\u00e9s Manuel L\u00f3pez Obrador lament\u00f3 este mi\u00e9rcoles el ataque que sufrieron cuatro periodistas, que fueron baleados en Chilpancingo, Guerrero.<\/span><\/p>\n<p><span style=\"font-size: 14pt;\">Tres reporteros resultaron heridos de bala y uno sali\u00f3 ileso tras ser atacados ayer por sujetos armados cuando regresaban de cubrir el asesinato de un operador de transporte p\u00fablico en la calle Laurel, colonia Las Palmas.<\/span><\/p>\n<p><span style=\"font-size: 14pt;\">En su rueda de prensa diaria, el mandatario tambi\u00e9n mencion\u00f3 que fueron rescatados seis periodistas que hab\u00edan sido secuestrados en Taxco, Guerrero, y mencion\u00f3 que pr\u00f3ximamente ahondar\u00e1 sobre el tema.<\/span><\/p>\n","protected":false},"excerpt":{"rendered":"<p>El presidente Andr\u00e9s Manuel L\u00f3pez Obrador lament\u00f3 este mi\u00e9rcoles el ataque que sufrieron cuatro periodistas, que fueron baleados en Chilpancingo,<\/p>\n","protected":false},"author":4,"featured_media":21130,"comment_status":"closed","ping_status":"closed","sticky":false,"template":"","format":"standard","meta":{"colormag_page_container_layout":"default_layout","colormag_page_sidebar_layout":"default_layout","_jetpack_memberships_contains_paid_content":false,"footnotes":"","jetpack_publicize_message":"","jetpack_publicize_feature_enabled":true,"jetpack_social_post_already_shared":true,"jetpack_social_options":{"image_generator_settings":{"template":"highway","default_image_id":0,"font":"","enabled":false},"version":2}},"categories":[145],"tags":[],"class_list":["post-21129","post","type-post","status-publish","format-standard","has-post-thumbnail","hentry","category-estados"],"jetpack_publicize_connections":[],"jetpack_featured_media_url":"https:\/\/noticiasveracruz.com\/wp-content\/uploads\/2023\/11\/3040906.jpg","jetpack_sharing_enabled":true,"publishpress_future_action":{"enabled":false,"date":"2026-05-06 14:37:04","action":"change-status","newStatus":"draft","terms":[],"taxonomy":"category","extraData":[]},"publishpress_future_workflow_manual_trigger":{"enabledWorkflows":[]},"_links":{"self":[{"href":"https:\/\/noticiasveracruz.com\/index.php\/wp-json\/wp\/v2\/posts\/21129","targetHints":{"allow":["GET"]}}],"collection":[{"href":"https:\/\/noticiasveracruz.com\/index.php\/wp-json\/wp\/v2\/posts"}],"about":[{"href":"https:\/\/noticiasveracruz.com\/index.php\/wp-json\/wp\/v2\/types\/post"}],"author":[{"embeddable":true,"href":"https:\/\/noticiasveracruz.com\/index.php\/wp-json\/wp\/v2\/users\/4"}],"replies":[{"embeddable":true,"href":"https:\/\/noticiasveracruz.com\/index.php\/wp-json\/wp\/v2\/comments?post=21129"}],"version-history":[{"count":0,"href":"https:\/\/noticiasveracruz.com\/index.php\/wp-json\/wp\/v2\/posts\/21129\/revisions"}],"wp:featuredmedia":[{"embeddable":true,"href":"https:\/\/noticiasveracruz.com\/index.php\/wp-json\/wp\/v2\/media\/21130"}],"wp:attachment":[{"href":"https:\/\/noticiasveracruz.com\/index.php\/wp-json\/wp\/v2\/media?parent=21129"}],"wp:term":[{"taxonomy":"category","embeddable":true,"href":"https:\/\/noticiasveracruz.com\/index.php\/wp-json\/wp\/v2\/categories?post=21129"},{"taxonomy":"post_tag","embeddable":true,"href":"https:\/\/noticiasveracruz.com\/index.php\/wp-json\/wp\/v2\/tags?post=21129"}],"curies":[{"name":"wp","href":"https:\/\/api.w.org\/{rel}","templated":true}]}}